{"id":1163608,"date":"2026-07-13T13:27:21","date_gmt":"2026-07-13T13:27:21","guid":{"rendered":"https:\/\/www.europesays.com\/de\/1163608\/"},"modified":"2026-07-13T13:27:21","modified_gmt":"2026-07-13T13:27:21","slug":"nach-schuessen-in-hannover-23-jaehriger-verdaechtiger-stellt-sich","status":"publish","type":"post","link":"https:\/\/www.europesays.com\/de\/1163608\/","title":{"rendered":"Nach Sch\u00fcssen in Hannover: 23-j\u00e4hriger Verd\u00e4chtiger stellt sich"},"content":{"rendered":"<p>        <img decoding=\"async\" src=\"https:\/\/www.europesays.com\/de\/wp-content\/uploads\/2026\/05\/polizei7174.webp\" alt=\"Blaulicht an Polizeifahrzeug. \" title=\"Blaulicht an Polizeifahrzeug.  | NDR, Julius Matuschik\" class=\"responsive\"\/><\/p>\n<p>\n                Stand: 13.07.2026 15:14 Uhr<\/p>\n<p class=\"preface\">Nach Sch\u00fcssen in Hannover hat sich der mutma\u00dfliche Sch\u00fctze am Montag der Polizei gestellt. Er soll Anfang Juli im Stadtteil Gro\u00df Buchholz einen 25-J\u00e4hrigen schwer verletzt haben.<\/p>\n<p class=\"\">Die Polizei hatte am vergangenen Freitag Fotos des 23-j\u00e4hrigen Verd\u00e4chtigen ver\u00f6ffentlicht und die Bev\u00f6lkerung vor dem Mann gewarnt. Die Beamten gingen einer Mitteilung zufolge &#8222;von einem hohem Aggressionspotenzial&#8220; aus &#8211; wegen &#8222;der zur\u00fcckliegenden Tat sowie der M\u00f6glichkeit, dass der Gesuchte eine Schusswaffe bei sich tr\u00e4gt&#8220;, hie\u00df es. Inzwischen befindet sich der 23-J\u00e4hrige der Polizei zufolge in Untersuchungshaft. Ihm wird den Angaben nach vorgeworfen, in der Nacht zum 4. Juli auf ein mit mehreren Personen <a href=\"https:\/\/www.ndr.de\/nachrichten\/niedersachsen\/hannover_weser-leinegebiet\/schuesse-in-hannover-gross-buchholz-polizei-sucht-fluechtigen-taeter,buchholz-188.html\" title=\"Sch\u00fcsse in Hannover - Polizei sucht weiterhin fl\u00fcchtige T\u00e4ter\" rel=\"nofollow noopener\" target=\"_blank\">besetztes Auto geschossen<\/a> und dabei einen 25-J\u00e4hrigen schwer am Arm verletzt zu haben. Laut Polizei wird nach R\u00fccksprache mit der Staatsanwaltschaft Hannover wegen versuchten Totschlags ermittelt. Die Hintergr\u00fcnde der Tat sind noch unklar.<\/p>\n<p>    Mitfahrer fuhr den Verletzten ins Krankenhaus<\/p>\n<p class=\"\">Der 25-J\u00e4hrige war der Polizei zufolge in der besagten Nacht mit drei weiteren Personen mit seinem Auto auf der Silberstra\u00dfe\/Ecke Kapellenbrink unterwegs. Dort sei aus einem entgegenkommenden Auto heraus sowie anschlie\u00dfend von au\u00dferhalb des Wagens mehrfach auf ihn geschossen worden. Einer der Mitfahrer des 25-J\u00e4hrigen habe einen Notruf abgesetzt und den Verletzten in ein Krankenhaus gefahren.<\/p>\n<p>    Zivilpolizisten nahmen direkt Verfolgung auf<\/p>\n<p class=\"\">In der N\u00e4he waren laut Polizei zuf\u00e4llig Zivilpolizisten unterwegs. Als sie die Sch\u00fcsse h\u00f6rten, h\u00e4tten sie die Verfolgung aufgenommen. Zwar zun\u00e4chst ohne Erfolg, aber anhand des Autokennzeichens konnte die Polizei den Verd\u00e4chtigen ermitteln, wie ein Sprecher dem NDR Niedersachsen sagte. Daraufhin sei dessen Wohnung in Gro\u00df Buchholz durchsucht worden. Der 23-J\u00e4hrige habe sich zu diesem Zeitpunkt jedoch nicht dort aufgehalten.<\/p>\n<p>                News aus deiner Region &#8211; jetzt auch direkt per WhatsApp<\/p>\n<p>In unseren f\u00fcnf neuen regionalen WhatsApp-Kan\u00e4len versorgen wir dich ab sofort wochent\u00e4glich mit den wichtigsten Nachrichten, Themen und Geschichten aus deiner Heimat. <\/p>\n<p>\u00dcber diese Links kommst du direkt zu den Kan\u00e4len:<\/p>\n<p><a href=\"https:\/\/www.ndr.de\/nachrichten\/niedersachsen\/ndr-niedersachsen-auf-whatsapp-abonniere-die-news-aus-deiner-region,whatsappniedersachsen-100.html\" title=\"NDR Niedersachsen auf WhatsApp: Abonniere die News aus deiner Region\" rel=\"nofollow noopener\" target=\"_blank\">Abonniere News aus deiner Region<\/a> und aktiviere die Glocke, damit du nichts verpasst.<\/p>\n<p>        <img decoding=\"async\" src=\"https:\/\/www.europesays.com\/de\/wp-content\/uploads\/2026\/03\/1774629135_669_wunstorf-106.webp.webp\" alt=\"Ein Polizeiauto ist in der Dunkelheit mit Blaulicht im Einsatz.\" title=\"Ein Polizeiauto ist in der Dunkelheit mit Blaulicht im Einsatz. | Julius Matuschik\" class=\"responsive\" loading=\"lazy\"\/><\/p>\n<p>Die Beamten ermitteln wegen versuchten Totschlags. Ein Autofahrer wurde in Gro\u00df Buchholz angeschossen und schwer verletzt.<\/p>\n<p>        Schlagw\u00f6rter zu diesem Artikel<\/p>\n<p>            <a href=\"https:\/\/www.ndr.de\/nachrichten\/niedersachsen\/hannover_weser-leinegebiet\/Hannover-Aktuelle-News-und-Nachrichten,hannover18518.html\" rel=\"nofollow noopener\" target=\"_blank\">Hannover<\/a><\/p>\n","protected":false},"excerpt":{"rendered":"Stand: 13.07.2026 15:14 Uhr Nach Sch\u00fcssen in Hannover hat sich der mutma\u00dfliche Sch\u00fctze am Montag der Polizei gestellt.&hellip;\n","protected":false},"author":2,"featured_media":1014348,"comment_status":"","ping_status":"","sticky":false,"template":"","format":"standard","meta":{"footnotes":"","_share_on_mastodon":"0"},"categories":[1836],"tags":[101391,3364,29,7142,514,30,4079,46,1411,121,2688,19169,4853],"class_list":["post-1163608","post","type-post","status-publish","format-standard","has-post-thumbnail","category-hannover","tag-23-jaehriger","tag-de","tag-deutschland","tag-fahndung","tag-fahrzeug","tag-germany","tag-gross-buchholz","tag-hannover","tag-niedersachsen","tag-polizei","tag-schuesse","tag-tatverdaechtiger","tag-untersuchungshaft"],"share_on_mastodon":{"url":"https:\/\/pubeurope.com\/@de\/116912906264520148","error":""},"_links":{"self":[{"href":"https:\/\/www.europesays.com\/de\/wp-json\/wp\/v2\/posts\/1163608","targetHints":{"allow":["GET"]}}],"collection":[{"href":"https:\/\/www.europesays.com\/de\/wp-json\/wp\/v2\/posts"}],"about":[{"href":"https:\/\/www.europesays.com\/de\/wp-json\/wp\/v2\/types\/post"}],"author":[{"embeddable":true,"href":"https:\/\/www.europesays.com\/de\/wp-json\/wp\/v2\/users\/2"}],"replies":[{"embeddable":true,"href":"https:\/\/www.europesays.com\/de\/wp-json\/wp\/v2\/comments?post=1163608"}],"version-history":[{"count":0,"href":"https:\/\/www.europesays.com\/de\/wp-json\/wp\/v2\/posts\/1163608\/revisions"}],"wp:featuredmedia":[{"embeddable":true,"href":"https:\/\/www.europesays.com\/de\/wp-json\/wp\/v2\/media\/1014348"}],"wp:attachment":[{"href":"https:\/\/www.europesays.com\/de\/wp-json\/wp\/v2\/media?parent=1163608"}],"wp:term":[{"taxonomy":"category","embeddable":true,"href":"https:\/\/www.europesays.com\/de\/wp-json\/wp\/v2\/categories?post=1163608"},{"taxonomy":"post_tag","embeddable":true,"href":"https:\/\/www.europesays.com\/de\/wp-json\/wp\/v2\/tags?post=1163608"}],"curies":[{"name":"wp","href":"https:\/\/api.w.org\/{rel}","templated":true}]}}