{"id":1163620,"date":"2026-07-13T13:36:19","date_gmt":"2026-07-13T13:36:19","guid":{"rendered":"https:\/\/www.europesays.com\/de\/1163620\/"},"modified":"2026-07-13T13:36:19","modified_gmt":"2026-07-13T13:36:19","slug":"der-transfer-von-karim-adeyemi-ist-ein-schlag-ins-gesicht-fuer-ein-barca-talent","status":"publish","type":"post","link":"https:\/\/www.europesays.com\/de\/1163620\/","title":{"rendered":"Der Transfer von Karim Adeyemi ist ein Schlag ins Gesicht f\u00fcr ein Barca-Talent"},"content":{"rendered":"<p>Karim Adeyemi steht kurz vor einem Wechsel vom BVB zum FC Barcelona nach Spanien. Was bedeutet der anstehende Transfer f\u00fcr die drei Parteien?<\/p>\n<p>Die nahende Verpflichtung von Karim Adeyemi durch den amtierenden Meister der Primera Division kommt durchaus \u00fcberraschend. 22 Millionen Euro erhalten die Dortmunder laut \u00fcbereinstimmender Medienberichte f\u00fcr ihn. Dazu gesellen sich leicht erreichbare Boni von bis zu neun Millionen sowie eine Weiterverkaufsbeteiligung von 35 Prozent. <a href=\"https:\/\/www.spox.com\/fussball\/listen\/transferhammer-auf-der-zielgeraden-bvb-stellt-karim-adeyemi-wegen-gespraechen-mit-anderem-verein-frei\/blt5bcd93598cd91da2\" target=\"_blank\" rel=\"nofollow noopener\">Am Sonntag best\u00e4tigte die Borussia<\/a>, dass Adeyemi wegen &#8222;Gespr\u00e4chen mit einem anderen Verein&#8220; freigestellt sei. Und auch Blaugrana-Klubchef Joan Laporta erkl\u00e4rte: &#8222;Wir freuen uns sehr \u00fcber Adeyemi. Wir haben ihn schon l\u00e4nger im Blick. Er ist gef\u00e4hrlich und schnell, und Deco hat die Verpflichtung hervorragend abgewickelt. Die Nachricht kam genau zum richtigen Zeitpunkt.&#8220;<\/p>\n<p>Hat sich der Adeyemi richtig entschieden? Schafft es Barca-Trainer Hansi Flick, das Potenzial des 24-J\u00e4hrigen konstanter zum Vorschein zu bringen? Und wie ist der Transfer aus Sicht des BVB zu bewerten? <strong>SPOX <\/strong>liefert die Antworten.<\/p>\n<p><img loading=\"lazy\" decoding=\"async\" src=\"https:\/\/www.europesays.com\/de\/wp-content\/uploads\/2026\/07\/a4afc14015be4d358a4ef9070d6d2c22.gif\" alt=\"\" style=\"width:1;height:1\" width=\"1\" height=\"1\"\/><\/p>\n","protected":false},"excerpt":{"rendered":"Karim Adeyemi steht kurz vor einem Wechsel vom BVB zum FC Barcelona nach Spanien. Was bedeutet der anstehende&hellip;\n","protected":false},"author":2,"featured_media":800106,"comment_status":"","ping_status":"","sticky":false,"template":"","format":"standard","meta":{"footnotes":"","_share_on_mastodon":"0"},"categories":[1833],"tags":[4915,888,3364,29,217,8834,2033,347,30,21818,78298,348,19172,1209,4604],"class_list":["post-1163620","post","type-post","status-publish","format-standard","has-post-thumbnail","category-dortmund","tag-barcelona","tag-borussia-dortmund","tag-de","tag-deutschland","tag-dortmund","tag-fc-barcelona","tag-features","tag-fussball","tag-germany","tag-h-flick","tag-k-adeyemi","tag-la-liga","tag-laliga","tag-nordrhein-westfalen","tag-soccer"],"share_on_mastodon":{"url":"https:\/\/pubeurope.com\/@de\/116912941305029859","error":""},"_links":{"self":[{"href":"https:\/\/www.europesays.com\/de\/wp-json\/wp\/v2\/posts\/1163620","targetHints":{"allow":["GET"]}}],"collection":[{"href":"https:\/\/www.europesays.com\/de\/wp-json\/wp\/v2\/posts"}],"about":[{"href":"https:\/\/www.europesays.com\/de\/wp-json\/wp\/v2\/types\/post"}],"author":[{"embeddable":true,"href":"https:\/\/www.europesays.com\/de\/wp-json\/wp\/v2\/users\/2"}],"replies":[{"embeddable":true,"href":"https:\/\/www.europesays.com\/de\/wp-json\/wp\/v2\/comments?post=1163620"}],"version-history":[{"count":0,"href":"https:\/\/www.europesays.com\/de\/wp-json\/wp\/v2\/posts\/1163620\/revisions"}],"wp:featuredmedia":[{"embeddable":true,"href":"https:\/\/www.europesays.com\/de\/wp-json\/wp\/v2\/media\/800106"}],"wp:attachment":[{"href":"https:\/\/www.europesays.com\/de\/wp-json\/wp\/v2\/media?parent=1163620"}],"wp:term":[{"taxonomy":"category","embeddable":true,"href":"https:\/\/www.europesays.com\/de\/wp-json\/wp\/v2\/categories?post=1163620"},{"taxonomy":"post_tag","embeddable":true,"href":"https:\/\/www.europesays.com\/de\/wp-json\/wp\/v2\/tags?post=1163620"}],"curies":[{"name":"wp","href":"https:\/\/api.w.org\/{rel}","templated":true}]}}