{"id":1163709,"date":"2026-07-13T14:31:17","date_gmt":"2026-07-13T14:31:17","guid":{"rendered":"https:\/\/www.europesays.com\/de\/1163709\/"},"modified":"2026-07-13T14:31:17","modified_gmt":"2026-07-13T14:31:17","slug":"wuppertal-koeln-duesseldorf-wieder-grosse-probleme-beim-zugverkehr","status":"publish","type":"post","link":"https:\/\/www.europesays.com\/de\/1163709\/","title":{"rendered":"Wuppertal K\u00f6ln D\u00fcsseldorf: Wieder gro\u00dfe Probleme beim Zugverkehr"},"content":{"rendered":"<p class=\"richtext text-em-55 !leading-serif mx-6 desktop:mx-0\">Wegen einer maroden Br\u00fccke m\u00fcssen sich Reisende nach der gut f\u00fcnfmonatigen Generalsanierung der Bahnstrecke K\u00f6ln-Hagen weiter auf Zugausf\u00e4lle einstellen. Betroffen ist der Fernverkehr genauso wie der Regionalverkehr. Es gebe noch keine Prognose, wie schnell die Br\u00fccke repariert werden k\u00f6nne, sagte eine Bahnsprecherin.<\/p>\n<p class=\"richtext text-em-55 !leading-serif mx-6 desktop:mx-0\">Die stark befahrene Strecke ist bei Opladen bis auf Weiteres nur eingleisig befahrbar. Der Zugverkehr rollt deshalb nach der knapp 800 Millionen Euro teuren Generalsanierung nur teilweise wieder an.<\/p>\n<p>ICE von K\u00f6ln nach Berlin fallen aus      <\/p>\n<p class=\"richtext text-em-55 !leading-serif mx-6 desktop:mx-0\">Im Fernverkehr sind vor allem die <a href=\"https:\/\/rp-online.de\/thema\/ice\/\" rel=\"nofollow noopener\" target=\"_blank\">ICE<\/a> zwischen K\u00f6ln und Berlin betroffen. Laut Bahn fallen die Z\u00fcge auf dem Abschnitt komplett aus. Reisende in <a href=\"https:\/\/rp-online.de\/thema\/hagen\/\" rel=\"nofollow noopener\" target=\"_blank\">Hagen<\/a>, <a href=\"https:\/\/rp-online.de\/thema\/wuppertal\/\" rel=\"nofollow noopener\" target=\"_blank\">Wuppertal<\/a>, Solingen und K\u00f6ln kommen dadurch nicht wie geplant an ihr Ziel und m\u00fcssen auf andere Z\u00fcge ausweichen.<\/p>\n<p class=\"richtext text-em-55 !leading-serif mx-6 desktop:mx-0\">Auf den \u00fcbrigen ICE- und IC-Linien, die \u00fcber Wuppertal fahren, fallen die Z\u00fcge laut Bahn nicht aus. Allerdings m\u00fcssten Reisende mit deutlichen Versp\u00e4tungen rechnen.<\/p>\n<p>Regionalz\u00fcge fallen aus oder werden umgeleitet      <\/p>\n<p class=\"richtext text-em-55 !leading-serif mx-6 desktop:mx-0\">Im Regionalverkehr sind vor allem Reisende, die von Wuppertal in Richtung K\u00f6ln fahren wollen, mit Ausf\u00e4llen konfrontiert. In Gegenrichtung funktioniert die Fahrt mit der Bahn unkomplizierter: Z\u00fcge der Linie RE7 (Rhein-M\u00fcnsterland-Express) fahren von K\u00f6ln in Richtung Wuppertal ganz normal \u00fcber die Strecke.<\/p>\n<p class=\"richtext text-em-55 !leading-serif mx-6 desktop:mx-0\">In Gegenrichtung werden die Z\u00fcge von Wuppertal allerdings nach D\u00fcsseldorf umgeleitet und halten deshalb nicht in Solingen, Opladen, K\u00f6ln Messe\/Deutz, K\u00f6ln Hauptbahnhof und Dormagen. Wer von Wuppertal nach K\u00f6ln m\u00f6chte, muss also in D\u00fcsseldorf umsteigen &#8211; oder auf eine Regionalbahn ausweichen.<\/p>\n<p class=\"richtext text-em-55 !leading-serif mx-6 desktop:mx-0\">Allerdings f\u00e4hrt auch bei der RB48 (Rhein-Wupper-Bahn) wegen des Br\u00fcckenschadens nur jeder zweite Zug.<\/p>\n<p class=\"richtext text-em-55 !leading-serif mx-6 desktop:mx-0\">Reisende sollten ihre Verbindung in jedem Fall kurz vor der Abfahrt noch einmal in der digitalen Fahrplanauskunft \u00fcberpr\u00fcfen, schrieben die Bahnunternehmen auf der Internetseite zuginfo.nrw.<\/p>\n<p>Geschwindigkeitsbeschr\u00e4nkung wird aufgehoben      <\/p>\n<p class=\"richtext text-em-55 !leading-serif mx-6 desktop:mx-0\">Ein anderes Problem wurde laut Bahn hingegen gel\u00f6st: \u00dcber das Wochenende durften Z\u00fcge auf dem 65 Kilometer langen Abschnitt zwischen K\u00f6ln und Hagen h\u00f6chstens 70 Kilometer pro Stunde schnell fahren, weil der neue Schotter unter den Gleisen noch festgefahren werden musste. Diese Geschwindigkeitsbeschr\u00e4nkung sei am Montagmorgen aufgehoben worden, sagte eine Bahnsprecherin.<\/p>\n<p>Br\u00fcckenschaden fiel am letzten Tag der Generalsanierung auf      <\/p>\n<p class=\"richtext text-em-55 !leading-serif mx-6 desktop:mx-0\">Die Strecke von K\u00f6ln \u00fcber Wuppertal nach Hagen war seit Anfang Februar aufwendig modernisiert worden. Nach gut f\u00fcnf Monaten Sperrung sollten die Z\u00fcge am Freitagabend eigentlich wieder nach normalem Fahrplan rollen.<\/p>\n<p class=\"richtext text-em-55 !leading-serif mx-6 desktop:mx-0\">Doch ausgerechnet am letzten Tag der Generalsanierung fiel auf, dass eine Br\u00fccke marode ist. Es gebe einen Schaden an einem tragenden Bauteil der Br\u00fccke \u00fcber die <a href=\"https:\/\/rp-online.de\/thema\/wupper\/\" rel=\"nofollow noopener\" target=\"_blank\">Wupper<\/a>, teilte die Bahn mit. Aus Sicherheitsgr\u00fcnden sei deshalb eines der beiden Gleise gesperrt worden. Die betroffene Br\u00fccke wurde nach Angaben der Bahn bei der abgeschlossenen Korridorsanierung nicht erneuert, weil die bisherigen Inspektionen &#8211; zuletzt Ende 2025 &#8211; keine Sch\u00e4den gezeigt h\u00e4tten.<\/p>\n","protected":false},"excerpt":{"rendered":"Wegen einer maroden Br\u00fccke m\u00fcssen sich Reisende nach der gut f\u00fcnfmonatigen Generalsanierung der Bahnstrecke K\u00f6ln-Hagen weiter auf Zugausf\u00e4lle&hellip;\n","protected":false},"author":2,"featured_media":1163710,"comment_status":"","ping_status":"","sticky":false,"template":"","format":"standard","meta":{"footnotes":"","_share_on_mastodon":"0"},"categories":[1840],"tags":[1739,73607,178941,2226,157625,56767,600,35920,244028,3364,29,3405,12262,244029,11536,30,3601,1420,1209,5718,49429,56061,4936,23428,4418,17911,2869],"class_list":["post-1163709","post","type-post","status-publish","format-standard","has-post-thumbnail","category-wuppertal","tag-bahn","tag-bahnchaos","tag-bahnsprecherin","tag-bahnstrecke","tag-bahnunternehmen","tag-befahrene","tag-bruecke","tag-brueckenschaden","tag-brueckenschadens","tag-de","tag-deutschland","tag-duesseldorf","tag-faehren","tag-festgefahren","tag-generalsanierung","tag-germany","tag-hauptbahnhof","tag-koeln","tag-nordrhein-westfalen","tag-regionalbahn","tag-regionalzuege","tag-reisende","tag-schaden","tag-wupper","tag-wuppertal","tag-zuege","tag-zugverkehr"],"share_on_mastodon":{"url":"https:\/\/pubeurope.com\/@de\/116913156089031013","error":""},"_links":{"self":[{"href":"https:\/\/www.europesays.com\/de\/wp-json\/wp\/v2\/posts\/1163709","targetHints":{"allow":["GET"]}}],"collection":[{"href":"https:\/\/www.europesays.com\/de\/wp-json\/wp\/v2\/posts"}],"about":[{"href":"https:\/\/www.europesays.com\/de\/wp-json\/wp\/v2\/types\/post"}],"author":[{"embeddable":true,"href":"https:\/\/www.europesays.com\/de\/wp-json\/wp\/v2\/users\/2"}],"replies":[{"embeddable":true,"href":"https:\/\/www.europesays.com\/de\/wp-json\/wp\/v2\/comments?post=1163709"}],"version-history":[{"count":0,"href":"https:\/\/www.europesays.com\/de\/wp-json\/wp\/v2\/posts\/1163709\/revisions"}],"wp:featuredmedia":[{"embeddable":true,"href":"https:\/\/www.europesays.com\/de\/wp-json\/wp\/v2\/media\/1163710"}],"wp:attachment":[{"href":"https:\/\/www.europesays.com\/de\/wp-json\/wp\/v2\/media?parent=1163709"}],"wp:term":[{"taxonomy":"category","embeddable":true,"href":"https:\/\/www.europesays.com\/de\/wp-json\/wp\/v2\/categories?post=1163709"},{"taxonomy":"post_tag","embeddable":true,"href":"https:\/\/www.europesays.com\/de\/wp-json\/wp\/v2\/tags?post=1163709"}],"curies":[{"name":"wp","href":"https:\/\/api.w.org\/{rel}","templated":true}]}}