{"id":1163835,"date":"2026-07-13T15:39:15","date_gmt":"2026-07-13T15:39:15","guid":{"rendered":"https:\/\/www.europesays.com\/de\/1163835\/"},"modified":"2026-07-13T15:39:15","modified_gmt":"2026-07-13T15:39:15","slug":"moenchengladbach-randalierer-bespuckt-polizisten","status":"publish","type":"post","link":"https:\/\/www.europesays.com\/de\/1163835\/","title":{"rendered":"M\u00f6nchengladbach: Randalierer bespuckt Polizisten"},"content":{"rendered":"<p class=\"text_ohne_einzug richtext text-em-55 !leading-serif mx-6 desktop:mx-0\"> Ein 56-J\u00e4hriger hat am sp\u00e4ten Freitagabend, 10. Juli, an der Schleestra\u00dfe randaliert und dann Widerstand gegen Polizeibeamte geleistet. Dabei bespuckte er die Einsatzkr\u00e4fte, wie die <a href=\"https:\/\/rp-online.de\/thema\/polizei\/\" rel=\"nofollow noopener\" target=\"_blank\">Polizei<\/a> jetzt berichtet.<\/p>\n<p class=\"richtext text-em-55 !leading-serif mx-6 desktop:mx-0\">Demnach hatten Zeugen gegen 23\u2005Uhr per Notruf gemeldet, dass ein Mann unter anderem gegen geparkte Autos schlage. Die hinzugerufenen Einsatzkr\u00e4fte trafen an der Schleestra\u00dfe auf einen offensichtlich alkoholisierten 56-J\u00e4hrigen, der sich den Beamten gegen\u00fcber aggressiv verhalten habe. Um weitere Straftaten zu verhindern, nahmen die Polizisten den Mann in Gewahrsam. Dabei soll dieser aber erheblichen Widerstand geleistet haben. W\u00e4hrend der Fahrt zur Wache habe er versucht, die Beamten zu treten, danach habe er ihnen ins Gesicht gespuckt.<\/p>\n<p class=\"richtext text-em-55 !leading-serif mx-6 desktop:mx-0\">Der 56-J\u00e4hrige muss sich nun wegen Widerstands gegen Vollstreckungsbeamte verantworten. Er blieb \u00fcber Nacht in Gewahrsam und konnte dieses am Samstagmorgen verlassen.<\/p>\n<p class=\"richtext text-em-55 !leading-serif mx-6 desktop:mx-0\">Wie die Polizei berichtet, gab es am Wochenende gleich mehrere \u00e4hnliche F\u00e4lle, bei denen Menschen Widerstand leisteten. Demnach seien auch an der Wilhelm-Schiffer-Stra\u00dfe und der Brucknerallee in Rheydt sowie an der Oststra\u00dfe in Hardterbroich-Pesch Beamte beleidigt, angegriffen und zum Teil leicht verletzt worden.<\/p>\n<p class=\"richtext text-em-55 !leading-serif mx-6 desktop:mx-0\">Laut Polizeilicher Kriminalstatistik (PKS) sind f\u00fcr 2025 insgesamt 176 Widerstandsdelikte verzeichnet worden \u2013 und damit knapp 17\u2005Prozent weniger als im Vorjahr (208). In etwa jedem vierten Fall lag ein t\u00e4tlicher Angriff zugrunde, in knapp der H\u00e4lfte der F\u00e4lle waren die ermittelten Tatverd\u00e4chtigen alkoholisiert.<\/p>\n","protected":false},"excerpt":{"rendered":"Ein 56-J\u00e4hriger hat am sp\u00e4ten Freitagabend, 10. Juli, an der Schleestra\u00dfe randaliert und dann Widerstand gegen Polizeibeamte geleistet.&hellip;\n","protected":false},"author":2,"featured_media":1163836,"comment_status":"","ping_status":"","sticky":false,"template":"","format":"standard","meta":{"footnotes":"","_share_on_mastodon":"0"},"categories":[1849],"tags":[106687,3364,29,26158,548,663,3934,30,13,4455,14,15,1209,8813,12],"class_list":["post-1163835","post","type-post","status-publish","format-standard","has-post-thumbnail","category-moenchengladbach","tag-angegriffen","tag-de","tag-deutschland","tag-einsaetzen","tag-eu","tag-europa","tag-europe","tag-germany","tag-headlines","tag-moenchengladbach","tag-nachrichten","tag-news","tag-nordrhein-westfalen","tag-polizisten","tag-schlagzeilen"],"share_on_mastodon":{"url":"https:\/\/pubeurope.com\/@de\/116913423455379866","error":""},"_links":{"self":[{"href":"https:\/\/www.europesays.com\/de\/wp-json\/wp\/v2\/posts\/1163835","targetHints":{"allow":["GET"]}}],"collection":[{"href":"https:\/\/www.europesays.com\/de\/wp-json\/wp\/v2\/posts"}],"about":[{"href":"https:\/\/www.europesays.com\/de\/wp-json\/wp\/v2\/types\/post"}],"author":[{"embeddable":true,"href":"https:\/\/www.europesays.com\/de\/wp-json\/wp\/v2\/users\/2"}],"replies":[{"embeddable":true,"href":"https:\/\/www.europesays.com\/de\/wp-json\/wp\/v2\/comments?post=1163835"}],"version-history":[{"count":0,"href":"https:\/\/www.europesays.com\/de\/wp-json\/wp\/v2\/posts\/1163835\/revisions"}],"wp:featuredmedia":[{"embeddable":true,"href":"https:\/\/www.europesays.com\/de\/wp-json\/wp\/v2\/media\/1163836"}],"wp:attachment":[{"href":"https:\/\/www.europesays.com\/de\/wp-json\/wp\/v2\/media?parent=1163835"}],"wp:term":[{"taxonomy":"category","embeddable":true,"href":"https:\/\/www.europesays.com\/de\/wp-json\/wp\/v2\/categories?post=1163835"},{"taxonomy":"post_tag","embeddable":true,"href":"https:\/\/www.europesays.com\/de\/wp-json\/wp\/v2\/tags?post=1163835"}],"curies":[{"name":"wp","href":"https:\/\/api.w.org\/{rel}","templated":true}]}}