{"id":1163864,"date":"2026-07-13T15:55:18","date_gmt":"2026-07-13T15:55:18","guid":{"rendered":"https:\/\/www.europesays.com\/de\/1163864\/"},"modified":"2026-07-13T15:55:18","modified_gmt":"2026-07-13T15:55:18","slug":"russland-voellig-haltlose-massnahme-deutscher-botschafter-lambsdorff-einbestellt","status":"publish","type":"post","link":"https:\/\/www.europesays.com\/de\/1163864\/","title":{"rendered":"Russland: \u201eV\u00f6llig haltlose Ma\u00dfnahme\u201c \u2013 Deutscher Botschafter Lambsdorff einbestellt"},"content":{"rendered":"<p>Das russische Au\u00dfenministerium hat den deutschen Botschafter Alexander Graf Lambsdorff einbestellt. Es ist seine letzte Arbeitswoche in Moskau. Zuvor war auch in Berlin der russische Botschafter einbestellt worden.<\/p>\n<p class=\"is-first-paragraph\" data-external=\"Article.FirstParagraph\">Der deutsche Botschafter in Russland, Alexander Graf Lambsdorff, ist ins Au\u00dfenministerium in Moskau einbestellt worden.<\/p>\n<p>Ihm sei eine Protestnote gegen \u201edie Beteiligung Berlins an den vom Kiewer Regime ver\u00fcbten Terroranschl\u00e4gen auf zivile Infrastruktur in Russland\u201c \u00fcbergeben worden, berichtet die Nachrichtenagentur AFP.<\/p>\n<p>Lambsdorff sei mitgeteilt worden, \u201edass die zunehmende Unterst\u00fctzung Deutschlands f\u00fcr das Kiewer Regime inakzeptabel ist\u201c, erkl\u00e4rte das russische Au\u00dfenministerium. Dabei verwies das Ministerium in Moskau auf milit\u00e4rische Abkommen zwischen Berlin und Kiew, Waffenlieferungen an die Ukraine und die \u201eEinrichtung von Gemeinschaftsunternehmen mit dem Ziel, Kr\u00e4fte und Mittel f\u00fcr Angriffe auf zivile Ziele in Russland zu schaffen\u201c.<\/p>\n<p>Das russische Au\u00dfenministerium protestierte au\u00dferdem gegen \u201edie Versuche Deutschlands, Drittstaaten, einschlie\u00dflich Vertretern Chinas, vorzuschreiben, wie und in welchem Rahmen sie ihre Beziehungen zu Russland gestalten sollen\u201c. Moskau kritisierte zudem \u201edie Entwicklung der Informations- und Kommunikationsarbeit der deutschen Propaganda hin zu einem Stil, der den schlimmsten Praktiken der Nazi-Propaganda nahekommt\u201c.<\/p>\n<p>Lambsdorff, der immer wieder den russischen Angriffskrieg gegen die Ukraine kritisiert hatte, verabschiedet sich an diesem Dienstag aus Moskau, um seinen neuen Posten als Botschafter in Israel anzutreten. Neuer deutscher Botschafter in Russland wird Clemens von Goetze.<\/p>\n<p>Einbestellungen dienen als diplomatisches Mittel, wenn Staaten ihren Unmut \u00fcber Handlungen oder Haltungen anderer L\u00e4nder \u00e4u\u00dfern wollen.<\/p>\n<p>Ausw\u00e4rtiges Amt in Berlin protestiert<\/p>\n<p>Das Ausw\u00e4rtige Amt in Berlin nannte die Einbestellung des Botschafters eine \u201ev\u00f6llig haltlose Ma\u00dfnahme\u201c. Die deutsch-russischen Beziehungen sind wegen Moskaus Angriffskrieg gegen die Ukraine zum Zerrei\u00dfen gespannt. Zuletzt hatte das Ministerium Lambsdorff im April einbestellt \u2013 wegen angeblicher Kontakte von deutschen Politikern zu Terrororganisationen. <\/p>\n<p>Zuvor hatte das Ausw\u00e4rtige Amt den russischen Botschafter in Berlin, Sergej Netschajew, einbestellt. In Deutschland habe eine Cybereinheit des FSB Angriffe gegen staatliche Stellen gerichtet, hei\u00dft es in einer von der EU-Au\u00dfenbeauftragten Kaja Kallas verbreiteten Erkl\u00e4rung im Auftrag der Mitgliedstaaten.<\/p>\n<p>\u201eSeit vielen Jahren beobachten wir b\u00f6sartige Cyberaktivit\u00e4ten aus Russland gegen Deutschland, gegen die Mitgliedstaaten der EU sowie auch internationale Partner\u201c, sagte eine Ministeriumssprecherin.<\/p>\n<p>Im Onlinedienst X bezeichnete das Ausw\u00e4rtige Amt Cyberangriffe gegen Deutschland, EU-Partner und die Ukraine als \u201einakzeptabel\u201c. Deutschland beantworte sie \u201eentschlossen, auch mit zus\u00e4tzlichen Sanktionen\u201c, erkl\u00e4rte das Ministerium.<\/p>\n<p>Die EU setzte neun Menschen und vier Einrichtungen auf ihre Sanktionsliste, Gro\u00dfbritannien 24 Personen und Einrichtungen. Darunter sind nach Angaben aus Br\u00fcssel und London hochrangige Angeh\u00f6rige des russischen Milit\u00e4rgeheimdienstes GRU.<\/p>\n<p>AFP\/dpa\/lfb<\/p>\n","protected":false},"excerpt":{"rendered":"Das russische Au\u00dfenministerium hat den deutschen Botschafter Alexander Graf Lambsdorff einbestellt. Es ist seine letzte Arbeitswoche in Moskau.&hellip;\n","protected":false},"author":2,"featured_media":1163865,"comment_status":"","ping_status":"","sticky":false,"template":"","format":"standard","meta":{"footnotes":"","_share_on_mastodon":"0"},"categories":[4013],"tags":[331,332,8228,244053,13,71251,14,15,110,4043,4044,850,307,115,12,45],"class_list":["post-1163864","post","type-post","status-publish","format-standard","has-post-thumbnail","category-russland","tag-aktuelle-nachrichten","tag-aktuelle-news","tag-alexander-graf","tag-diplomatische-beziehungen-ks","tag-headlines","tag-lambsdorff","tag-nachrichten","tag-news","tag-newsteam","tag-russia","tag-russian-federation","tag-russische-foederation","tag-russland","tag-russland-ukraine-krieg-24-2-2022","tag-schlagzeilen","tag-texttospeech"],"share_on_mastodon":{"url":"https:\/\/pubeurope.com\/@de\/116913486516921053","error":""},"_links":{"self":[{"href":"https:\/\/www.europesays.com\/de\/wp-json\/wp\/v2\/posts\/1163864","targetHints":{"allow":["GET"]}}],"collection":[{"href":"https:\/\/www.europesays.com\/de\/wp-json\/wp\/v2\/posts"}],"about":[{"href":"https:\/\/www.europesays.com\/de\/wp-json\/wp\/v2\/types\/post"}],"author":[{"embeddable":true,"href":"https:\/\/www.europesays.com\/de\/wp-json\/wp\/v2\/users\/2"}],"replies":[{"embeddable":true,"href":"https:\/\/www.europesays.com\/de\/wp-json\/wp\/v2\/comments?post=1163864"}],"version-history":[{"count":0,"href":"https:\/\/www.europesays.com\/de\/wp-json\/wp\/v2\/posts\/1163864\/revisions"}],"wp:featuredmedia":[{"embeddable":true,"href":"https:\/\/www.europesays.com\/de\/wp-json\/wp\/v2\/media\/1163865"}],"wp:attachment":[{"href":"https:\/\/www.europesays.com\/de\/wp-json\/wp\/v2\/media?parent=1163864"}],"wp:term":[{"taxonomy":"category","embeddable":true,"href":"https:\/\/www.europesays.com\/de\/wp-json\/wp\/v2\/categories?post=1163864"},{"taxonomy":"post_tag","embeddable":true,"href":"https:\/\/www.europesays.com\/de\/wp-json\/wp\/v2\/tags?post=1163864"}],"curies":[{"name":"wp","href":"https:\/\/api.w.org\/{rel}","templated":true}]}}