{"id":1163980,"date":"2026-07-13T16:59:17","date_gmt":"2026-07-13T16:59:17","guid":{"rendered":"https:\/\/www.europesays.com\/de\/1163980\/"},"modified":"2026-07-13T16:59:17","modified_gmt":"2026-07-13T16:59:17","slug":"der-juengste-kantor-im-bistum-aachen","status":"publish","type":"post","link":"https:\/\/www.europesays.com\/de\/1163980\/","title":{"rendered":"Der j\u00fcngste Kantor im Bistum Aachen"},"content":{"rendered":"<p class=\"text_ohne_einzug richtext text-em-55 !leading-serif mx-6 desktop:mx-0\">Um Punkt 6 \u2013 alias 18 Uhr \u2013 ist es am Samstag wieder einmal soweit, dass in St. Dionysius ein Orgelkonzert stattfindet eben in der Reihe \u201eOrgelPunkt6\u201c. Der musikalische Hausherr Niklas Sauer-Piel, Regionalkantor in der Region Krefeld und Kirchenmusiker in der Pfarrei Papst Johannes XXIII, kann mit einem Augenzwinkern einen Gast an der Klais-Orgel anmoderieren, der ihm einen pers\u00f6nlichen Rekord genommen hat. Vincent Kn\u00fcppe, seit Oktober 2025 als M\u00fcnsterkantor an der Pfarrei St. Vitus in M\u00f6nchengladbach t\u00e4tig, ist zwei Jahre j\u00fcnger als er und damit nun der j\u00fcngste Kantor im Bistum Aachen.<\/p>\n","protected":false},"excerpt":{"rendered":"Um Punkt 6 \u2013 alias 18 Uhr \u2013 ist es am Samstag wieder einmal soweit, dass in St.&hellip;\n","protected":false},"author":2,"featured_media":1163981,"comment_status":"","ping_status":"","sticky":false,"template":"","format":"standard","meta":{"footnotes":"","_share_on_mastodon":"0"},"categories":[1853],"tags":[1424,6588,3364,29,588,548,663,3934,15906,30,13,244071,63356,199746,14,15,1209,46592,51602,51595,244072,244076,244074,44992,244070,39196,5399,244073,32028,27586,12,244075,5725,86993,36508,189294,244077],"class_list":["post-1163980","post","type-post","status-publish","format-standard","has-post-thumbnail","category-aachen","tag-aachen","tag-bistum","tag-de","tag-deutschland","tag-einsatz","tag-eu","tag-europa","tag-europe","tag-gast","tag-germany","tag-headlines","tag-juengste","tag-kantor","tag-muensterkantor","tag-nachrichten","tag-news","tag-nordrhein-westfalen","tag-orgel","tag-orgelkonzert","tag-orgelmusik","tag-orgelpunkt6","tag-orgelsymphonik","tag-pedalspiel","tag-pfarrei","tag-piel","tag-punkt","tag-region","tag-regionalkantor","tag-satz","tag-sauer","tag-schlagzeilen","tag-schlusspunkt","tag-spiel","tag-spiels","tag-spielt","tag-toccata","tag-verspieltes"],"share_on_mastodon":{"url":"https:\/\/pubeurope.com\/@de\/116913738033660979","error":""},"_links":{"self":[{"href":"https:\/\/www.europesays.com\/de\/wp-json\/wp\/v2\/posts\/1163980","targetHints":{"allow":["GET"]}}],"collection":[{"href":"https:\/\/www.europesays.com\/de\/wp-json\/wp\/v2\/posts"}],"about":[{"href":"https:\/\/www.europesays.com\/de\/wp-json\/wp\/v2\/types\/post"}],"author":[{"embeddable":true,"href":"https:\/\/www.europesays.com\/de\/wp-json\/wp\/v2\/users\/2"}],"replies":[{"embeddable":true,"href":"https:\/\/www.europesays.com\/de\/wp-json\/wp\/v2\/comments?post=1163980"}],"version-history":[{"count":0,"href":"https:\/\/www.europesays.com\/de\/wp-json\/wp\/v2\/posts\/1163980\/revisions"}],"wp:featuredmedia":[{"embeddable":true,"href":"https:\/\/www.europesays.com\/de\/wp-json\/wp\/v2\/media\/1163981"}],"wp:attachment":[{"href":"https:\/\/www.europesays.com\/de\/wp-json\/wp\/v2\/media?parent=1163980"}],"wp:term":[{"taxonomy":"category","embeddable":true,"href":"https:\/\/www.europesays.com\/de\/wp-json\/wp\/v2\/categories?post=1163980"},{"taxonomy":"post_tag","embeddable":true,"href":"https:\/\/www.europesays.com\/de\/wp-json\/wp\/v2\/tags?post=1163980"}],"curies":[{"name":"wp","href":"https:\/\/api.w.org\/{rel}","templated":true}]}}