{"id":1163986,"date":"2026-07-13T17:02:24","date_gmt":"2026-07-13T17:02:24","guid":{"rendered":"https:\/\/www.europesays.com\/de\/1163986\/"},"modified":"2026-07-13T17:02:24","modified_gmt":"2026-07-13T17:02:24","slug":"illegales-autorennen-mit-ueber-100-km-h-durchs-braunschweiger-stadtgebiet","status":"publish","type":"post","link":"https:\/\/www.europesays.com\/de\/1163986\/","title":{"rendered":"Illegales Autorennen: Mit \u00fcber 100 km\/h durchs Braunschweiger Stadtgebiet"},"content":{"rendered":"<p>N\u00e4chtlicher Einsatz <\/p>\n<p>Illegales Autorennen: Polizei verfolgt Raser<\/p>\n<p>13.07.2026 &#8211; 17:32 UhrLesedauer: 1 Min.<\/p>\n<p><a href=\"#focus-0\" class=\"transition-colors block text-current relative\" data-sctrack=\"FocusGalleryImage.Reference\"><img fetchpriority=\"high\" data-testid=\"Opener.Image\"   loading=\"eager\" src=\"https:\/\/www.europesays.com\/de\/wp-content\/uploads\/2026\/07\/raser-im-strassenverkehr-bei-nacht-mit-ueberhoehter-geschwindigkeit-abendlicher-strassenverkehr-mitt.jpeg\" alt=\"imago images 0843858463\" title=\"imago images 0843858463\" width=\"5568\" height=\"3132\" class=\"bg-[url:var(--lqipURL)] bg-cover bg-center flex h-full w-full max-w-full\" style=\"--lqipURL:url('https:\/\/images.t-online.de\/2026\/07\/zrveOyw2w-1a\/0x290:5568x3132\/fit-in\/150x0\/filters:blur(25)\/raser-im-strassenverkehr-bei-nacht-mit-ueberhoehter-geschwindigkeit-abendlicher-strassenverkehr-mittlerer-ring-in-muenchen-autofahrer-strassenverkehr-auto-geschwindigkeitsueberschreitung-speeding-in-traffic-at-night-with-excessive-speed-evening-traffic-mittlerer-ring-in-munich-driver-traffic-car-speeding.jpg')\" decoding=\"async\"\/><img loading=\"lazy\" src=\"https:\/\/braunschweig.t-online.de\/s\/paper\/_next\/static\/media\/zoom-in.f7dae02f.svg\" alt=\"Vergr\u00f6\u00dfern des Bildes\" title=\"Vergr\u00f6\u00dfern des Bildes\" class=\"block h-[calc(var(--height)_\/_16_*_1rem)] w-[calc(var(--width)_\/_16_*_1rem)] max-w-none absolute right-8 bottom-8 rounded-4 bg-snow p-8\" style=\"--width:32;--height:32\" decoding=\"async\"\/><\/a><\/p>\n<p>Raser im Stra\u00dfenverkehr (Symbolbild): Die Polizei nahm Autofahrer ins Visier. (Quelle: IMAGO\/Frank Hoermann \/ SVEN SIMON\/imago)<\/p>\n<p><img loading=\"lazy\" src=\"https:\/\/braunschweig.t-online.de\/s\/paper\/_next\/static\/media\/audio-volume.6689034c.svg\" alt=\"\" title=\"\" class=\"block h-[calc(var(--height)_\/_16_*_1rem)] w-[calc(var(--width)_\/_16_*_1rem)] max-w-none group-hover:brightness-0 group-hover:invert\" style=\"--width:16;--height:16\" decoding=\"async\"\/>Vorlesen<\/p>\n<p>Aktuelle Zeit:0:00Gesamtdauer:0:00<\/p>\n<p>1x<\/p>\n<p class=\"text-center\">Jetzt neu bei t-online:<\/p>\n<p class=\"text-center\">Schriftgr\u00f6\u00dfe anpassen!<\/p>\n<p><img loading=\"lazy\" src=\"https:\/\/braunschweig.t-online.de\/s\/paper\/_next\/static\/media\/font-sizes.32942e33.svg\" alt=\"\" title=\"\" class=\"block h-[calc(var(--height)_\/_16_*_1rem)] w-[calc(var(--width)_\/_16_*_1rem)] max-w-none group-hover:hidden group-aria-expanded:hidden\" style=\"--width:16;--height:16\" decoding=\"async\"\/><img loading=\"lazy\" src=\"https:\/\/braunschweig.t-online.de\/s\/paper\/_next\/static\/media\/font-sizes-dark-mode.e382645c.svg\" alt=\"\" title=\"\" class=\"block h-[calc(var(--height)_\/_16_*_1rem)] w-[calc(var(--width)_\/_16_*_1rem)] max-w-none hidden group-hover:block group-aria-expanded:block\" style=\"--width:16;--height:16\" decoding=\"async\"\/><img loading=\"lazy\" src=\"https:\/\/braunschweig.t-online.de\/s\/paper\/_next\/static\/media\/sharing-menu-icon.1eb71368.svg\" alt=\"\" title=\"\" class=\"block h-[calc(var(--height)_\/_16_*_1rem)] w-[calc(var(--width)_\/_16_*_1rem)] max-w-none group-hover:brightness-0 group-hover:invert\" style=\"--width:16;--height:16\" decoding=\"async\"\/>Artikel teilen<\/p>\n<p class=\"font-bold text-18 leading-17 user-text-lg:text-22 user-text-xl:text-24\">In Braunschweig liefern sich zwei Autofahrer offenbar ein Rennen. Die Polizei h\u00e4lt die Wagen an und beschlagnahmt sie.<\/p>\n<p class=\"text-18 leading-17 user-text-lg:text-22 user-text-xl:text-24\">In Braunschweig hat die Polizei in der Nacht zum Samstag zwei Autofahrer nach einem mutma\u00dflichen illegalen Rennen gestoppt. Die Beamten beschlagnahmten beide Fahrzeuge.<\/p>\n<p class=\"text-18 leading-17 user-text-lg:text-22 user-text-xl:text-24\">Eine Streifenbesatzung wurde gegen 0.50 Uhr an der Ampel Kalenwall auf einen Mercedes AMG S63 und einen Audi S6 aufmerksam. Bei Gr\u00fcn sollen beide Fahrer stark beschleunigt haben, wie die Polizei mitteilte. Sie sollen mit deutlich \u00fcberh\u00f6hter Geschwindigkeit die Theodor-Heuss-Stra\u00dfe stadtausw\u00e4rts befahren haben. Nach Sch\u00e4tzung der Polizei erreichten die Fahrzeuge Geschwindigkeiten von \u00fcber 100 km\/h.<\/p>\n<p class=\"text-18 leading-17 user-text-lg:text-22 user-text-xl:text-24\">Die Einsatzkr\u00e4fte verfolgten die beiden Wagen in sicherem Abstand. In der Otto-von-Guericke-Stra\u00dfe und der Stobwasserstra\u00dfe kontrollierten weitere Beamte die Fahrzeuge.<\/p>\n<p>Polizei beschlagnahmt F\u00fchrerscheine<\/p>\n<p class=\"text-18 leading-17 user-text-lg:text-22 user-text-xl:text-24\">Bei den Fahrern handelt es sich um zwei M\u00e4nner im Alter von 21 und 23 Jahren. Die Polizei beschlagnahmte den F\u00fchrerschein des 23-J\u00e4hrigen aus Salzgitter vor Ort. Der 21-J\u00e4hrige aus Gifhorn hatte keinen F\u00fchrerschein dabei. Beide Autos wurden ebenfalls beschlagnahmt.<\/p>\n<p class=\"text-18 leading-17 user-text-lg:text-22 user-text-xl:text-24\">Die Polizei leitete ein Ermittlungsverfahren wegen eines verbotenen Kraftfahrzeugrennens ein. Zeugen, die durch die Fahrweise m\u00f6glicherweise gef\u00e4hrdet wurden, werden gebeten, sich unter 0531\/476-3115 zu melden.<\/p>\n","protected":false},"excerpt":{"rendered":"N\u00e4chtlicher Einsatz Illegales Autorennen: Polizei verfolgt Raser 13.07.2026 &#8211; 17:32 UhrLesedauer: 1 Min. Raser im Stra\u00dfenverkehr (Symbolbild): Die&hellip;\n","protected":false},"author":2,"featured_media":1163987,"comment_status":"","ping_status":"","sticky":false,"template":"","format":"standard","meta":{"footnotes":"","_share_on_mastodon":"0"},"categories":[1850],"tags":[722,17161,244078,4188,6429,3364,29,548,663,3934,514,30,13,14,15,1411,121,12],"class_list":["post-1163986","post","type-post","status-publish","format-standard","has-post-thumbnail","category-braunschweig","tag-722","tag-17161","tag-audi-s6","tag-autorennen","tag-braunschweig","tag-de","tag-deutschland","tag-eu","tag-europa","tag-europe","tag-fahrzeug","tag-germany","tag-headlines","tag-nachrichten","tag-news","tag-niedersachsen","tag-polizei","tag-schlagzeilen"],"share_on_mastodon":{"url":"https:\/\/pubeurope.com\/@de\/116913751855429700","error":""},"_links":{"self":[{"href":"https:\/\/www.europesays.com\/de\/wp-json\/wp\/v2\/posts\/1163986","targetHints":{"allow":["GET"]}}],"collection":[{"href":"https:\/\/www.europesays.com\/de\/wp-json\/wp\/v2\/posts"}],"about":[{"href":"https:\/\/www.europesays.com\/de\/wp-json\/wp\/v2\/types\/post"}],"author":[{"embeddable":true,"href":"https:\/\/www.europesays.com\/de\/wp-json\/wp\/v2\/users\/2"}],"replies":[{"embeddable":true,"href":"https:\/\/www.europesays.com\/de\/wp-json\/wp\/v2\/comments?post=1163986"}],"version-history":[{"count":0,"href":"https:\/\/www.europesays.com\/de\/wp-json\/wp\/v2\/posts\/1163986\/revisions"}],"wp:featuredmedia":[{"embeddable":true,"href":"https:\/\/www.europesays.com\/de\/wp-json\/wp\/v2\/media\/1163987"}],"wp:attachment":[{"href":"https:\/\/www.europesays.com\/de\/wp-json\/wp\/v2\/media?parent=1163986"}],"wp:term":[{"taxonomy":"category","embeddable":true,"href":"https:\/\/www.europesays.com\/de\/wp-json\/wp\/v2\/categories?post=1163986"},{"taxonomy":"post_tag","embeddable":true,"href":"https:\/\/www.europesays.com\/de\/wp-json\/wp\/v2\/tags?post=1163986"}],"curies":[{"name":"wp","href":"https:\/\/api.w.org\/{rel}","templated":true}]}}