{"id":1163996,"date":"2026-07-13T17:08:17","date_gmt":"2026-07-13T17:08:17","guid":{"rendered":"https:\/\/www.europesays.com\/de\/1163996\/"},"modified":"2026-07-13T17:08:17","modified_gmt":"2026-07-13T17:08:17","slug":"appetit-auf-kultur-3-lecture-performances-im-hack-museum-ludwigshafen","status":"publish","type":"post","link":"https:\/\/www.europesays.com\/de\/1163996\/","title":{"rendered":"Appetit auf Kultur (3): Lecture Performances im Hack-Museum &#8211; Ludwigshafen"},"content":{"rendered":"<p class=\"rhp-dpa-teaser\"><b>Der westbengalische K\u00fcnstler Arijit Bhattacharyya kochte im Ludwigshafener Wilhelm-Hack-Museum und demonstrierte, wie politisch unser Essen eigentlich ist.<\/b><\/p>\n<p>Von Stefan Otto<\/p>\n<p>Den Rahmen lieferte die laufende Ausstellung \u201ePolitik am K\u00fcchentisch\u201c, die anhand von zeitgen\u00f6ssischer Kunst individuelle und gesellschaftliche Aspekte der Ern\u00e4hrung samt ihren \u00f6konomischen, \u00f6kologischen oder sozialen Verflechtungen in den Blick nimmt. Neben Torten aus Pl\u00fcsch, Brotlaiben aus unverdaulichen Steinen oder einem Kuchen, der Marie Antoinette zitiert, war f\u00fcr die Lecture Performance \u201eHow political<\/p>\n<p class=\"rhp-teaser\"><b>Der westbengalische K\u00fcnstler Arijit Bhattacharyya kochte im Ludwigshafener Wilhelm-Hack-Museum und demonstrierte, wie politisch unser Essen eigentlich ist.<\/b><\/p>\n","protected":false},"excerpt":{"rendered":"Der westbengalische K\u00fcnstler Arijit Bhattacharyya kochte im Ludwigshafener Wilhelm-Hack-Museum und demonstrierte, wie politisch unser Essen eigentlich ist. Von&hellip;\n","protected":false},"author":2,"featured_media":1163997,"comment_status":"","ping_status":"","sticky":false,"template":"","format":"standard","meta":{"footnotes":"","_share_on_mastodon":"0"},"categories":[1845],"tags":[244080,1634,296,3364,29,548,663,3934,30,13,699,4060,25476,2096,182623,14,15,12,102069],"class_list":["post-1163996","post","type-post","status-publish","format-standard","has-post-thumbnail","category-mannheim","tag-arijit-bhattacharyya","tag-baden-wuerttemberg","tag-berlin","tag-de","tag-deutschland","tag-eu","tag-europa","tag-europe","tag-germany","tag-headlines","tag-indien","tag-lokal","tag-ludwigshafen","tag-mannheim","tag-marie-antoinette","tag-nachrichten","tag-news","tag-schlagzeilen","tag-stefan-otto"],"share_on_mastodon":{"url":"https:\/\/pubeurope.com\/@de\/116913773444443534","error":""},"_links":{"self":[{"href":"https:\/\/www.europesays.com\/de\/wp-json\/wp\/v2\/posts\/1163996","targetHints":{"allow":["GET"]}}],"collection":[{"href":"https:\/\/www.europesays.com\/de\/wp-json\/wp\/v2\/posts"}],"about":[{"href":"https:\/\/www.europesays.com\/de\/wp-json\/wp\/v2\/types\/post"}],"author":[{"embeddable":true,"href":"https:\/\/www.europesays.com\/de\/wp-json\/wp\/v2\/users\/2"}],"replies":[{"embeddable":true,"href":"https:\/\/www.europesays.com\/de\/wp-json\/wp\/v2\/comments?post=1163996"}],"version-history":[{"count":0,"href":"https:\/\/www.europesays.com\/de\/wp-json\/wp\/v2\/posts\/1163996\/revisions"}],"wp:featuredmedia":[{"embeddable":true,"href":"https:\/\/www.europesays.com\/de\/wp-json\/wp\/v2\/media\/1163997"}],"wp:attachment":[{"href":"https:\/\/www.europesays.com\/de\/wp-json\/wp\/v2\/media?parent=1163996"}],"wp:term":[{"taxonomy":"category","embeddable":true,"href":"https:\/\/www.europesays.com\/de\/wp-json\/wp\/v2\/categories?post=1163996"},{"taxonomy":"post_tag","embeddable":true,"href":"https:\/\/www.europesays.com\/de\/wp-json\/wp\/v2\/tags?post=1163996"}],"curies":[{"name":"wp","href":"https:\/\/api.w.org\/{rel}","templated":true}]}}