{"id":1164030,"date":"2026-07-13T17:27:25","date_gmt":"2026-07-13T17:27:25","guid":{"rendered":"https:\/\/www.europesays.com\/de\/1164030\/"},"modified":"2026-07-13T17:27:25","modified_gmt":"2026-07-13T17:27:25","slug":"messerangriff-auf-vhs-lehrer-in-wedel-brueder-muessen-ins-gefaengnis","status":"publish","type":"post","link":"https:\/\/www.europesays.com\/de\/1164030\/","title":{"rendered":"Messerangriff auf VHS-Lehrer in Wedel: Br\u00fcder m\u00fcssen ins Gef\u00e4ngnis"},"content":{"rendered":"<p>        <img decoding=\"async\" src=\"https:\/\/www.europesays.com\/de\/wp-content\/uploads\/2026\/07\/wedel-130.webp\" alt=\"Flatterband ist vor einer Schule gespannt.\" title=\"Flatterband ist vor einer Schule gespannt. | picture alliance\/dpa | Daniel Bockwoldt\" class=\"responsive\"\/><\/p>\n<p>AUDIO: Nachrichten 18:00 Uhr &#8211; 13.07.2026 (4 Min)<\/p>\n<p>\n                Stand: 13.07.2026 18:12 Uhr<\/p>\n<p class=\"preface\">Nach einem Messerangriff auf einen Dozenten der Volkshochschule Wedel vor zwei Jahren ist am Montag das Urteil gefallen. Vier Br\u00fcder sind vom Landgericht Itzehoe wegen versuchten Mordes verurteilt worden.<\/p>\n<p class=\"\">Das Landgericht <a href=\"https:\/\/www.ndr.de\/nachrichten\/schleswig-holstein\/itzehoe-aktuelle-nachrichten-und-videos,itzehoe456.html\" title=\"Itzehoe - Aktuelle Nachrichten und Videos\" rel=\"nofollow noopener\" target=\"_blank\">Itzehoe<\/a> sieht es als erwiesen an, dass die vier Br\u00fcder den Dozenten unter einem Vorwand auf den Parkplatz der Volkshochschule in Wedel (<a href=\"https:\/\/www.ndr.de\/nachrichten\/schleswig-holstein\/Kreis-Pinneberg-Aktuelle-Nachrichten-und-Videos,pinneberg280.html\" title=\"Kreis Pinneberg - Aktuelle Nachrichten und Videos\" rel=\"nofollow noopener\" target=\"_blank\">Kreis Pinneberg<\/a>) gelockt hatten. W\u00e4hrend einer der Angeklagten das Opfer ablenkte, griff ein anderer demnach den Dozenten von hinten an, f\u00fcgte ihm einen Schnitt am Hals zu und stach anschlie\u00dfend drei Mal auf ihn ein. Dabei wurden unter anderem die Lunge und ein Wirbel verletzt. Nach \u00dcberzeugung des Gerichts waren die Verletzungen potenziell t\u00f6dlich.<\/p>\n<p>    Gericht sieht bei Angriff Heimt\u00fccke<\/p>\n<p class=\"\">Die Richterin wertete die Tat als gemeinschaftlich begangenen versuchten Mord in Tateinheit mit gef\u00e4hrlicher K\u00f6rperverletzung. Das Mordmerkmal der Heimt\u00fccke sah das Gericht als erf\u00fcllt an. Die Br\u00fcder sollen bei der Tat 17, 19 und zwei von ihnen 21 Jahre alt gewesen sein. Die beiden Erwachsenen erhielten jeweils eine Freiheitsstrafe von sieben Jahren und sechs Monaten.<\/p>\n<p>    Wird Revision eingelegt?<\/p>\n<p class=\"\">Die beiden j\u00fcngeren Br\u00fcder wurden nach Jugendstrafrecht verurteilt: Der Bruder, der den Dozenten mit dem Messer verletzt hatte, muss f\u00fcr sechs Jahre in Haft. Der j\u00fcngste Angeklagte erhielt eine Jugendstrafe von vier Jahren. Er muss erst ins Gef\u00e4ngnis, wenn das Urteil rechtskr\u00e4ftig ist. Wenn keine Revision eingelegt wird, w\u00e4re das n\u00e4chsten Dienstag. Wird Revision eingelegt, dauert es laut einer Gerichtssprecherin deutlich l\u00e4nger.<\/p>\n<p>    Mutter der mutma\u00dflichen T\u00e4ter soll Beziehung zu Opfer gehabt haben<\/p>\n<p>                    <a href=\"https:\/\/www.europesays.com\/de\/wp-content\/uploads\/2026\/07\/wedel-132.webp\" class=\"zoomimage\" title=\"Bild vergr\u00f6\u00dfern\"><\/p>\n<p>        <img decoding=\"async\" src=\"https:\/\/www.europesays.com\/de\/wp-content\/uploads\/2026\/07\/wedel-132.webp\" alt=\"Polizisten stehen vor einer abgesperrten Schule.\" title=\"Unter dem Vorwand, Hilfe bei einem gemeinsamen Schreiben auf Deutsch zu ben\u00f6tigen, sollen vier Br\u00fcder ein Treffen mit dem Lehrer an der Volkshochschule vereinbart haben. | picture alliance\/dpa | Daniel Bockwoldt\" class=\"responsive\" loading=\"lazy\"\/><\/p>\n<p>                    <\/a><\/p>\n<p>                    Unter dem Vorwand, Hilfe bei einem gemeinsamen Schreiben auf Deutsch zu ben\u00f6tigen, sollen vier Br\u00fcder ein Treffen mit dem Lehrer an der Volkshochschule vereinbart haben.<\/p>\n<p class=\"\">Nach Auffassung der Staatsanwaltschaft d\u00fcrfte ein pers\u00f6nliches Verh\u00e4ltnis zwischen dem Dozenten und der Mutter der Beschuldigten das Motiv gewesen sein: Die Br\u00fcder sollen am Abend vor der Tat davon erfahren haben. Das Opfer habe den Eltern Deutschunterricht erteilt. Er \u00fcberlebte die Tat.<\/p>\n<p>    Verteidigung hoffte auf Freispruch f\u00fcr den J\u00fcngsten<\/p>\n<p class=\"\">F\u00fcr den inzwischen 19 Jahre alten, j\u00fcngsten Angeklagten beantragte der Verteidiger am letzten Prozesstag in der vergangenen Woche Freispruch und die Aufhebung des Haftbefehls. Seiner Ansicht nach sei der junge Mann zur Tatzeit nicht vor Ort gewesen und habe lediglich per Chat mit seinen Br\u00fcdern kommuniziert. F\u00fcr den \u00e4ltesten Bruder pl\u00e4dierte er auf eine Freiheitsstrafe von einem Jahr und zehn Monaten. Dieser sei zwar am Tatort, nicht aber an der Attacke beteiligt gewesen.<\/p>\n<p class=\"\">Die Staatsanwaltschaft forderte f\u00fcr den J\u00fcngsten vier Jahre Jugendstrafe und f\u00fcr die drei \u00c4lteren Haftstrafen zwischen sechs und acht Jahren. Das Gericht folgte mit seinem Urteil nun weitgehend den Antr\u00e4gen der Staatsanwaltschaft. Die vier Br\u00fcder mussten sich seit 45 Prozesstagen vor dem Landgericht <a href=\"https:\/\/www.ndr.de\/nachrichten\/schleswig-holstein\/itzehoe-aktuelle-nachrichten-und-videos,itzehoe456.html\" title=\"Itzehoe - Aktuelle Nachrichten und Videos\" rel=\"nofollow noopener\" target=\"_blank\">Itzehoe<\/a> verantworten.<\/p>\n<p>        <img decoding=\"async\" src=\"https:\/\/www.europesays.com\/de\/wp-content\/uploads\/2026\/07\/jugendliche-174.webp\" alt=\"Ein ehemaliger Insasse schaut auf die Jugendarrestanstalt Moltsfelde.\" title=\"Ein ehemaliger Insasse schaut auf die Jugendarrestanstalt Moltsfelde. | NDR, Anne Passow\" class=\"responsive\" loading=\"lazy\"\/><\/p>\n<p>Die Jugendarrestanstalt in Moltsfelde hat einen p\u00e4dagogischen Auftrag. Aktivit\u00e4ten und Gespr\u00e4chsangebote sollen Jugendliche in ein Leben ohne Kriminalit\u00e4t f\u00fchren.<\/p>\n<p>        <img decoding=\"async\" src=\"https:\/\/www.europesays.com\/de\/wp-content\/uploads\/2026\/06\/landgericht-itzehoe-102.webp\" alt=\"Das Landgericht in Itzehoe.\" title=\"Das Landgericht in Itzehoe. | NDR, Vinetta Richter\" class=\"responsive\" loading=\"lazy\"\/><\/p>\n<p>Am Dienstag (7.7.) wurden die letzten Pl\u00e4doyers gehalten. Die Verteidiger fordern eine mildere Strafe f\u00fcr die Angeklagten.<\/p>\n<p>        <img decoding=\"async\" src=\"https:\/\/www.europesays.com\/de\/wp-content\/uploads\/2026\/07\/wedel560.webp\" alt=\"Mehrere Angeklagte stehen und sitzen neben ihren Verteidigern im Gerichtssaal des Landgerichts Itzehoe.\" title=\"Mehrere Angeklagte stehen und sitzen neben ihren Verteidigern im Gerichtssaal des Landgerichts Itzehoe. | dpa-Bildfunk, Felix M\u00fcschen\" class=\"responsive\" loading=\"lazy\"\/><\/p>\n<p>Ein halbes Jahr nach der Tat vor der Volkshochschule in Wedel wurden erstmals Hintergr\u00fcnde bekannt.<\/p>\n<p>        <img decoding=\"async\" src=\"https:\/\/www.europesays.com\/de\/wp-content\/uploads\/2026\/07\/screenshot1783692.webp\" alt=\"Rettungswagen vor der Volkshochschule in Wedel.\" title=\"Rettungswagen vor der Volkshochschule in Wedel. | Screenshot\" class=\"responsive\" loading=\"lazy\"\/><\/p>\n<p>Nach bisherigem Kenntnisstand wurde der Lehrer von zwei T\u00e4tern angegriffen und schwer verletzt. Reporterin Karen M\u00fcnster ist vor Ort.<\/p>\n","protected":false},"excerpt":{"rendered":"AUDIO: Nachrichten 18:00 Uhr &#8211; 13.07.2026 (4 Min) Stand: 13.07.2026 18:12 Uhr Nach einem Messerangriff auf einen Dozenten&hellip;\n","protected":false},"author":2,"featured_media":1164031,"comment_status":"","ping_status":"","sticky":false,"template":"","format":"standard","meta":{"footnotes":"","_share_on_mastodon":"0"},"categories":[5],"tags":[331,332,3364,29,30,13,2086,14,15,1009,12,72006],"class_list":["post-1164030","post","type-post","status-publish","format-standard","has-post-thumbnail","category-nachrichten","tag-aktuelle-nachrichten","tag-aktuelle-news","tag-de","tag-deutschland","tag-germany","tag-headlines","tag-kreis-pinneberg","tag-nachrichten","tag-news","tag-recht","tag-schlagzeilen","tag-wedel"],"share_on_mastodon":{"url":"https:\/\/pubeurope.com\/@de\/116913848622404964","error":""},"_links":{"self":[{"href":"https:\/\/www.europesays.com\/de\/wp-json\/wp\/v2\/posts\/1164030","targetHints":{"allow":["GET"]}}],"collection":[{"href":"https:\/\/www.europesays.com\/de\/wp-json\/wp\/v2\/posts"}],"about":[{"href":"https:\/\/www.europesays.com\/de\/wp-json\/wp\/v2\/types\/post"}],"author":[{"embeddable":true,"href":"https:\/\/www.europesays.com\/de\/wp-json\/wp\/v2\/users\/2"}],"replies":[{"embeddable":true,"href":"https:\/\/www.europesays.com\/de\/wp-json\/wp\/v2\/comments?post=1164030"}],"version-history":[{"count":0,"href":"https:\/\/www.europesays.com\/de\/wp-json\/wp\/v2\/posts\/1164030\/revisions"}],"wp:featuredmedia":[{"embeddable":true,"href":"https:\/\/www.europesays.com\/de\/wp-json\/wp\/v2\/media\/1164031"}],"wp:attachment":[{"href":"https:\/\/www.europesays.com\/de\/wp-json\/wp\/v2\/media?parent=1164030"}],"wp:term":[{"taxonomy":"category","embeddable":true,"href":"https:\/\/www.europesays.com\/de\/wp-json\/wp\/v2\/categories?post=1164030"},{"taxonomy":"post_tag","embeddable":true,"href":"https:\/\/www.europesays.com\/de\/wp-json\/wp\/v2\/tags?post=1164030"}],"curies":[{"name":"wp","href":"https:\/\/api.w.org\/{rel}","templated":true}]}}