{"id":1164055,"date":"2026-07-13T17:44:24","date_gmt":"2026-07-13T17:44:24","guid":{"rendered":"https:\/\/www.europesays.com\/de\/1164055\/"},"modified":"2026-07-13T17:44:24","modified_gmt":"2026-07-13T17:44:24","slug":"verstopfung-auf-den-autobahnen-gibt-es-ein-durchkommen-servicethema-reise-tourismus","status":"publish","type":"post","link":"https:\/\/www.europesays.com\/de\/1164055\/","title":{"rendered":"Verstopfung auf den Autobahnen &#8211; gibt es ein Durchkommen? | Servicethema Reise &#038; Tourismus"},"content":{"rendered":"<p id=\"absatz1\" class=\"em_text\">Am kommenden Wochenende (17. bis 19. Juli) sieht der Auto Club Europa (ACE) die bislang \u201egr\u00f6\u00dfte Reisewelle der Sommersaison\u201d auf die Fernstra\u00dfen rollen. Denn mit Nordrhein-Westfalen (NRW) startet nun auch das bev\u00f6lkerungsreichste Bundesland in die Sommerferien. Das sorge f\u00fcr \u201everstopfte Autobahnen\u201d. Auch der ADAC sch\u00e4tzt die Lage so ein und erwartet einen \u201en\u00e4chsten H\u00f6hepunkt\u201d.<\/p>\n<p id=\"absatz2\" class=\"em_text\">Wie in den Vorwochen d\u00fcrften sich daher vor allem wieder f\u00fcllen: die Routen in Richtung S\u00fcden, die Strecken weiter in die Alpen und ans Mittelmeer, die Wege an die K\u00fcsten von Nord- und Ostsee und auch die Heimreisespuren.<\/p>\n<p id=\"absatz3\" class=\"em_text\">Vor allem am Freitagnachmittag und am Samstagvormittag ist mit langen Staus zu rechnen. Und gerade auch bei sch\u00f6nem Wetter d\u00fcrften zudem viele Tagesausfl\u00fcgler oder Kurzentschlossene f\u00fcr Trubel sorgen &#8211; auch auf dem untergeordneten Stra\u00dfennetz in die Naherholungsgebiete.<\/p>\n<p>Auch regionale Events k\u00f6nnen die Geduld strapazieren<\/p>\n<p id=\"absatz4\" class=\"em_text\">Au\u00dferdem nennt der ADAC zahlreiche regionale Gro\u00dfveranstaltungen, die durchaus \u201eerhebliche Verkehrsbehinderungen\u201d mit sich bringen k\u00f6nnen. Beispiele: die Rheinkirmes in D\u00fcsseldorf, das Parookaville Festival in Weeze, das Deichbrand Festival bei Cuxhaven oder der Gro\u00dfen Preis von Belgien (Formel-1-Rennen) in Spa-Francorchamps.<\/p>\n<p id=\"absatz5\" class=\"em_text\">Gebremst wird der Verkehr vielerorts durch zahlreiche Dauerbaustellen &#8211; der M\u00fcnchner Club z\u00e4hlt derzeit \u00fcber 1.000 davon. Dazu k\u00f6nnten auch noch kurzfristige Baustellen kommen.<\/p>\n<p>Die Tage in der \u00dcbersicht<\/p>\n<ul>\n<li>Freitag: Schon ab dem fr\u00fchen Mittag erwartet der ACE einen \u201edrastischen Anstieg\u201d des Verkehrs. Vor allem Reisende aus NRW gesellen sich dann zum normalen Berufs- und Wochenend-Pendelverkehr. Das gilt vor allem f\u00fcr die Gro\u00dfr\u00e4ume Rhein und Ruhr sowie die Routen zu den K\u00fcsten und in den S\u00fcden. Mit der h\u00f6chsten Staugefahr rechnet der ACE f\u00fcr den Zeitraum zwischen 13.00 und 17.00 Uhr. Aber auch bis in den sp\u00e4ten Abendstunden sei noch mit erheblichen Verz\u00f6gerungen und langen Staus zu rechnen.<\/li>\n<li>Samstag: Vor allem im Westen und in der Mitte der Republik f\u00fcllen sich die klassischen Routen schnell &#8211; und nachhaltig. Zwischen etwa 8.00 und 16.00 Uhr steht die Stauampel des ACE vor allem auf Rot. Baustellenbereiche w\u00fcrden zu \u201eextremen Geduldsproben\u201d.\n<p>F\u00fcr etwas Entlastung sorgen kann das Sommerreise-Fahrverbot f\u00fcr schwere Lastwagen an allen Samstagen vom 1. Juli bis einschlie\u00dflich 31. August eines Jahres (von 7.00 Uhr bis 20.00 Uhr). Am Sonntag gilt es ohnehin ganzj\u00e4hrig von 0.00 bis 22.00 Uhr f\u00fcr Lkw \u00fcber 7,5 Tonnen.<\/p>\n<\/li>\n<li>Sonntag: Voll kann es zwar auch am Sonntag werden, doch bis etwa 09.00 Uhr erwartet der ACE nur eine niedrige Staugefahr. Danach nimmt der Verkehr \u201ewieder merklich\u201d zu. Ab Nachmittag ist speziell auf den Heimreiserouten mit Verz\u00f6gerungen zu rechnen.\n<p id=\"absatz8\" class=\"em_text\">Auch mit dem bereits angesprochenen Ausflugsverkehr auf den Strecken rund um touristische Ziele muss nun noch st\u00e4rker gerechnet werden. Es wird insgesamt eine mittlere Staugefahr erwartet, die bis in den Abend anh\u00e4lt.<\/p>\n<p>F\u00fcr den ADAC z\u00e4hlt der Sonntagnachmittag neben Freitagnachmittag und Samstagvormittag zu den Phasen mit den meisten Staus.<\/p>\n<\/li>\n<\/ul>\n<p>An diesen Tagen reist es sich erheblich entspannter<\/p>\n<p class=\"em_text\">Zwar kann nicht jeder den Starttermin seiner Reise frei gestalten. Doch wer dabei flexibel ist, sollte besser unter der Woche am Montag, Dienstag oder Mittwoch au\u00dferhalb des Berufsverkehrs aufbrechen.<\/p>\n<p id=\"absatz9\" class=\"em_text\">Gar kein guter Startzeitpunkt ist der Freitag. Denn hier treffen die Berufspendler auf die Reisenden, was sich meist bis in den sp\u00e4ten Abend hinein mit dichtem Verkehr und hoher Staugefahr bemerkbar macht.<\/p>\n<p id=\"absatz10\" class=\"em_text\">Wer unbedingt am Wochenende starten muss, sollte das laut ACE m\u00f6glichst fr\u00fch am Morgen tun oder \u00fcberlegen, in der Nacht zu fahren. Das allerdings erfordert noch mehr Konzentration, richtige Selbsteinsch\u00e4tzung und regelm\u00e4\u00dfige Pausen. Vom Wochenende ist der Sonntag noch der beste Reisetag &#8211; mit den erst am Mittag zu erwartenden Staugefahren<\/p>\n<p>Der ACE und der ADAC erwarten in den Gro\u00dfr\u00e4umen Hamburg, Berlin, Rhein-Main, Rhein-Ruhr, Stuttgart und M\u00fcnchen, dazu auf den Fernstra\u00dfen und Nebenstrecken zur Nord- und Ostsee sowie auf folgenden Autobahnen mehr Verkehr und Staus (oft in beiden Richtungen):<\/p>\n<tr>\n<td>A 1<\/td>\n<td>Fehmarn \u2013 L\u00fcbeck \u2013 Hamburg \u2013 Bremen \u2013 Osnabr\u00fcck \u2013 M\u00fcnster \u2013 Dortmund \u2013 K\u00f6ln<\/td>\n<\/tr>\n<tr>\n<td>A 2<\/td>\n<td>Oberhausen \u2013 Dortmund \u2013 Hannover \u2013 Braunschweig \u2013 Magdeburg \u2013 Berliner Ring<\/td>\n<\/tr>\n<tr>\n<td>A 3<\/td>\n<td>Arnheim \u2013 Oberhausen \u2013 K\u00f6ln \u2013 Frankfurt\/Main \u2013 W\u00fcrzburg und Linz \u2013 Passau<\/td>\n<\/tr>\n<tr>\n<td>A 4<\/td>\n<td>Heerlen\/Aachen \u2013 K\u00f6ln \u2013 Olpe und Chemnitz \u2013 Dresden \u2013 G\u00f6rlitz<\/td>\n<\/tr>\n<tr>\n<td>A 5<\/td>\n<td>Hattenbacher Dreieck \u2013 Frankfurt\/Main \u2013 Karlsruhe \u2013 Basel<\/td>\n<\/tr>\n<tr>\n<td>A 6<\/td>\n<td>Kaiserslautern \u2013 Mannheim \u2013 Heilbronn \u2013 N\u00fcrnberg<\/td>\n<\/tr>\n<tr>\n<td>A 7<\/td>\n<td>Flensburg \u2013 Hamburg \u2013 Hannover \u2013 Kassel \u2013 W\u00fcrzburg \u2013 Ulm \u2013 F\u00fcssen\/Reutte<\/td>\n<\/tr>\n<tr>\n<td>A 8<\/td>\n<td>Karlsruhe \u2013 Stuttgart \u2013 Ulm \u2013 M\u00fcnchen \u2013 Salzburg<\/td>\n<\/tr>\n<tr>\n<td>A 9<\/td>\n<td>Berlin \u2013 Halle\/Leipzig \u2013 N\u00fcrnberg \u2013 M\u00fcnchen<\/td>\n<\/tr>\n<tr>\n<td>A 10<\/td>\n<td>Berliner Ring<\/td>\n<\/tr>\n<tr>\n<td>A 11<\/td>\n<td>Berliner Ring \u2013 Kreuz Uckermark<\/td>\n<\/tr>\n<tr>\n<td>A 12<\/td>\n<td>Berliner Ring \u2013 Frankfurt\/Oder<\/td>\n<\/tr>\n<tr>\n<td>A 13<\/td>\n<td>Dresden \u2013 Sch\u00f6nefelder Kreuz<\/td>\n<\/tr>\n<tr>\n<td>A 20<\/td>\n<td>L\u00fcbeck \u2013 Rostock<\/td>\n<\/tr>\n<tr>\n<td>A 21<\/td>\n<td>Kiel \u2013 Bargteheide<\/td>\n<\/tr>\n<tr>\n<td>A 23<\/td>\n<td>Hamburg \u2013 Heide<\/td>\n<\/tr>\n<tr>\n<td>A 24<\/td>\n<td>Hamburg \u2013 Schwerin \u2013 Pritzwalk \u2013 Berliner Ring<\/td>\n<\/tr>\n<tr>\n<td>A 27<\/td>\n<td>Bremen \u2013 Bremerhaven<\/td>\n<\/tr>\n<tr>\n<td>A 31<\/td>\n<td>Gronau \u2013 Meppen<\/td>\n<\/tr>\n<tr>\n<td>A 38<\/td>\n<td>G\u00f6ttingen \u2013 Halle<\/td>\n<\/tr>\n<tr>\n<td>A 40<\/td>\n<td>Venlo \u2013 Essen \u2013 Dortmund<\/td>\n<\/tr>\n<tr>\n<td>A 42<\/td>\n<td>Kamp-Lintfort \u2013 Dortmund<\/td>\n<\/tr>\n<tr>\n<td>A 44<\/td>\n<td>Dortmund \u2013 Kassel<\/td>\n<\/tr>\n<tr>\n<td>A 45<\/td>\n<td>Dortmund &#8211; Gie\u00dfen &#8211; Aschaffenburg<\/td>\n<\/tr>\n<tr>\n<td>A 46<\/td>\n<td>D\u00fcsseldorf \u2013 Wuppertal<\/td>\n<\/tr>\n<tr>\n<td>A 52<\/td>\n<td>D\u00fcsseldorf \u2013 Essen<\/td>\n<\/tr>\n<tr>\n<td>A 57<\/td>\n<td>Krefeld &#8211; K\u00f6ln<\/td>\n<\/tr>\n<tr>\n<td>A 59<\/td>\n<td>K\u00f6ln \u2013 Bonn<\/td>\n<\/tr>\n<tr>\n<td>A 61<\/td>\n<td>M\u00f6nchengladbach \u2013 Koblenz \u2013 Ludwigshafen<\/td>\n<\/tr>\n<tr>\n<td>A 81<\/td>\n<td>Heilbronn \u2013 Stuttgart \u2013 Singen<\/td>\n<\/tr>\n<tr>\n<td>A 93<\/td>\n<td>Kiefersfelden \u2013 Rosenheim<\/td>\n<\/tr>\n<tr>\n<td>A 95<\/td>\n<td>M\u00fcnchen \u2013 Garmisch-Partenkirchen<\/td>\n<\/tr>\n<tr>\n<td>A 96<\/td>\n<td>M\u00fcnchen \u2013 Lindau<\/td>\n<\/tr>\n<tr>\n<td>A 99<\/td>\n<td>Autobahnring M\u00fcnchen<\/td>\n<\/tr>\n<p id=\"absatz12\" class=\"em_text\">Auch der Reiseverkehr im Ausland wird immer st\u00e4rker. Die Blechlawine kann qu\u00e4lend langsam werden oder gar stillstehen &#8211; lange. Das gilt auch f\u00fcr \u00d6sterreich, wo vor allem die Transitstrecken aus n\u00f6rdlicher und nord\u00f6stlicher <br \/>Richtung stark belastet sind.<\/p>\n<p id=\"absatz13\" class=\"em_text\">Als Hauptverkehrszeiten nennt der ACE den Freitagnachmittag &#8211; speziell in den Ballungsr\u00e4umen &#8211; sowie den Samstag ab den Morgenstunden bis in den sp\u00e4ten Nachmittag. Am Sonntag herrsche ab Mittag R\u00fcckreiseverkehr.<\/p>\n<p id=\"absatz14\" class=\"em_text\">Auch hier machen zudem einige Baustellen den Reisenden das Leben weiterhin schwer. Das gilt etwa f\u00fcr die zur Generalsanierung der Luegbr\u00fccke (A 13) kurz vor dem Brennerpass sogar f\u00fcr die kommenden Jahre.<\/p>\n<p>Besonders belastet in \u00d6sterreich sind laut ACE und ADAC:<\/p>\n<ul>\n<li>A 1: West-Autobahn<\/li>\n<li>A2 \/ E 59\/60 S\u00fcdautobahn \u2013 Wien \u2013 Graz \u2013 Klagenfurt<\/li>\n<li>A 4 \/ E 60: Ost-Autobahn<\/li>\n<li>A 9 \/ E 57: Pyhrn-Autobahn Graz &#8211; Spielfeld<\/li>\n<li>A 10 \/ E 55: Tauern-Autobahn Salzburg &#8211; Villach<\/li>\n<li>A 11 \/ E 61: Karawanken-Autobahn Villach &#8211; Slowenien<\/li>\n<li>A 12 \/ E 60: Inntal-Autobahn Kufstein &#8211; Innsbruck<\/li>\n<li>A 13 \/ E 45: Brenner-Autobahn Innsbruck &#8211; Brenner<\/li>\n<li>A 14 \/ E 43: Rheintal-Autobahn Staatsgrenze Deutschland &#8211; Feldkirch<\/li>\n<li>B 179: Fernpass: F\u00fcssen &#8211; Reutte &#8211; Nassereith<\/li>\n<li>B 197: Arlberg-Bundesstra\u00dfe<\/li>\n<\/ul>\n<p id=\"absatz16\" class=\"em_text\">Zudem weisen die Clubs auf Restriktionen auf den Ausweichstrecken in Tirol hin. So gelten laut ADAC hier seit 1. Mai generell <a class=\"externalLink\" href=\"https:\/\/www.adac.de\/news\/strassensperre\/\" rel=\"nofollow noopener\" target=\"_blank\">Abfahrtssperren und Fahrverbote<\/a> an Samstagen, Sonn- und Feiertagen auf den Ausweichstrecken im Raum Reutte (Fernpassroute), Kufstein (Inntalautobahn) und im Gro\u00dfraum Innsbruck f\u00fcr den Transitverkehr.<\/p>\n<p>Wartezeiten an den Grenzen sind weiter m\u00f6glich<\/p>\n<p id=\"absatz17\" class=\"em_text\">Wegen der stichprobenhaften Einreisekontrollen an der deutschen Grenze kann es speziell an den \u00dcberg\u00e4ngen von \u00d6sterreich \u2013 Suben (A 3), Walserberg (A 8) und Kiefersfelden (A 93) \u2013 zu Wartezeiten kommen.<\/p>\n<p id=\"absatz18\" class=\"em_text\">Die aktuellen Reisezeiten in Echtzeit lassen sich f\u00fcr viele wichtige Transitkorridore des \u00f6sterreichischen Autobahnnetzes in n\u00f6rdlicher und s\u00fcdlicher Richtung auf der <a class=\"externalLink\" href=\"https:\/\/routenplaner.asfinag.at\/?activeTab=traveltime\" rel=\"nofollow noopener\" target=\"_blank\">Webseite<\/a> der Asfinag ansehen.<\/p>\n<p>Auch die Schweizer Autobahnen f\u00fcllen sich zunehmend<\/p>\n<p id=\"absatz19\" class=\"em_text\">Auch in der Schweiz verst\u00e4rkt sich der Transitverkehr vor allem in s\u00fcdlicher Richtung, so die Autoclubs. Neben den Hauptachsen wie etwa der A 1 (Bern \u2013 Z\u00fcrich \u2013 St. Gallen) oder der A 3 (Basel \u2013 Z\u00fcrich \u2013 Chur) ist hier die Gotthardroute (A 2) speziell gef\u00e4hrdet. Dort sind laut ACE lange Staus mit zuweilen \u201eerheblichen Wartezeiten\u201d vor dem Tunnel m\u00f6glich &#8211; und das bereits ab Freitagnachmittag.<\/p>\n<p id=\"absatz20\" class=\"em_text\">Ab einer Stunde Wartezeit vor dem Gotthardtunnel kommt dem ACE zufolge ein Ausweichen \u00fcber die San-Bernardino-Route (A 13) infrage. Letztere d\u00fcrfte allerdings auch stark befahren sein. <\/p>\n","protected":false},"excerpt":{"rendered":"Am kommenden Wochenende (17. bis 19. Juli) sieht der Auto Club Europa (ACE) die bislang \u201egr\u00f6\u00dfte Reisewelle der&hellip;\n","protected":false},"author":2,"featured_media":1164056,"comment_status":"","ping_status":"","sticky":false,"template":"","format":"standard","meta":{"footnotes":"","_share_on_mastodon":"0"},"categories":[1834],"tags":[30097,4074,7887,30100,5543,21458,582,214718,27353,3364,11216,29,217,3405,3688,2979,2051,30,244092,692,46,1420,700,1466,1268,1209,7292,176,1433,2852,624,4562,10651,244093,5206,5522,11290,244094,5716,7041,20214,1441,244095,1163,8665,12755,601,17956,82869,15205],"class_list":["post-1164055","post","type-post","status-publish","format-standard","has-post-thumbnail","category-essen","tag-ace","tag-adac","tag-alpen","tag-auto-club-europa","tag-autobahn","tag-autobahnen","tag-automobilindustrie","tag-bielefeld-mitte","tag-cuxhaven","tag-de","tag-deichbrand-festival","tag-deutschland","tag-dortmund","tag-duesseldorf","tag-essen","tag-formel-1-rennen","tag-frankfurt-am-main","tag-germany","tag-grosser-preis-von-belgien","tag-hamburg","tag-hannover","tag-koeln","tag-mittelmeer","tag-mobilitaet","tag-muenchen","tag-nordrhein-westfalen","tag-nordsee","tag-nrw","tag-oesterreich","tag-ostsee","tag-ratgeber","tag-reise","tag-reisewelle","tag-reutte","tag-rhein","tag-ruhr","tag-sommerferien","tag-spa-francorchamp","tag-stau","tag-staugefahr","tag-stauprognose","tag-stuttgart","tag-tmn0733","tag-tourismus","tag-tpds","tag-ulm","tag-verkehr","tag-verstopfung","tag-weeze","tag-wuerzburg"],"share_on_mastodon":{"url":"","error":"Validation failed: Text character limit of 500 exceeded"},"_links":{"self":[{"href":"https:\/\/www.europesays.com\/de\/wp-json\/wp\/v2\/posts\/1164055","targetHints":{"allow":["GET"]}}],"collection":[{"href":"https:\/\/www.europesays.com\/de\/wp-json\/wp\/v2\/posts"}],"about":[{"href":"https:\/\/www.europesays.com\/de\/wp-json\/wp\/v2\/types\/post"}],"author":[{"embeddable":true,"href":"https:\/\/www.europesays.com\/de\/wp-json\/wp\/v2\/users\/2"}],"replies":[{"embeddable":true,"href":"https:\/\/www.europesays.com\/de\/wp-json\/wp\/v2\/comments?post=1164055"}],"version-history":[{"count":0,"href":"https:\/\/www.europesays.com\/de\/wp-json\/wp\/v2\/posts\/1164055\/revisions"}],"wp:featuredmedia":[{"embeddable":true,"href":"https:\/\/www.europesays.com\/de\/wp-json\/wp\/v2\/media\/1164056"}],"wp:attachment":[{"href":"https:\/\/www.europesays.com\/de\/wp-json\/wp\/v2\/media?parent=1164055"}],"wp:term":[{"taxonomy":"category","embeddable":true,"href":"https:\/\/www.europesays.com\/de\/wp-json\/wp\/v2\/categories?post=1164055"},{"taxonomy":"post_tag","embeddable":true,"href":"https:\/\/www.europesays.com\/de\/wp-json\/wp\/v2\/tags?post=1164055"}],"curies":[{"name":"wp","href":"https:\/\/api.w.org\/{rel}","templated":true}]}}