{"id":1164176,"date":"2026-07-13T18:50:27","date_gmt":"2026-07-13T18:50:27","guid":{"rendered":"https:\/\/www.europesays.com\/de\/1164176\/"},"modified":"2026-07-13T18:50:27","modified_gmt":"2026-07-13T18:50:27","slug":"br24-sport-nach-starker-rueckrunde-will-der-fc-augsburg-jetzt-nach-europa","status":"publish","type":"post","link":"https:\/\/www.europesays.com\/de\/1164176\/","title":{"rendered":"BR24 Sport: Nach starker R\u00fcckrunde: Will der FC Augsburg jetzt nach Europa?"},"content":{"rendered":"<p>            <img loading=\"lazy\" decoding=\"async\" class=\"ts-image\" src=\"https:\/\/www.europesays.com\/de\/wp-content\/uploads\/2026\/07\/br-sechs-neue-fuer-trainer-manuel-baum-mitte-beim-fc-augsburg-100.jpg\" alt=\"Sechs Neue f\u00fcr Trainer Manuel Baum (Mitte) beim FC Augsburg\" title=\"Sechs Neue f\u00fcr Trainer Manuel Baum (Mitte) beim FC Augsburg | picture-alliance \/ dpa\"\/><\/p>\n<p class=\"metatextline\">Stand: 13.07.2026 \u2022 20:18 Uhr<\/p>\n<p class=\"article-head__shorttext\">\n        <strong>In der vergangenen Bundesliga-Saison verpasste der FC Augsburg den Europapokal nur knapp und wurde Neunter. In der neuen Spielzeit wollen die Bayerischen Schwaben sich weiter verbessern. Reicht es diesmal f\u00fcr Europa?<\/strong>\n    <\/p>\n<p class=\"textabsatz m-ten m-offset-one l-eight l-offset-two columns twelve\">Bournemouth, Sassuolo, Leeds United. Die Testspielgegner des FC Augsburg klingen schon mal nach europ\u00e4ischem Gesch\u00e4ft. Doch von diesem Saisonziel wollte Trainer Manuel Baum beim Trainingsauftakt am Montag (13.07.2026) nicht aussprechen. Stattdessen referierte er &#8211; wie schon in der letzten Saison &#8211; von den kleinen Schritten, die sein Team auch in der neuen Spielzeit gehen m\u00fcssen wird.<\/p>\n<p>    Saisonanalyse mit Kart und Karaoke<\/p>\n<p class=\"textabsatz m-ten m-offset-one l-eight l-offset-two columns twelve\">Das war eine von vielen Erkenntnissen eines Teambuildingtrips ins Pitztal. Auf einer H\u00fctte setzten sich Trainerteam und die Vereinsverantwortlichen zusammen und analysierten die abgelaufene Saison. Der Spa\u00df sei in diesen drei Tagen aber auch nicht zu kurz gekommen, beruhigte Baum, &#8222;dass wir mit ein paar Geschichten nach Hause kommen, die ganz nett sind&#8220;.<\/p>\n<p class=\"textabsatz m-ten m-offset-one l-eight l-offset-two columns twelve\">Auf dem Programm stand ein Kart-Rennen den Berg hinunter. Dort habe sich gezeigt, &#8222;wer etwas mutiger ist und wer den anderen abdr\u00e4ngen will vom Trainerteam&#8220;, schilderte Baum. Auch der Karaoke-Abend blieb allen Beteiligten in Erinnerung, wenn auch weniger aufgrund der Qualit\u00e4t der Darbietung. Schwerwiegende Folgen h\u00e4tten die Gesangsk\u00fcnste der Augsburger aber nicht gehabt. &#8222;Es sind keine Lawinen abgegangen&#8220;, scherzte der Chefcoach.<\/p>\n<p class=\"textabsatz m-ten m-offset-one l-eight l-offset-two columns twelve\">In Augsburg wollen sie dann doch lieber auf dem Platz ihr K\u00f6nnen beweisen als am Mikrofon oder am Steuer.<\/p>\n<p>    Transfers: FC Augsburg setzt auf junge Spieler<\/p>\n<p class=\"textabsatz m-ten m-offset-one l-eight l-offset-two columns twelve\">Damit sie die Fehler der vergangenen Saison nicht mehr machen, sind die Schwaben auch auf dem Transfermarkt aktiv geworden. Mit sechs Neuzug\u00e4ngen posierte Trainer Baum am Trainingsgel\u00e4nde vor den Fotografen, wobei Yannic Keidel und Rodrigo Ribeiro schon die R\u00fcckrunde beim FCA verbracht hatten und nun fest verpflichtet wurden. Leihgabe Gregoritsch, der nach seiner Leihe ebenfalls an den Verein gebunden wurde, hat noch WM-Urlaub.<\/p>\n<p class=\"textabsatz m-ten m-offset-one l-eight l-offset-two columns twelve\">Neu dabei sind Calvin Brackelmann (SC Paderborn), Hennes Behrens (TSG Hoffenheim), Sima Suso (Fortuna D\u00fcsseldorf) und Faik Sakar, der aus der U19 von RB Leipzig kommt. &#8222;Da haben wir wirklich tolle Spieler auch wieder geholt oder behalten k\u00f6nnen, die sowohl zur Kultur des Vereins passen, aber inhaltlich passen&#8220;, freut sich Baum. Die Genannten gelten als entwicklungsf\u00e4hig. Auch der 26-j\u00e4hrige Brackelmann, der in Paderborn zum besten Innenverteidiger der 2. Bundesliga reifte. Schon damals hatte ihn Sportdirektor Benjamin Weber verpflichtet.<\/p>\n<p>    Baum schlie\u00dft weitere Abg\u00e4nge nicht aus<\/p>\n<p class=\"textabsatz m-ten m-offset-one l-eight l-offset-two columns twelve\">Brackelmann schlie\u00dft die L\u00fccke, die die Abg\u00e4nge von Arthur Chaves und C\u00e9dric Zesiger hinterlassen hat. Zesiger wechselte aus pers\u00f6nlichen Gr\u00fcnden in seine Heimat zu den Young Boys Bern, Chaves kehrte zu seinem Stammverein Hoffenheim zur\u00fcck. Weitere Abg\u00e4nge sind nicht auszuschlie\u00dfen, wei\u00df auch Trainer Baum. Um Offensivtalent Mert K\u00f6m\u00fcr halten sich hartn\u00e4ckige Ger\u00fcchte. Der 20-J\u00e4hrige soll auf dem Einkaufszettel von Besiktas Istanbul stehen. Auch Linksverteidiger Dimitrios Gianoulis soll es in die griechische Heimat ziehen. Der Behrens-Transfer ist m\u00f6glicherweise eine fr\u00fchzeitige Prophylaxe f\u00fcr einen Gianoulis-Abgang.<\/p>\n<p class=\"textabsatz m-ten m-offset-one l-eight l-offset-two columns twelve\">&#8222;Sollte jemand auf die Idee kommen, einer unserer tollen Spieler wegzuholen&#8220;, sieht Baum die Mannschaft also nicht auseinanderbrechen.<\/p>\n<p>    Will der FC Augsburg diesmal nach Europa?<\/p>\n<p class=\"textabsatz m-ten m-offset-one l-eight l-offset-two columns twelve\">Die freie Zeit in Augsburg verbrachte der Fu\u00dfballfachmann Baum als TV-Taktikexperte im Zuge der Fu\u00dfball-WM. Dabei gewann er die ein oder andere Erkenntnis, die sich so auch aufs Augsburger Spiel \u00fcbertragen lie\u00dfe. Es sei schon auff\u00e4llig bei dem Turnier, analysierte Baum, &#8222;dass viele Mannschaften, die spielerisch gut sind, echt Probleme haben, wenn eine Mannschaft gut dagegen k\u00e4mpft&#8220;. Auch die Augsburger zeichnete in der Vergangenheit oft die Leidenschaft aus.<\/p>\n<p class=\"textabsatz m-ten m-offset-one l-eight l-offset-two columns twelve\">Ziele f\u00fcr die neue Saison mied der Chef, lie\u00df sich dann aber doch noch etwas entlocken, was FCA-Fans freuen d\u00fcrfte. Auf die Frage, ob man nicht besser als Platz neun sein k\u00f6nne, antwortete Baum: &#8222;Aktuell spricht jetzt mal nichts dagegen, aber wir m\u00fcssen erst uns auf das eine immer konzentrieren, jedes Spiel zu gewinnen.&#8220;<\/p>\n<p class=\"textabsatz m-ten m-offset-one l-eight l-offset-two columns twelve\">Am Weg der kleinen Schritte f\u00fchrt in Augsburg also keiner vorbei. Doch vielleicht f\u00fchrt die Reise ja diesmal nach Europa. Manuel Baum und seine Mannschaft h\u00e4tten sicher nichts dagegen.<\/p>\n<p class=\"textabsatz m-ten m-offset-one l-eight l-offset-two columns twelve\">Quelle: BR24Sport 13.07.2026 &#8211; 16:50 Uhr<\/p>\n<p>                                        <a class=\"backlink__link\" href=\"https:\/\/www.br.de\/nachrichten\/sport\/saisonanalyse-mit-kart-und-karaoke-wollen-manuel-baum-und-der-fc-augsburg-jetzt-nach-europa,VPFuoRe\" rel=\"nofollow noopener\" target=\"_blank\"><\/p>\n<p>                                                <img decoding=\"async\" src=\"https:\/\/images.sportschau.de\/image\/05fe9eb0-903d-4c3a-83ba-894c6893cc80\/AAABlap_YQI\/AAABnR8VW9w\/original\/lra-br-logo-100.svg\" alt=\"Bayerischer Rundfunk\"\/><\/p>\n<p>                                        <\/a><\/p>\n","protected":false},"excerpt":{"rendered":"Stand: 13.07.2026 \u2022 20:18 Uhr In der vergangenen Bundesliga-Saison verpasste der FC Augsburg den Europapokal nur knapp und&hellip;\n","protected":false},"author":2,"featured_media":1164177,"comment_status":"","ping_status":"","sticky":false,"template":"","format":"standard","meta":{"footnotes":"","_share_on_mastodon":"0"},"categories":[3933],"tags":[331,332,3204,548,663,158,3934,3935,483,13,92758,14,15,12,7727,265],"class_list":["post-1164176","post","type-post","status-publish","format-standard","has-post-thumbnail","category-eu","tag-aktuelle-nachrichten","tag-aktuelle-news","tag-br","tag-eu","tag-europa","tag-europaeische-union","tag-europe","tag-european-union","tag-fc-augsburg","tag-headlines","tag-manuel-baum","tag-nachrichten","tag-news","tag-schlagzeilen","tag-schwaben","tag-sport"],"share_on_mastodon":{"url":"https:\/\/pubeurope.com\/@de\/116914174748522329","error":""},"_links":{"self":[{"href":"https:\/\/www.europesays.com\/de\/wp-json\/wp\/v2\/posts\/1164176","targetHints":{"allow":["GET"]}}],"collection":[{"href":"https:\/\/www.europesays.com\/de\/wp-json\/wp\/v2\/posts"}],"about":[{"href":"https:\/\/www.europesays.com\/de\/wp-json\/wp\/v2\/types\/post"}],"author":[{"embeddable":true,"href":"https:\/\/www.europesays.com\/de\/wp-json\/wp\/v2\/users\/2"}],"replies":[{"embeddable":true,"href":"https:\/\/www.europesays.com\/de\/wp-json\/wp\/v2\/comments?post=1164176"}],"version-history":[{"count":0,"href":"https:\/\/www.europesays.com\/de\/wp-json\/wp\/v2\/posts\/1164176\/revisions"}],"wp:featuredmedia":[{"embeddable":true,"href":"https:\/\/www.europesays.com\/de\/wp-json\/wp\/v2\/media\/1164177"}],"wp:attachment":[{"href":"https:\/\/www.europesays.com\/de\/wp-json\/wp\/v2\/media?parent=1164176"}],"wp:term":[{"taxonomy":"category","embeddable":true,"href":"https:\/\/www.europesays.com\/de\/wp-json\/wp\/v2\/categories?post=1164176"},{"taxonomy":"post_tag","embeddable":true,"href":"https:\/\/www.europesays.com\/de\/wp-json\/wp\/v2\/tags?post=1164176"}],"curies":[{"name":"wp","href":"https:\/\/api.w.org\/{rel}","templated":true}]}}