{"id":1164199,"date":"2026-07-13T19:03:27","date_gmt":"2026-07-13T19:03:27","guid":{"rendered":"https:\/\/www.europesays.com\/de\/1164199\/"},"modified":"2026-07-13T19:03:27","modified_gmt":"2026-07-13T19:03:27","slug":"your-dresden-story-persoenliche-stadt-geschichte-mitschreiben-dawo","status":"publish","type":"post","link":"https:\/\/www.europesays.com\/de\/1164199\/","title":{"rendered":"&#8222;Your Dresden Story&#8220;: Pers\u00f6nliche Stadt-Geschichte mitschreiben &#8211; DAWO!"},"content":{"rendered":"<p><img decoding=\"async\" src=\"https:\/\/www.europesays.com\/de\/wp-content\/uploads\/2026\/07\/Your_Dresden_Story-678x381.jpg\" alt=\"Stadtmuseum Your Dresden Story\" title=\"Your_Dresden_Story\" class=\"lazyload\" style=\"--smush-placeholder-width: 678px; --smush-placeholder-aspect-ratio: 678\/381;\"\/><br \/>\nFoto: Stadtmuseum Dresden<\/p>\n<p><strong>Wer im Stadtmuseum die st\u00e4ndige Ausstellung zur Stadtgeschichte besucht, findet hier Objekte vor, die eindimensional vermittelt werden. Also Gegenst\u00e4nde, Bilder und Erkl\u00e4rtafeln, die \u00fcber den Anlass der Ausstellung informieren. Doch wie leben die Menschen in dieser Stadt? <\/strong><\/p>\n<p>Was verbinden sie mit ihr? Was ist ihre pers\u00f6nliche Stadt-Geschichte? Wie sieht ihr Alltag aus? Was erz\u00e4hlt ein alter Schl\u00fcssel \u00fcber eine Stadt? Warum hebt jemand ein Konzertticket \u00fcber Jahre auf? Was hat es mit der zerbeulten Spr\u00fchdose eigentlich auf sich?<br \/>Das herauszufinden soll \u00fcber die neue digitale Plattform \u201eYour Dresden Story\u201c geschehen. Oft sind es n\u00e4mlich allt\u00e4gliche Dinge, die Erinnerungen bewahren und Stadtgeschichte(n) sichtbar, erlebbar und vor allem pers\u00f6nlich machen.<\/p>\n<p>So geht Beteiligung?<\/p>\n<p>Jeder kann Fotos von Gegenst\u00e4nden oder Orten in der Stadt hochladen und die Geschichte(n) dahinter erz\u00e4hlen \u2013 ganz pers\u00f6nlich aus seiner Perspektive auf Dresden. Nach einer kurzen redaktionellen Pr\u00fcfung werden die Beitr\u00e4ge ver\u00f6ffentlicht und k\u00f6nnen geteilt werden. \u201eWer ein Foto aus einem Familienalbum hochl\u00e4dt oder eine Kindheitserinnerung aufschreibt, macht mehr als einen Klick. Er gibt etwas von sich preis \u2013 freiwillig und \u00f6ffentlich. Das setzt Vertrauen voraus\u201c, sagt Linda Karohl-Kistmacher, Digitalmanagerin der st\u00e4dtischen Museen. Man habe daher die Plattform so einfach wie m\u00f6glich gehalten. \u201eWir sammeln keine unn\u00f6tigen Daten. Es gibt keinen Registrierungszwang. Wir haben einen transparenten Freigabeprozess und \u00e4ndern nichts ohne R\u00fccksprache \u2013 wer mitmacht beh\u00e4lt die Kontrolle. Und wir achten darauf, dass keine Rechte Dritter verletzt werden oder jemand in einem Beitrag einbezogen wird, der das nicht m\u00f6chte.\u201c <br \/><strong>Beteiligung unter <a href=\"https:\/\/yourstory.stadtmuseum-dresden.de\" rel=\"nofollow noopener\" target=\"_blank\">https:\/\/yourstory.stadtmuseum-dresden.de<\/a><\/strong><\/p>\n<p>&#13;<br \/>\n\t\t\t\t Post Views: 109&#13;\n\t\t\t<\/p>\n","protected":false},"excerpt":{"rendered":"Foto: Stadtmuseum Dresden Wer im Stadtmuseum die st\u00e4ndige Ausstellung zur Stadtgeschichte besucht, findet hier Objekte vor, die eindimensional&hellip;\n","protected":false},"author":2,"featured_media":1164200,"comment_status":"","ping_status":"","sticky":false,"template":"","format":"standard","meta":{"footnotes":"","_share_on_mastodon":"0"},"categories":[1835],"tags":[3364,29,2386,30,859,29050,239170],"class_list":["post-1164199","post","type-post","status-publish","format-standard","has-post-thumbnail","category-dresden","tag-de","tag-deutschland","tag-dresden","tag-germany","tag-sachsen","tag-stadtmuseum","tag-your-dresden-story"],"share_on_mastodon":{"url":"https:\/\/pubeurope.com\/@de\/116914227001956443","error":""},"_links":{"self":[{"href":"https:\/\/www.europesays.com\/de\/wp-json\/wp\/v2\/posts\/1164199","targetHints":{"allow":["GET"]}}],"collection":[{"href":"https:\/\/www.europesays.com\/de\/wp-json\/wp\/v2\/posts"}],"about":[{"href":"https:\/\/www.europesays.com\/de\/wp-json\/wp\/v2\/types\/post"}],"author":[{"embeddable":true,"href":"https:\/\/www.europesays.com\/de\/wp-json\/wp\/v2\/users\/2"}],"replies":[{"embeddable":true,"href":"https:\/\/www.europesays.com\/de\/wp-json\/wp\/v2\/comments?post=1164199"}],"version-history":[{"count":0,"href":"https:\/\/www.europesays.com\/de\/wp-json\/wp\/v2\/posts\/1164199\/revisions"}],"wp:featuredmedia":[{"embeddable":true,"href":"https:\/\/www.europesays.com\/de\/wp-json\/wp\/v2\/media\/1164200"}],"wp:attachment":[{"href":"https:\/\/www.europesays.com\/de\/wp-json\/wp\/v2\/media?parent=1164199"}],"wp:term":[{"taxonomy":"category","embeddable":true,"href":"https:\/\/www.europesays.com\/de\/wp-json\/wp\/v2\/categories?post=1164199"},{"taxonomy":"post_tag","embeddable":true,"href":"https:\/\/www.europesays.com\/de\/wp-json\/wp\/v2\/tags?post=1164199"}],"curies":[{"name":"wp","href":"https:\/\/api.w.org\/{rel}","templated":true}]}}