{"id":1164216,"date":"2026-07-13T19:12:27","date_gmt":"2026-07-13T19:12:27","guid":{"rendered":"https:\/\/www.europesays.com\/de\/1164216\/"},"modified":"2026-07-13T19:12:27","modified_gmt":"2026-07-13T19:12:27","slug":"bin-sehr-gluecklich-hertha-juwel-wechselt-zu-lok-leipzig","status":"publish","type":"post","link":"https:\/\/www.europesays.com\/de\/1164216\/","title":{"rendered":"&#8222;Bin sehr gl\u00fccklich&#8220;: Hertha-Juwel wechselt zu Lok Leipzig"},"content":{"rendered":"<p>Mit 3:1 gewann <a href=\"https:\/\/www.fussballdaten.de\/vereine\/hertha-bsc\/\" title=\"Profil von Hertha BSC\" rel=\"nofollow noopener\" target=\"_blank\">Hertha BSC<\/a> am Samstag gegen den <a href=\"https:\/\/www.fussballdaten.de\/vereine\/1.-fc-lokomotive-leipzig\/\" title=\"Profil von 1. FC Lokomotive Leipzig\" rel=\"nofollow noopener\" target=\"_blank\">1. FC Lokomotive Leipzig<\/a> und beendete die Testspielphase vor der Reise ins Trainingslager erfolgreich. Neben dem Platz l\u00e4uft bei den Berlinern der mehrfach erw\u00e4hnte gro\u00dffl\u00e4chige Kaderumbruch, der aktuell mit vielen Abg\u00e4ngen best\u00fcckt ist. Kein einziger Neuzugang wurde bislang verk\u00fcndet. Jetzt wechselt mit <a href=\"https:\/\/www.fussballdaten.de\/person\/eliyas-strasner\/\" title=\"Profil von Eliyas Strasner\" rel=\"nofollow noopener\" target=\"_blank\">Eliyas Strasner<\/a> ein Juwel aus der U23 zu Lok Leipzig.<\/p>\n<p class=\"mb20 mt30\">&#8222;Mit Eliyas konnten wir einen spielstarken linken Au\u00dfenverteidiger verpflichten. Er wurde bei Hertha sehr gut ausgebildet und hat jetzt zwei Jahre in der Regionalliga Nordost gute Leistungen gezeigt&#8220;, l\u00e4sst sich Loks Sport-Gesch\u00e4ftsf\u00fchrer Toni Wachsmuth in einer Mitteilung zitieren. F\u00fcr Strasner und der Mannschaft gilt es nun &#8222;ihn schnell in den Trainingsrhythmus und in die Mannschaft zu integrieren.&#8220;<\/p>\n<p>Strasner ab sofort Lok-Spieler<\/p>\n<p class=\"mb20 mt30\">Die neue Nummer 3 ersetzt David <a href=\"https:\/\/www.fussballdaten.de\/person\/david-grozinger\/\" title=\"Profil von David Grozinger\" rel=\"nofollow noopener\" target=\"_blank\">Gr\u00f6zinger<\/a>, der \u00fcberraschend die Leipziger verlassen hat und nun f\u00fcr <a href=\"https:\/\/www.fussballdaten.de\/vereine\/vfr-aalen\/\" title=\"Profil von VfR Aalen\" rel=\"nofollow noopener\" target=\"_blank\">VfR Aalen<\/a> auflaufen wird. Als Linksverteidiger wird Strasner ab sofort auf der Seite f\u00fcr Sicherheit sorgen. &#8222;Ich bin sehr gl\u00fccklich, jetzt Teil von Lok Leipzig zu sein&#8220;, sagt Strasner. &#8222;Ein Verein mit so einer gro\u00dfen Tradition ist etwas Besonderes und ich freue mich darauf, die Mannschaft kennenzulernen und endlich auf dem Platz loszulegen.&#8220;<\/p>\n<p class=\"mb20 mt30\">Bei seinem neuen Arbeitgeber hat Strasner einen Vertrag bis 2028 unterschrieben. Der geb\u00fcrtige Berliner und ehemaliger U18-Nationalspieler wurde bereits 2011 ins NLZ von Hertha aufgenommen und durchlief seitdem alle Jugendmannschaften. Durch seine guten Leistungen und als technisch hervorragenden Spieler r\u00fcckte er 2024 in die U23 der Alten Dame, wo er insgesamt 60 Spiele absolvierte. Vier Tore und vier Vorlagen ist die Bilanz.<\/p>\n<p class=\"mb20 mt30\">In der Saison 2023\/24 stand Strasner einmal im Kader der Profis. Einen Einsatz bekam er aber nie.<\/p>\n<p><img loading=\"lazy\" decoding=\"async\" src=\"https:\/\/www.europesays.com\/de\/wp-content\/uploads\/2026\/07\/e95cf6baae4d41218e50cb2ac7359b9b.gif\" width=\"1\" height=\"1\" alt=\"\" class=\"mb20 mt30\"\/><\/p>\n","protected":false},"excerpt":{"rendered":"Mit 3:1 gewann Hertha BSC am Samstag gegen den 1. FC Lokomotive Leipzig und beendete die Testspielphase vor&hellip;\n","protected":false},"author":2,"featured_media":1164217,"comment_status":"","ping_status":"","sticky":false,"template":"","format":"standard","meta":{"footnotes":"","_share_on_mastodon":"0"},"categories":[1832],"tags":[12440,995,3364,29,244123,30,1088,16593,219626,71,3457,218404,859,21031],"class_list":["post-1164216","post","type-post","status-publish","format-standard","has-post-thumbnail","category-leipzig","tag-1-fc-lokomotive-leipzig","tag-3-liga","tag-de","tag-deutschland","tag-eliyas-strasner","tag-germany","tag-hertha-bsc","tag-hertha-bsc-ii","tag-hertha-bsc-u19","tag-leipzig","tag-lok-leipzig","tag-regionalliga-nord-ost","tag-sachsen","tag-vfr-aalen"],"share_on_mastodon":{"url":"https:\/\/pubeurope.com\/@de\/116914262612200459","error":""},"_links":{"self":[{"href":"https:\/\/www.europesays.com\/de\/wp-json\/wp\/v2\/posts\/1164216","targetHints":{"allow":["GET"]}}],"collection":[{"href":"https:\/\/www.europesays.com\/de\/wp-json\/wp\/v2\/posts"}],"about":[{"href":"https:\/\/www.europesays.com\/de\/wp-json\/wp\/v2\/types\/post"}],"author":[{"embeddable":true,"href":"https:\/\/www.europesays.com\/de\/wp-json\/wp\/v2\/users\/2"}],"replies":[{"embeddable":true,"href":"https:\/\/www.europesays.com\/de\/wp-json\/wp\/v2\/comments?post=1164216"}],"version-history":[{"count":0,"href":"https:\/\/www.europesays.com\/de\/wp-json\/wp\/v2\/posts\/1164216\/revisions"}],"wp:featuredmedia":[{"embeddable":true,"href":"https:\/\/www.europesays.com\/de\/wp-json\/wp\/v2\/media\/1164217"}],"wp:attachment":[{"href":"https:\/\/www.europesays.com\/de\/wp-json\/wp\/v2\/media?parent=1164216"}],"wp:term":[{"taxonomy":"category","embeddable":true,"href":"https:\/\/www.europesays.com\/de\/wp-json\/wp\/v2\/categories?post=1164216"},{"taxonomy":"post_tag","embeddable":true,"href":"https:\/\/www.europesays.com\/de\/wp-json\/wp\/v2\/tags?post=1164216"}],"curies":[{"name":"wp","href":"https:\/\/api.w.org\/{rel}","templated":true}]}}