{"id":116426,"date":"2025-05-17T00:19:09","date_gmt":"2025-05-17T00:19:09","guid":{"rendered":"https:\/\/www.europesays.com\/de\/116426\/"},"modified":"2025-05-17T00:19:09","modified_gmt":"2025-05-17T00:19:09","slug":"teile-der-suedstadt-versinken-im-muell-ratten-und-maeuse-angezogen","status":"publish","type":"post","link":"https:\/\/www.europesays.com\/de\/116426\/","title":{"rendered":"Teile der S\u00fcdstadt versinken im M\u00fcll \u2013 Ratten und M\u00e4use angezogen"},"content":{"rendered":"<p class=\"font-bold text-18 leading-17\">Die Stadt hat illegale M\u00fcllpl\u00e4tze in der S\u00fcdstadt schon eingez\u00e4unt. Doch das Problem ist geblieben. Mittlerweile ziehe es Ratten an, sagt ein Anwohner.<\/p>\n<p class=\"text-18 leading-17\">Erich Rodler spricht von einer &#8222;Katastrophe&#8220;. Der Senior wohnt seit 46 Jahren am Humboldtplatz \u2013 einer der Orte, der von dem M\u00fcllproblem besonders betroffen ist. t-online trifft ihn am dortigen Altglascontainer. Davor liegt ein Karton mit einer alten Toilettensch\u00fcssel, ein Teppich und anderer Unrat. &#8222;Das ist heute noch gar nicht schlimm&#8220;, sagt Rodler. An dem Glascontainer seien auch schon komplette K\u00fcchen- oder Wohnzimmereinrichtungen entsorgt worden.<\/p>\n<p class=\"text-18 leading-17\">Die Z\u00e4une seien verschwunden, der M\u00fcll aber geblieben, sagt Rodler. Der Stadtverwaltung macht er schwere Vorw\u00fcrfe, sie k\u00fcmmere sich nicht. Eine Sprecherin des Abfallwirtschaftsbetriebs der Stadt <a class=\"transition-colors duration-200 cursor-pointer text-inherit no-underline text-salemsfur md:hover:text-magenta md:hover:border-magenta md:focus:text-magenta border-current border-b border-solid break-words\" href=\"https:\/\/www.t-online.de\/region\/nuernberg\/\" data-sctrack=\"BodyAnchor\" rel=\"nofollow noopener\" target=\"_blank\">N\u00fcrnberg<\/a> (ASN) weist das zur\u00fcck. Bezugnehmend auf die Z\u00e4une vom Februar sagt sie, viele B\u00fcrger h\u00e4tten begr\u00fc\u00dft, &#8222;dass das Problem der wilden Abfallablagerungen so plakativ angegangen wird.&#8220;<\/p>\n<p class=\"text-18 leading-17\">Auch jetzt werde die Kampagne noch weiter fortgef\u00fchrt, sagt die Sprecherin. So w\u00fcrden Beratungsgespr\u00e4che in den betroffenen Gegenden angeboten und Flyer verteilt. Zudem weist sie darauf hin, dass der Abfallwirtschaftsbetrieb gegen Menschen, die illegal M\u00fcll ablagern, ein Ordnungswidrigkeitsverfahren einleitet. Wenn der Verursacher bekannt ist, droht ein Bu\u00dfgeld von bis zu 2.500 Euro.<\/p>\n<p class=\"text-18 leading-17\">Das schreckt am Humboldtplatz offenbar viele nicht ab. Die Situation dort ist kein Einzelfall. Weitere M\u00fcllbrennpunkte finden sich in der ganzen S\u00fcdstadt: Ein paar Meter weiter am Annapark etwa. Auch am Melanchthonplatz, einen guten Kilometer entfernt, gleicht sich das Bild.<\/p>\n<p class=\"text-18 leading-17\">Am Melanchthonplatz trifft t-online einen weiteren Herren. Er sei vor fast 50 Jahren als Einwanderer nach N\u00fcrnberg gekommen und wohne seitdem in der S\u00fcdstadt, sagt er. Der Mann beschreibt das Dilemma vor Ort so: &#8222;Die Stadt r\u00e4umt auf, wenig sp\u00e4ter steht wieder \u00fcberall M\u00fcll&#8220;. Er vermutet, dass der M\u00fcll mitten in der Nacht rund um die Container abgeladen werde. Mittlerweile ziehe der Unrat auch Ratten und M\u00e4use an, klagt der Anwohner.<\/p>\n<p class=\"text-18 leading-17\">Seit f\u00fcnf Jahren nehmen die M\u00fcllberge \u00fcberhand, sch\u00e4tzt der Mann. \u00c4hnliches best\u00e4tigt auch Rodler vom Humboldtplatz. Beide vermuten, dass die Situation auch mit den vielen Migranten in der S\u00fcdstadt zusammenh\u00e4nge. Viele w\u00fcssten nicht, wie man richtig M\u00fcll entsorgt, so ihre Mutma\u00dfung.<\/p>\n<p class=\"text-18 leading-17\">Die Stadt sagte im Februar, dass sich das Wort Sperrm\u00fcll nur schwer in andere Sprachen \u00fcbersetzen lasse. Deshalb wurden Aufkleber mit Zeichnungen an den Glascontainern angebracht. Die sollen erkl\u00e4ren, wie man M\u00fcll richtig entsorgt. Die Aufkleber h\u00e4ngen auch an den Containern am Humboldtplatz bei Erich Rodler \u2013 doch der Sperrm\u00fcll liegt direkt daneben.<\/p>\n","protected":false},"excerpt":{"rendered":"Die Stadt hat illegale M\u00fcllpl\u00e4tze in der S\u00fcdstadt schon eingez\u00e4unt. Doch das Problem ist geblieben. Mittlerweile ziehe es&hellip;\n","protected":false},"author":2,"featured_media":116427,"comment_status":"","ping_status":"","sticky":false,"template":"","format":"standard","meta":{"footnotes":""},"categories":[1837],"tags":[772,3364,29,30,44949,4103,44948,3783,14901,28103,8979],"class_list":{"0":"post-116426","1":"post","2":"type-post","3":"status-publish","4":"format-standard","5":"has-post-thumbnail","7":"category-nuernberg","8":"tag-bayern","9":"tag-de","10":"tag-deutschland","11":"tag-germany","12":"tag-glascontainer","13":"tag-muell","14":"tag-muellplatz","15":"tag-nuernberg","16":"tag-ratten","17":"tag-sperrmuell","18":"tag-suedstadt"},"share_on_mastodon":{"url":"","error":""},"_links":{"self":[{"href":"https:\/\/www.europesays.com\/de\/wp-json\/wp\/v2\/posts\/116426","targetHints":{"allow":["GET"]}}],"collection":[{"href":"https:\/\/www.europesays.com\/de\/wp-json\/wp\/v2\/posts"}],"about":[{"href":"https:\/\/www.europesays.com\/de\/wp-json\/wp\/v2\/types\/post"}],"author":[{"embeddable":true,"href":"https:\/\/www.europesays.com\/de\/wp-json\/wp\/v2\/users\/2"}],"replies":[{"embeddable":true,"href":"https:\/\/www.europesays.com\/de\/wp-json\/wp\/v2\/comments?post=116426"}],"version-history":[{"count":0,"href":"https:\/\/www.europesays.com\/de\/wp-json\/wp\/v2\/posts\/116426\/revisions"}],"wp:featuredmedia":[{"embeddable":true,"href":"https:\/\/www.europesays.com\/de\/wp-json\/wp\/v2\/media\/116427"}],"wp:attachment":[{"href":"https:\/\/www.europesays.com\/de\/wp-json\/wp\/v2\/media?parent=116426"}],"wp:term":[{"taxonomy":"category","embeddable":true,"href":"https:\/\/www.europesays.com\/de\/wp-json\/wp\/v2\/categories?post=116426"},{"taxonomy":"post_tag","embeddable":true,"href":"https:\/\/www.europesays.com\/de\/wp-json\/wp\/v2\/tags?post=116426"}],"curies":[{"name":"wp","href":"https:\/\/api.w.org\/{rel}","templated":true}]}}