{"id":1164274,"date":"2026-07-13T19:44:18","date_gmt":"2026-07-13T19:44:18","guid":{"rendered":"https:\/\/www.europesays.com\/de\/1164274\/"},"modified":"2026-07-13T19:44:18","modified_gmt":"2026-07-13T19:44:18","slug":"sanaa-jemenitische-regierung-greift-offenbar-hauptstadtflughafen-an","status":"publish","type":"post","link":"https:\/\/www.europesays.com\/de\/1164274\/","title":{"rendered":"Sanaa: Jemenitische Regierung greift offenbar Hauptstadtflughafen an"},"content":{"rendered":"<p class=\"paragraph article__item\">Der Flughafen der jemenitischen Hauptstadt <a class=\"rtr-entity\" href=\"https:\/\/www.zeit.de\/thema\/sanaa\" rel=\"nofollow noopener\" target=\"_blank\">Sanaa<\/a> ist Ziel eines Luftangriffs geworden. Das Verteidigungsministerium der international anerkannten Regierung des B\u00fcrgerkriegslandes reklamierte die Angriffe f\u00fcr sich. Demnach sollte mit den Luftangriffen die Landung eines iranischen Flugzeugs in<br \/>\nSanaa verhindert werden. Die Huthi-Miliz habe einem Flugzeug der<br \/>\njemenitischen Fluggesellschaft die Landung auf dem Flughafen Sanaa<br \/>\nuntersagt und stattdessen auf die Landung eines iranischen Flugzeugs<br \/>\nbestanden. Als Reaktion darauf habe die jemenitische Regierung die Start-und-Lande-Bahn des Flughafens angegriffen, hie\u00df es.\n<\/p>\n<p class=\"paragraph article__item\">Die <a class=\"rtr-entity\" href=\"https:\/\/www.zeit.de\/thema\/huthi\" rel=\"nofollow noopener\" target=\"_blank\">Huthis<\/a> machten derweil Saudi-Arabien f\u00fcr die Attacke verantwortlich. Ein<br \/>\nSprecher k\u00fcndigte Vergeltung an. Am Abend meldete die von Saudi-Arabien angef\u00fchrte Verteidigungskoalition im Jemen, die die Regierung unterst\u00fctzt, ihre Luftabwehr habe ballistische Raketen abgewehrt. Diese sollen von den mit dem Iran verb\u00fcndeten Huthis abgefeuert worden sein. Die Miliz reklamierte den Angriff sp\u00e4ter f\u00fcr sich.\n<\/p>\n<p class=\"paragraph article__item\">Die jemenitische Regierung ordnete die Schlie\u00dfung aller Flugh\u00e4fen<br \/>\n unter ihrer Verantwortung an. Das iranische Flugzeug soll mittlerweile am Flughafen der<br \/>\nebenfalls von den Huthis kontrollierten Hafenstadt Hudaida gelandet sein.\n<\/p>\n<p class=\"paragraph article__item\">Es handelt sich um die schwerste<br \/>\nEskalation im seit mehr als zehn Jahren andauernden jemenitischen B\u00fcrgerkrieg. Das Land ist gespalten, <a href=\"https:\/\/www.zeit.de\/politik\/ausland\/2026-03\/huthi-miliz-irankrieg-jemen-israel-faq\" target=\"_blank\" rel=\"nofollow noopener\">die Huthi-Miliz kontrolliert gro\u00dfe Gebiete um die Hauptstadt Sanaa und wird vom Iran unterst\u00fctzt<\/a>. <a class=\"rtr-entity\" href=\"https:\/\/www.zeit.de\/thema\/saudi-arabien\" rel=\"nofollow noopener\" target=\"_blank\">Saudi-Arabien<\/a> dagegen unterst\u00fctzt die <a href=\"https:\/\/www.zeit.de\/politik\/ausland\/2026-01\/jemen-ministerpraesident-buergerkrieg-saudi-arabien-vereinigte-arabische-emirate-gxe\" target=\"_blank\" rel=\"nofollow noopener\">international anerkannte Regierung des Landes<\/a>.\n<\/p>\n<p>            Regierung wirft Huthia Geiselnahme vor            <\/p>\n<p class=\"paragraph article__item\">Der jemenitischen Regierung zufolge hatten die Huthis vor dem Angriff den Abflug<br \/>\n eines Flugzeugs des Internationalen Komitees vom Roten Kreuz (IKRK) am<br \/>\nFlughafen der Hauptstadt Sanaa verhindert sowie den Piloten und dessen Assistenten als Geiseln genommen. Die Regierung nannte das eine  \u00bbgef\u00e4hrliche  Eskalation\u00ab und eine \u00bbschamlose Verletzung des internationalen<br \/>\nhumanit\u00e4ren Rechts\u00ab sowie internationaler Abkommen zum Schutz<br \/>\nhumanit\u00e4rer Missionen und ihrer Mitarbeiter. Das IKRK<br \/>\n\u00e4u\u00dferte sich dazu nicht. Die <a href=\"https:\/\/www.zeit.de\/politik\/ausland\/2025-10\/jemen-sanaa-huthi-miliz-un-gelaende\" target=\"_blank\" rel=\"nofollow noopener\">Miliz hatte im Oktober UN-Gel\u00e4nde in der Hauptstadt angegriffen<\/a>.\n<\/p>\n<p>                            \u00a9\u00a0Lea Dohle<\/p>\n<p>\n                                        Newsletter<br \/>\n                                        Was jetzt? \u2013 Der t\u00e4gliche Morgen\u00fcberblick<\/p>\n<p class=\"newsletter-signup__text\">Starten Sie mit unserem kurzen Nachrichten-Newsletter in den Tag. Erhalten Sie zudem freitags das digitale Magazin ZEIT am Wochenende.<\/p>\n<p class=\"newsletter-signup__datapolicy\" hidden=\"\">\n            Mit Ihrer Registrierung nehmen Sie die <a href=\"https:\/\/datenschutz.zeit.de\/zon#Newsletter\" target=\"_blank\" rel=\"nofollow noopener\">Datenschutzerkl\u00e4rung<\/a> zur Kenntnis.\n        <\/p>\n<p>    Vielen Dank! Wir haben Ihnen eine E-Mail geschickt.<\/p>\n<p>Pr\u00fcfen Sie Ihr Postfach und best\u00e4tigen Sie das Newsletter-Abonnement.<\/p>\n<p class=\"paragraph article__item\">Der <a href=\"https:\/\/www.zeit.de\/thema\/jemen\" target=\"_blank\" rel=\"nofollow noopener\">B\u00fcrgerkrieg im Jemen<\/a> wird auch als Stellvertreterkonflikt des <a class=\"rtr-entity\" href=\"https:\/\/www.zeit.de\/thema\/iran\" rel=\"nofollow noopener\" target=\"_blank\">Iran<\/a> und<br \/>\nSaudi-Arabiens angesehen. Die Huthis hatten mit iranischer Unterst\u00fctzung 2014 die Hauptstadt<br \/>\neingenommen und die Regierung in den S\u00fcden vertrieben. Nach<br \/>\njahrelangen K\u00e4mpfen einer von Saudi-Arabien gef\u00fchrten \u200cKoalition gegen die Rebellen wurde 2022 eine Waffenruhe vereinbart, die br\u00fcchig ist.<\/p>\n","protected":false},"excerpt":{"rendered":"Der Flughafen der jemenitischen Hauptstadt Sanaa ist Ziel eines Luftangriffs geworden. Das Verteidigungsministerium der international anerkannten Regierung des&hellip;\n","protected":false},"author":2,"featured_media":1164275,"comment_status":"","ping_status":"","sticky":false,"template":"","format":"standard","meta":{"footnotes":"","_share_on_mastodon":"0"},"categories":[5],"tags":[13,21935,345,10544,14,15,16,20939,4769,12,10,8,9,11],"class_list":["post-1164274","post","type-post","status-publish","format-standard","has-post-thumbnail","category-nachrichten","tag-headlines","tag-huthi","tag-iran","tag-jemen","tag-nachrichten","tag-news","tag-politik","tag-sanaa","tag-saudi-arabien","tag-schlagzeilen","tag-top-news","tag-top-meldungen","tag-topmeldungen","tag-topnews"],"share_on_mastodon":{"url":"https:\/\/pubeurope.com\/@de\/116914387168439905","error":""},"_links":{"self":[{"href":"https:\/\/www.europesays.com\/de\/wp-json\/wp\/v2\/posts\/1164274","targetHints":{"allow":["GET"]}}],"collection":[{"href":"https:\/\/www.europesays.com\/de\/wp-json\/wp\/v2\/posts"}],"about":[{"href":"https:\/\/www.europesays.com\/de\/wp-json\/wp\/v2\/types\/post"}],"author":[{"embeddable":true,"href":"https:\/\/www.europesays.com\/de\/wp-json\/wp\/v2\/users\/2"}],"replies":[{"embeddable":true,"href":"https:\/\/www.europesays.com\/de\/wp-json\/wp\/v2\/comments?post=1164274"}],"version-history":[{"count":0,"href":"https:\/\/www.europesays.com\/de\/wp-json\/wp\/v2\/posts\/1164274\/revisions"}],"wp:featuredmedia":[{"embeddable":true,"href":"https:\/\/www.europesays.com\/de\/wp-json\/wp\/v2\/media\/1164275"}],"wp:attachment":[{"href":"https:\/\/www.europesays.com\/de\/wp-json\/wp\/v2\/media?parent=1164274"}],"wp:term":[{"taxonomy":"category","embeddable":true,"href":"https:\/\/www.europesays.com\/de\/wp-json\/wp\/v2\/categories?post=1164274"},{"taxonomy":"post_tag","embeddable":true,"href":"https:\/\/www.europesays.com\/de\/wp-json\/wp\/v2\/tags?post=1164274"}],"curies":[{"name":"wp","href":"https:\/\/api.w.org\/{rel}","templated":true}]}}