{"id":1164285,"date":"2026-07-13T19:51:15","date_gmt":"2026-07-13T19:51:15","guid":{"rendered":"https:\/\/www.europesays.com\/de\/1164285\/"},"modified":"2026-07-13T19:51:15","modified_gmt":"2026-07-13T19:51:15","slug":"viersen-weihbischof-am-amg-auszeichnung-fuer-robin-gut-fest-am-akh","status":"publish","type":"post","link":"https:\/\/www.europesays.com\/de\/1164285\/","title":{"rendered":"Viersen: Weihbischof am AMG, Auszeichnung f\u00fcr Robin gut, Fest am AKH"},"content":{"rendered":"<p class=\"text_ohne_einzug richtext text-em-55 !leading-serif mx-6 desktop:mx-0\"> Die Stiftung \u201eRobin gut\u201c, in der der bekannte Viersener TV-Moderator Dieter K\u00f6nnes als Schirmherr fungiert, hat jetzt in K\u00f6ln ein besonderes Auszeichnung erhalten: der Regenbogenpreis der Gr\u00fcnen-LVR-Fraktion. Die Fraktion in der Landschaftsversammlung Rheinland (LVR) vergibt jedes Jahr den Regenbogenpreis f\u00fcr ehrenamtliches Engagement im Umweltschutz, bei der Hilfe f\u00fcr Gefl\u00fcchtete, der F\u00f6rderung des Inklusionsgedankens, f\u00fcr Initiativen in der kulturellen Bildung oder zur Bewahrung und F\u00f6rderung des demokratischen Miteinanders.<\/p>\n<p class=\"richtext text-em-55 !leading-serif mx-6 desktop:mx-0\">\u201eDie allj\u00e4hrlichen Waldschadensberichte sind nach wie vor erschreckend. Umso wichtiger ist es, dass nicht nur staatliche oder kommunale Einrichtungen sich um Neuanpflanzungen von B\u00e4umen bem\u00fchen, sondern auch private Initiativen. Die Stiftung Robin gut hat das Projekt `NRW pflanzt \u2013 eine Million B\u00e4ume f\u00fcr Nordrhein-Westfalen` ins Leben gerufen. Ziel ist es, gemeinsam mit Kommunen, Schulen, Unternehmen und B\u00fcrgern klimaresiliente Mischw\u00e4lder aufzuforsten und damit ein sichtbares lokales Zeichen f\u00fcr Klimaschutz, Biodiversit\u00e4t und gesellschaftlichen Zusammenhalt zu setzen. Wir freuen uns, diese Initiative mit unserem Regenbogenpreis auszeichnen zu d\u00fcrfen\u201c, sagte Fraktionsvorsitzende Ruth Seidl. Der Regenbogenpreis ist mit 1000 Euro dotiert.<\/p>\n<p class=\"text_ohne_einzug richtext text-em-55 !leading-serif mx-6 desktop:mx-0\"> Im Rahmen seiner Visitation hat Weihbischof Karl Borsch das Albertus-Magnus-Gymnasium in D\u00fclken besucht. Nach einem gemeinsamen Austausch mit der Schulleitung und dem Team der Schulpastoralen nahm sich der Weihbischof Zeit f\u00fcr eine Gespr\u00e4chsrunde mit den Sch\u00fclerinnen und Sch\u00fclern und der Lehrerin Ursula Panagiotidis. Weihbischof Borsch beantwortete Fragen, und es entwickelte sich ein interessantes Gespr\u00e4ch, in dem es sowohl um pers\u00f6nliche Themen als auch um Fragen nach kirchlichen Strukturen ging.<\/p>\n<p class=\"richtext text-em-55 !leading-serif mx-6 desktop:mx-0\">Borsch betonte, wie sehr er es zu sch\u00e4tzen wisse, dass er durch seine Berufung immer wieder in den Austausch mit jungen Menschen komme. Er hoffe, dass alle Menschen einen Ort f\u00e4nden, an dem sie gl\u00fccklich seien. Dies w\u00fcnsche er auch den anwesenden Sch\u00fclerinnen und Sch\u00fclern. Dem Weihbischof gefiel vor allem die reflektierte Auseinandersetzung der Jugendlichen mit wichtigen kirchlichen Fragen. Auch die Klasse war von seiner sehr offen, ehrlichen und klaren Art angetan.<\/p>\n<p class=\"richtext text-em-55 !leading-serif mx-6 desktop:mx-0\">Anschlie\u00dfend feierte Weihbischof Borsch gemeinsam mit Pfarrer Roland Klugmann, der ihn den Tag \u00fcber begleitete, und den Sch\u00fclerinnen und Sch\u00fclern der 8b den Gottesdienst, der von der Klasse zusammen mit Religionslehrerin Stefanie Gutzke vorbereitet und mitgestaltet wurde.<\/p>\n<p class=\"text_ohne_einzug richtext text-em-55 !leading-serif mx-6 desktop:mx-0\"> Bei hochsommerlichen Temperaturen trafen sich Mitarbeitende, Freunde und F\u00f6rderer des Kinderhauses <a href=\"https:\/\/rp-online.de\/thema\/viersen\/\" rel=\"nofollow noopener\" target=\"_blank\">Viersen<\/a>, das zur AKH Viersen GmbH geh\u00f6rt, nun zum Sommerfest. Es gab einen besonderen Anlass zum Feiern: Das Kinderhaus existiert seit nunmehr \u00fcber 15 Jahren. Der F\u00f6rderverein des Kinderhauses und der Kinderklinik hat diese Feier in einer gemeinsamen Aktion mit dem AKH Viersen begleitet und mitfinanziert. Neben dem Vorsitzenden des F\u00f6rdervereines, Klaus Hofmann, waren auch zahlreiche Vorstandsmitglieder an diesem Tag zu Gast.<\/p>\n<p class=\"richtext text-em-55 !leading-serif mx-6 desktop:mx-0\">Da es im vergangenen Jahr einen Wechsel in der Leitung gegeben hatte \u2013 die langj\u00e4hrige Leiterin Ingrid Quasten ging in den Ruhestand \u2013 wurde das Fest auf dieses Jahr verschoben und die Feiern zum 15-j\u00e4hrigen Bestehen nachgeholt. Im August 2010 konnten die ersten f\u00fcnf Kinder von der Klinik ins Haus einziehen. Seitdem hat sich das Haus auf die Pflege von schwerstmehrfachbehinderten und dauerbeatmeten Kindern und Jugendlichen spezialisiert. Das jetzige F\u00fchrungstrio Kristina Hittel, Anke Buchholz und Stephanie Notz war von Anfang an dabei: \u201eSchon in den ersten Tagen wurde uns bewusst: Das Kinderhaus Viersen ist weit mehr als eine Einrichtung. Es ist ein Zuhause, ein Ort der Geborgenheit, der Gemeinschaft und des Vertrauens\u201c, sagen sie unisono.<\/p>\n","protected":false},"excerpt":{"rendered":"Die Stiftung \u201eRobin gut\u201c, in der der bekannte Viersener TV-Moderator Dieter K\u00f6nnes als Schirmherr fungiert, hat jetzt in&hellip;\n","protected":false},"author":2,"featured_media":1164286,"comment_status":"","ping_status":"","sticky":false,"template":"","format":"standard","meta":{"footnotes":"","_share_on_mastodon":"0"},"categories":[1849],"tags":[3951,3364,29,548,663,3934,6586,17015,47197,30,13,6821,110140,19146,4455,14,15,1209,16251,12879,12,8928,18183,110139],"class_list":["post-1164285","post","type-post","status-publish","format-standard","has-post-thumbnail","category-moenchengladbach","tag-aktion","tag-de","tag-deutschland","tag-eu","tag-europa","tag-europe","tag-forderung","tag-fraktion","tag-fraktionsvorsitzende","tag-germany","tag-headlines","tag-initiative","tag-karl-borsch","tag-lvr","tag-moenchengladbach","tag-nachrichten","tag-news","tag-nordrhein-westfalen","tag-regenbogenpreis","tag-robin","tag-schlagzeilen","tag-stiftung","tag-viersen","tag-weihbischof"],"share_on_mastodon":{"url":"https:\/\/pubeurope.com\/@de\/116914414410182071","error":""},"_links":{"self":[{"href":"https:\/\/www.europesays.com\/de\/wp-json\/wp\/v2\/posts\/1164285","targetHints":{"allow":["GET"]}}],"collection":[{"href":"https:\/\/www.europesays.com\/de\/wp-json\/wp\/v2\/posts"}],"about":[{"href":"https:\/\/www.europesays.com\/de\/wp-json\/wp\/v2\/types\/post"}],"author":[{"embeddable":true,"href":"https:\/\/www.europesays.com\/de\/wp-json\/wp\/v2\/users\/2"}],"replies":[{"embeddable":true,"href":"https:\/\/www.europesays.com\/de\/wp-json\/wp\/v2\/comments?post=1164285"}],"version-history":[{"count":0,"href":"https:\/\/www.europesays.com\/de\/wp-json\/wp\/v2\/posts\/1164285\/revisions"}],"wp:featuredmedia":[{"embeddable":true,"href":"https:\/\/www.europesays.com\/de\/wp-json\/wp\/v2\/media\/1164286"}],"wp:attachment":[{"href":"https:\/\/www.europesays.com\/de\/wp-json\/wp\/v2\/media?parent=1164285"}],"wp:term":[{"taxonomy":"category","embeddable":true,"href":"https:\/\/www.europesays.com\/de\/wp-json\/wp\/v2\/categories?post=1164285"},{"taxonomy":"post_tag","embeddable":true,"href":"https:\/\/www.europesays.com\/de\/wp-json\/wp\/v2\/tags?post=1164285"}],"curies":[{"name":"wp","href":"https:\/\/api.w.org\/{rel}","templated":true}]}}