{"id":1164404,"date":"2026-07-13T20:59:20","date_gmt":"2026-07-13T20:59:20","guid":{"rendered":"https:\/\/www.europesays.com\/de\/1164404\/"},"modified":"2026-07-13T20:59:20","modified_gmt":"2026-07-13T20:59:20","slug":"gzsz-das-andreas-elsholz-aus-berlin-heute","status":"publish","type":"post","link":"https:\/\/www.europesays.com\/de\/1164404\/","title":{"rendered":"GZSZ: Das Andreas Elsholz aus Berlin heute"},"content":{"rendered":"<p>Rolle des Heiko Richter <\/p>\n<p>Das macht Ex-GZSZ-Star Andreas Elsholz heute<\/p>\n<p>Aktualisiert am 13.07.2026 &#8211; 21:44 UhrLesedauer: 4 Min.<\/p>\n<p><a href=\"#focus-0\" class=\"transition-colors block text-current relative\" data-sctrack=\"FocusGalleryImage.Reference\"><img fetchpriority=\"high\" data-testid=\"Opener.Image\"   loading=\"eager\" src=\"https:\/\/www.europesays.com\/de\/wp-content\/uploads\/2026\/07\/andreas-elsholz-er-spielte-in-den-neunzigern-bei-gzsz-mit.jpg\" alt=\"Andreas Elsholz: Er spielte in den Neunzigern bei GZSZ mit.\" title=\"Andreas Elsholz: Er spielte in den Neunzigern bei GZSZ mit.\" width=\"1893\" height=\"1065\" class=\"bg-[url:var(--lqipURL)] bg-cover bg-center flex h-full w-full max-w-full\" style=\"--lqipURL:url('https:\/\/images.t-online.de\/2026\/04\/tfhOsk5JUydz\/104x64:1893x1065\/fit-in\/150x0\/filters:blur(25)\/andreas-elsholz-er-spielte-in-den-neunzigern-bei-gzsz-mit.jpg')\" decoding=\"async\"\/><img loading=\"lazy\" src=\"https:\/\/berlin.t-online.de\/s\/paper\/_next\/static\/media\/zoom-in.f7dae02f.svg\" alt=\"Vergr\u00f6\u00dfern des Bildes\" title=\"Vergr\u00f6\u00dfern des Bildes\" class=\"block h-[calc(var(--height)_\/_16_*_1rem)] w-[calc(var(--width)_\/_16_*_1rem)] max-w-none absolute right-8 bottom-8 rounded-4 bg-snow p-8\" style=\"--width:32;--height:32\" decoding=\"async\"\/><\/a><\/p>\n<p>Andreas Elsholz: Er spielte in den Neunzigern bei GZSZ mit. (Quelle: imago stock&amp;people)<\/p>\n<p><img loading=\"lazy\" src=\"https:\/\/berlin.t-online.de\/s\/paper\/_next\/static\/media\/audio-volume.6689034c.svg\" alt=\"\" title=\"\" class=\"block h-[calc(var(--height)_\/_16_*_1rem)] w-[calc(var(--width)_\/_16_*_1rem)] max-w-none group-hover:brightness-0 group-hover:invert\" style=\"--width:16;--height:16\" decoding=\"async\"\/>Vorlesen<\/p>\n<p>Aktuelle Zeit:0:00Gesamtdauer:0:00<\/p>\n<p>1x<\/p>\n<p class=\"text-center\">Jetzt neu bei t-online:<\/p>\n<p class=\"text-center\">Schriftgr\u00f6\u00dfe anpassen!<\/p>\n<p><img loading=\"lazy\" src=\"https:\/\/berlin.t-online.de\/s\/paper\/_next\/static\/media\/font-sizes.32942e33.svg\" alt=\"\" title=\"\" class=\"block h-[calc(var(--height)_\/_16_*_1rem)] w-[calc(var(--width)_\/_16_*_1rem)] max-w-none group-hover:hidden group-aria-expanded:hidden\" style=\"--width:16;--height:16\" decoding=\"async\"\/><img loading=\"lazy\" src=\"https:\/\/berlin.t-online.de\/s\/paper\/_next\/static\/media\/font-sizes-dark-mode.e382645c.svg\" alt=\"\" title=\"\" class=\"block h-[calc(var(--height)_\/_16_*_1rem)] w-[calc(var(--width)_\/_16_*_1rem)] max-w-none hidden group-hover:block group-aria-expanded:block\" style=\"--width:16;--height:16\" decoding=\"async\"\/><img loading=\"lazy\" src=\"https:\/\/berlin.t-online.de\/s\/paper\/_next\/static\/media\/sharing-menu-icon.1eb71368.svg\" alt=\"\" title=\"\" class=\"block h-[calc(var(--height)_\/_16_*_1rem)] w-[calc(var(--width)_\/_16_*_1rem)] max-w-none group-hover:brightness-0 group-hover:invert\" style=\"--width:16;--height:16\" decoding=\"async\"\/>Artikel teilen<\/p>\n<p class=\"font-bold text-18 leading-17 user-text-lg:text-22 user-text-xl:text-24\">Andreas Elsholz war in den 90ern ein GZSZ-Schwarm. Heute steht er nur noch selten vor der Kamera. Eine R\u00fcckkehr zu GZSZ schlie\u00dft der Berliner nicht aus.<\/p>\n<p class=\"text-18 leading-17 user-text-lg:text-22 user-text-xl:text-24\">Es gab eine Zeit, da hing sein Gesicht in Millionen Kinderzimmern: In den 1990er-Jahren war Andreas Elsholz als Heiko Richter aus &#8222;Gute Zeiten, schlechte Zeiten&#8220; ein Publikumsliebling, landete auf etlichen &#8222;Bravo&#8220;-Covern und versuchte sich nebenbei sogar als Pops\u00e4nger. Inzwischen taucht der Berliner nur noch vereinzelt im Fernsehen auf \u2013 seine beruflichen Standbeine liegen l\u00e4ngst woanders.<\/p>\n<p class=\"text-18 leading-17 user-text-lg:text-22 user-text-xl:text-24\">Angefangen hatte alles 1992. Mit 20 Jahren \u00fcbernahm Elsholz bei GZSZ die Rolle des Heiko Richter, war von der ersten Stunde an dabei und stand f\u00fcr ann\u00e4hernd 1.000 Folgen vor der Kamera. Drei Jahre sp\u00e4ter kam eine 19-J\u00e4hrige neu zum Ensemble: Denise Zich, die dort die Musikerin Daniela Z\u00f6llner verk\u00f6rperte. Zwischen den beiden funkte es sofort \u2013 jedenfalls bei ihm. &#8222;Ich habe Denise gesehen und mich direkt in sie verliebt&#8220;, schilderte er sp\u00e4ter der &#8222;Bild&#8220;-Zeitung. &#8222;Ich wusste sofort, dass das eine ganz besondere Frau ist.&#8220; Sie selbst habe ihn erst noch ein wenig warten lassen. &#8222;Aber letztlich zeigt sich ja, dass wir noch gl\u00fccklich zusammen sind \u2013 dass es sich gelohnt hat, dranzubleiben.&#8220;<\/p>\n<p>Am Set verliebte sich Andreas Elsholz in Serien-Kollegin Denise Zich<\/p>\n<p class=\"text-18 leading-17 user-text-lg:text-22 user-text-xl:text-24\"><a href=\"https:\/\/berlin.t-online.de\/region\/berlin\/id_101336772\/denise-zich-ist-die-ehefrau-von-ex-gzsz-star-andreas-elsholz-aus-berlin.html\" class=\"transition-colors cursor-pointer no-underline md:hover:text-magenta md:focus:text-magenta border-b border-solid border-current text-salemsfur md:hover:border-magenta\" data-tracking=\"{&quot;action&quot;:&quot;click&quot;,&quot;category&quot;:&quot;intextLink&quot;,&quot;label&quot;:&quot;\/region\/berlin\/id_101336772\/denise-zich-ist-die-ehefrau-von-ex-gzsz-star-andreas-elsholz-aus-berlin.html&quot;}\" data-sctrack=\"BodyAnchor\" rel=\"nofollow noopener\" target=\"_blank\">Aus dem Set-Flirt wurde eine dauerhafte Verbindung<\/a>: 1996 kamen sie zusammen, 2001 heirateten sie, 2003 folgte Sohn Julius Romeo, der gerade seinen 23. Geburtstag gefeiert hat. Einen gemeinsamen Nachnamen f\u00fchren die beiden bis heute nicht \u2013 schlicht aus praktischen Erw\u00e4gungen, wie Elsholz erkl\u00e4rte: &#8222;Wir haben ja schon vor unserer Hochzeit unter unseren eigenen Namen gearbeitet.&#8220; Zu Hause ist die Familie im Umland von Berlin.<\/p>\n<p class=\"text-18 leading-17 user-text-lg:text-22 user-text-xl:text-24\">Auch beruflich kreuzten sich ihre Wege immer wieder. 2018 spielten Elsholz und Zich gemeinsam eine &#8222;Traumschiff&#8220;-Episode, damals noch unter Kapit\u00e4n Victor Burger, dargestellt von Sascha Hehn. Ihre Figuren \u2013 zwei Passagiere \u2013 kommen sich im Lauf der Folge n\u00e4her. Elsholz gibt darin den Lektor S\u00f6nke, der eigentlich nur \u00fcber versunkene Sch\u00e4tze referieren soll, dann aber der Goldschmiedin Marie begegnet; mit ihr kommt eine rare M\u00fcnze aus einer gesunkenen portugiesischen Galeere ins Spiel. Genau diese \u201eMalediven&#8220;-Folge zeigte das ZDF nun als Wiederholung.<\/p>\n<p>1993 hatte Ex-GZSZ-Star Andreas Elsholz einen Charterfolg<\/p>\n<p class=\"text-18 leading-17 user-text-lg:text-22 user-text-xl:text-24\">Dass Elsholz Ehrgeiz mitbringt, hatte sich schon vor der Schauspielerei gezeigt. Der 1972 in Berlin-K\u00f6penick Geborene holte sich als Kanute einen DDR-Meistertitel. &#8222;Der Sport hat mir nicht nur Disziplin und Ausdauer beigebracht, sondern auch, wie wichtig es ist, sich selbst immer wieder zu motivieren und \u00fcber Grenzen hinauszuwachsen&#8220;, sagte er 2024 der &#8222;Gala&#8220;. Gelernt hatte er urspr\u00fcnglich Kfz-Mechaniker, ehe GZSZ ihm den Durchbruch brachte \u2013 und T\u00fcren \u00fcber die Schauspielerei hinaus \u00f6ffnete. Als S\u00e4nger schaffte er es 1993 mit &#8222;Immer noch verr\u00fcckt nach dir&#8220; immerhin auf Platz 26 der Charts.<\/p>\n","protected":false},"excerpt":{"rendered":"Rolle des Heiko Richter Das macht Ex-GZSZ-Star Andreas Elsholz heute Aktualisiert am 13.07.2026 &#8211; 21:44 UhrLesedauer: 4 Min.&hellip;\n","protected":false},"author":2,"featured_media":1164405,"comment_status":"","ping_status":"","sticky":false,"template":"","format":"standard","meta":{"footnotes":"","_share_on_mastodon":"0"},"categories":[1773],"tags":[722,3176,2201,130075,296,130079,130076,29,214,30,725,130080,3523,471,1780,215],"class_list":["post-1164404","post","type-post","status-publish","format-standard","has-post-thumbnail","category-serien","tag-722","tag-3176","tag-2201","tag-andreas-elsholz","tag-berlin","tag-daniela-zoellner","tag-denise-zich","tag-deutschland","tag-entertainment","tag-germany","tag-gzsz","tag-heiko-richter","tag-kamera","tag-serien","tag-series","tag-unterhaltung"],"share_on_mastodon":{"url":"https:\/\/pubeurope.com\/@de\/116914684390657014","error":""},"_links":{"self":[{"href":"https:\/\/www.europesays.com\/de\/wp-json\/wp\/v2\/posts\/1164404","targetHints":{"allow":["GET"]}}],"collection":[{"href":"https:\/\/www.europesays.com\/de\/wp-json\/wp\/v2\/posts"}],"about":[{"href":"https:\/\/www.europesays.com\/de\/wp-json\/wp\/v2\/types\/post"}],"author":[{"embeddable":true,"href":"https:\/\/www.europesays.com\/de\/wp-json\/wp\/v2\/users\/2"}],"replies":[{"embeddable":true,"href":"https:\/\/www.europesays.com\/de\/wp-json\/wp\/v2\/comments?post=1164404"}],"version-history":[{"count":0,"href":"https:\/\/www.europesays.com\/de\/wp-json\/wp\/v2\/posts\/1164404\/revisions"}],"wp:featuredmedia":[{"embeddable":true,"href":"https:\/\/www.europesays.com\/de\/wp-json\/wp\/v2\/media\/1164405"}],"wp:attachment":[{"href":"https:\/\/www.europesays.com\/de\/wp-json\/wp\/v2\/media?parent=1164404"}],"wp:term":[{"taxonomy":"category","embeddable":true,"href":"https:\/\/www.europesays.com\/de\/wp-json\/wp\/v2\/categories?post=1164404"},{"taxonomy":"post_tag","embeddable":true,"href":"https:\/\/www.europesays.com\/de\/wp-json\/wp\/v2\/tags?post=1164404"}],"curies":[{"name":"wp","href":"https:\/\/api.w.org\/{rel}","templated":true}]}}