{"id":1164433,"date":"2026-07-13T21:16:17","date_gmt":"2026-07-13T21:16:17","guid":{"rendered":"https:\/\/www.europesays.com\/de\/1164433\/"},"modified":"2026-07-13T21:16:17","modified_gmt":"2026-07-13T21:16:17","slug":"moenchengladbach-hitze-als-gefahr-fuer-junge-menschen","status":"publish","type":"post","link":"https:\/\/www.europesays.com\/de\/1164433\/","title":{"rendered":"M\u00f6nchengladbach: Hitze als Gefahr f\u00fcr junge Menschen"},"content":{"rendered":"<p class=\"text_ohne_einzug richtext text-em-55 !leading-serif mx-6 desktop:mx-0\"> Durch Hitzewellen sterben mehr Menschen als durchschnittlich \u00fcblich. Bekannt ist, dass die hohen Temperaturen besonders \u00e4ltere oder vorerkrankte Menschen treffen. Doch auch j\u00fcngere Personen sollten die Wetterlage nicht untersch\u00e4tzen, r\u00e4t Professor Sebastian Bergrath, Chefarzt des Notfallzentrums der Kliniken Maria Hilf. \u201eDa wir gesehen haben, dass auch junge Patienten lebensbedrohlich oder t\u00f6dlich betroffen sein k\u00f6nnen durch schon leichte k\u00f6rperliche Aktivit\u00e4t unter der extremen Hitze\u201c, brauche es eine bessere Edukation der Bev\u00f6lkerung. \u201eViele untersch\u00e4tzen die Gefahr dieser <a href=\"https:\/\/rp-online.de\/thema\/hitze\/\" rel=\"nofollow noopener\" target=\"_blank\">Hitze<\/a>.\u201c<\/p>\n","protected":false},"excerpt":{"rendered":"Durch Hitzewellen sterben mehr Menschen als durchschnittlich \u00fcblich. Bekannt ist, dass die hohen Temperaturen besonders \u00e4ltere oder vorerkrankte&hellip;\n","protected":false},"author":2,"featured_media":1164434,"comment_status":"","ping_status":"","sticky":false,"template":"","format":"standard","meta":{"footnotes":"","_share_on_mastodon":"0"},"categories":[1849],"tags":[3364,29,548,663,3934,30,13,4455,14,15,10980,1209,12],"class_list":["post-1164433","post","type-post","status-publish","format-standard","has-post-thumbnail","category-moenchengladbach","tag-de","tag-deutschland","tag-eu","tag-europa","tag-europe","tag-germany","tag-headlines","tag-moenchengladbach","tag-nachrichten","tag-news","tag-ngo","tag-nordrhein-westfalen","tag-schlagzeilen"],"share_on_mastodon":{"url":"https:\/\/pubeurope.com\/@de\/116914748622495778","error":""},"_links":{"self":[{"href":"https:\/\/www.europesays.com\/de\/wp-json\/wp\/v2\/posts\/1164433","targetHints":{"allow":["GET"]}}],"collection":[{"href":"https:\/\/www.europesays.com\/de\/wp-json\/wp\/v2\/posts"}],"about":[{"href":"https:\/\/www.europesays.com\/de\/wp-json\/wp\/v2\/types\/post"}],"author":[{"embeddable":true,"href":"https:\/\/www.europesays.com\/de\/wp-json\/wp\/v2\/users\/2"}],"replies":[{"embeddable":true,"href":"https:\/\/www.europesays.com\/de\/wp-json\/wp\/v2\/comments?post=1164433"}],"version-history":[{"count":0,"href":"https:\/\/www.europesays.com\/de\/wp-json\/wp\/v2\/posts\/1164433\/revisions"}],"wp:featuredmedia":[{"embeddable":true,"href":"https:\/\/www.europesays.com\/de\/wp-json\/wp\/v2\/media\/1164434"}],"wp:attachment":[{"href":"https:\/\/www.europesays.com\/de\/wp-json\/wp\/v2\/media?parent=1164433"}],"wp:term":[{"taxonomy":"category","embeddable":true,"href":"https:\/\/www.europesays.com\/de\/wp-json\/wp\/v2\/categories?post=1164433"},{"taxonomy":"post_tag","embeddable":true,"href":"https:\/\/www.europesays.com\/de\/wp-json\/wp\/v2\/tags?post=1164433"}],"curies":[{"name":"wp","href":"https:\/\/api.w.org\/{rel}","templated":true}]}}