{"id":1164678,"date":"2026-07-13T23:45:33","date_gmt":"2026-07-13T23:45:33","guid":{"rendered":"https:\/\/www.europesays.com\/de\/1164678\/"},"modified":"2026-07-13T23:45:33","modified_gmt":"2026-07-13T23:45:33","slug":"schifffahrt-neues-24-000-container-schiff-erstmals-in-hamburg-wirtschaft","status":"publish","type":"post","link":"https:\/\/www.europesays.com\/de\/1164678\/","title":{"rendered":"Schifffahrt &#8211; Neues 24.000-Container-Schiff erstmals in Hamburg &#8211; Wirtschaft"},"content":{"rendered":"<p data-manual=\"paragraph\" data-schema-org-speakable=\"true\" class=\"css-1eosz7k\"><a href=\"https:\/\/www.sueddeutsche.de\/thema\/Hamburg\" rel=\"nofollow noopener\" target=\"_blank\">Hamburg<\/a> (dpa\/lno) &#8211; Ein neues, mehr als 24.000 Standardcontainer fassendes Schiff ist erstmals in den <a href=\"https:\/\/www.sueddeutsche.de\/thema\/Hamburger_Hafen\" rel=\"nofollow noopener\" target=\"_blank\">Hamburger Hafen<\/a> eingelaufen. Laut Hafen-Website lag die \u201eNotre Dame\u201c am Montagmorgen am Eurogate-Containerterminal in Waltershof, das gegen\u00fcber dem Elbstrand liegt.<\/p>\n<p data-manual=\"paragraph\" data-schema-org-speakable=\"true\" class=\"css-1eosz7k\">Betreiben wird das unter franz\u00f6sischer Flagge fahrende Schiff durch die franz\u00f6sische Reederei CMA CGM, die zu den gr\u00f6\u00dften der Welt geh\u00f6rt. Die \u201eNotre Dame\u201c fasst nach Reedereiangaben bis zu 24.212 Standardcontainer. Das Schiff wurde in China gebaut, im nordfranz\u00f6sischen Le Havre getauft und ist \u00fcber Europas gr\u00f6\u00dften Hafen Rotterdam nach Hamburg gefahren. Die \u201eNotre Dame\u201c wird mit Fl\u00fcssigerdgas und Marinediesel betrieben und kann den Angaben nach auch mit fl\u00fcssigem Biomethan fahren.\u00a0<\/p>\n<p data-manual=\"paragraph\" data-schema-org-speakable=\"true\" class=\"css-1eosz7k\">CMA CGM hat insgesamt zehn Schiffe bestellt, die nach franz\u00f6sischen Wahrzeichen benannt werden. Die \u201eNotre Dame\u201c ist das erste Schiff der Baureihe. Die weiteren Schiffe sollen nach und nach bis 2028 geliefert werden.\u00a0<\/p>\n<p data-manual=\"paragraph\" data-schema-org-speakable=\"true\" class=\"css-1eosz7k\">Zun\u00e4chst soll die \u201eNotre Dame\u201c Hamburg am Dienstag wieder verlassen. K\u00fcnftig soll das Schiff zwischen Asien und Europa verkehren und auch in Hamburg wiederkehrend Halt machen.<\/p>\n<p data-manual=\"paragraph\" data-schema-org-speakable=\"true\" class=\"css-1eosz7k\">\u00a9 dpa-infocom, dpa:260713-930-375086\/3<\/p>\n","protected":false},"excerpt":{"rendered":"Hamburg (dpa\/lno) &#8211; Ein neues, mehr als 24.000 Standardcontainer fassendes Schiff ist erstmals in den Hamburger Hafen eingelaufen.&hellip;\n","protected":false},"author":2,"featured_media":1164679,"comment_status":"","ping_status":"","sticky":false,"template":"","format":"standard","meta":{"footnotes":"","_share_on_mastodon":"0"},"categories":[1826],"tags":[29,30,692,1989,2776,5226,149,2332,5225,55],"class_list":["post-1164678","post","type-post","status-publish","format-standard","has-post-thumbnail","category-hamburg","tag-deutschland","tag-germany","tag-hamburg","tag-hamburger-hafen","tag-logistik","tag-schifffahrt","tag-sueddeutsche-zeitung","tag-transport","tag-welthandel","tag-wirtschaft"],"share_on_mastodon":{"url":"https:\/\/pubeurope.com\/@de\/116915334447861635","error":""},"_links":{"self":[{"href":"https:\/\/www.europesays.com\/de\/wp-json\/wp\/v2\/posts\/1164678","targetHints":{"allow":["GET"]}}],"collection":[{"href":"https:\/\/www.europesays.com\/de\/wp-json\/wp\/v2\/posts"}],"about":[{"href":"https:\/\/www.europesays.com\/de\/wp-json\/wp\/v2\/types\/post"}],"author":[{"embeddable":true,"href":"https:\/\/www.europesays.com\/de\/wp-json\/wp\/v2\/users\/2"}],"replies":[{"embeddable":true,"href":"https:\/\/www.europesays.com\/de\/wp-json\/wp\/v2\/comments?post=1164678"}],"version-history":[{"count":0,"href":"https:\/\/www.europesays.com\/de\/wp-json\/wp\/v2\/posts\/1164678\/revisions"}],"wp:featuredmedia":[{"embeddable":true,"href":"https:\/\/www.europesays.com\/de\/wp-json\/wp\/v2\/media\/1164679"}],"wp:attachment":[{"href":"https:\/\/www.europesays.com\/de\/wp-json\/wp\/v2\/media?parent=1164678"}],"wp:term":[{"taxonomy":"category","embeddable":true,"href":"https:\/\/www.europesays.com\/de\/wp-json\/wp\/v2\/categories?post=1164678"},{"taxonomy":"post_tag","embeddable":true,"href":"https:\/\/www.europesays.com\/de\/wp-json\/wp\/v2\/tags?post=1164678"}],"curies":[{"name":"wp","href":"https:\/\/api.w.org\/{rel}","templated":true}]}}