{"id":1164705,"date":"2026-07-14T00:02:16","date_gmt":"2026-07-14T00:02:16","guid":{"rendered":"https:\/\/www.europesays.com\/de\/1164705\/"},"modified":"2026-07-14T00:02:16","modified_gmt":"2026-07-14T00:02:16","slug":"windows-11-26h2-microsoft-bringt-taskleiste-zurueck-nach-oben","status":"publish","type":"post","link":"https:\/\/www.europesays.com\/de\/1164705\/","title":{"rendered":"Windows 11 26H2: Microsoft bringt Taskleiste zur\u00fcck nach oben"},"content":{"rendered":"<p>Gleichzeitig bereitet Microsoft die n\u00e4chste gro\u00dfe Version des Betriebssystems vor, die im Herbst 2026 erscheinen soll.<\/p>\n<p>Phone Link wird zum Systembestandteil<\/p>\n<p>Die bisher als separate App laufende <strong>Phone Link<\/strong>-Funktion soll k\u00fcnftig direkt in die Windows-Oberfl\u00e4che einziehen. Nach Informationen vom Wochenende arbeitet Microsoft an einer prototypischen Neuauflage des Dienstes, die mobile Aktivit\u00e4ten direkt im Startmen\u00fc anzeigt. Ein eigenes Flyout in der Taskleiste soll zudem schnelle Steuerungsm\u00f6glichkeiten bieten.<\/p>\n<p>Zu den geplanten Neuerungen geh\u00f6ren per <strong>Drag-and-Drop<\/strong> \u00fcbertragbare Dateien zwischen Smartphone und PC, eine synchronisierte Zwischenablage sowie eine eigenst\u00e4ndige Nachrichten-App. Die Entwickler wollen zudem technische Probleme wie hohen Speicherverbrauch und Speicherlecks in den Griff bekommen. Die Funktionen befinden sich noch in der internen Testphase \u2013 Feedback wird \u00fcber das Windows-Insider-Programm eingeholt.<\/p>\n<p>Cloud-Recovery: Neuinstallation ohne Datentr\u00e4ger<\/p>\n<p>Mit der neuen <strong>\u201eCloud Rebuild\u201c<\/strong>-Funktion k\u00f6nnen Nutzer Windows 11 k\u00fcnftig direkt aus der Cloud neu installieren. Das Tool steht ab sofort Windows-Insidern zur Verf\u00fcgung und funktioniert selbst dann, wenn der Rechner nicht mehr bootet \u2013 vorausgesetzt, die Netzwerktreiber sind im Wiederherstellungsmodus verf\u00fcgbar. IT-Administratoren sollten ihre Hardwaremodelle pr\u00fcfen und Treiber mit Deployment-Tools exportieren.<\/p>\n<p>Am heutigen Montag ver\u00f6ffentlichte Microsoft zudem aktualisierte Richtlinien zum Wartungsmodell. Die Dokumentation pr\u00e4zisiert den Rhythmus der Sicherheitsupdates: <strong>\u201ePatch Tuesday\u201c<\/strong> erscheint am zweiten Dienstag jedes Monats, optionale Vorschau-Updates folgen in der letzten Woche. Besonders hervorzuheben sind die <strong>\u201eHotpatch\u201c<\/strong>-Updates, die Sicherheitsinstallationen ohne Neustart erm\u00f6glichen.<\/p>\n<p>Anzeige<\/p>\n<p>Windows 11 26H2 bringt die Taskleiste zur\u00fcck nach oben und erm\u00f6glicht die Neuinstallation direkt aus der Cloud. In diesem kostenlosen Guide erfahren Sie, wie Sie beide Funktionen sofort nutzen \u2013 inklusive Checkliste und Optimierungs-Tipps. <strong><a href=\"https:\/\/www.dnv-media.de\/lp\/report\/windows-11-26h2-taskleiste-oben-und-cloud-recovery-14059?adref=Blog_DNV:Ex-Article-ID_1028385:Topic_technology:Source_DNV_Dynamic_LP:RssSource_Ad-Hoc-News:Slot_AD1of2&amp;lp=14059\" rel=\"noopener nofollow\" style=\"color: #337ab7 !important; font-weight: bold; text-decoration: underline;\" target=\"_blank\">Jetzt Praxis-Guide anfordern<\/a><\/strong><\/p>\n<p>Windows 11 26H2: Taskbar-Freiheit und Design-Korrekturen<\/p>\n<p>Die n\u00e4chste gro\u00dfe Version <strong>Windows 11 26H2<\/strong> soll im Herbst 2026 erscheinen. Sie bringt lang geforderte Anpassungen der Benutzeroberfl\u00e4che: Die Taskleiste l\u00e4sst sich dann wieder oben oder seitlich positionieren, das Startmen\u00fc wird in der Gr\u00f6\u00dfe ver\u00e4nderbar sein.<\/p>\n<p>Im Rahmen der <strong>\u201eK2\u201c<\/strong>-Designinitiative arbeitet Microsoft an der Beseitigung von Inkonsistenzen. Aktuelle Vorschau-Builds zeigen kleine, aber pr\u00e4zise Anpassungen: Die Suchleiste w\u00e4chst um vier Pixel, um sich an die Copilot-Suche anzupassen, Kontextmen\u00fcs in Funktionen wie \u201eRecall\u201c erhalten abgerundete Ecken.<\/p>\n<p>In den USA hat Microsoft zudem schrittweise <strong>\u201ePC Insights\u201c<\/strong> f\u00fcr Copilot ausgerollt. Das Tool analysiert die Hardwareleistung \u2013 CPU, RAM und GPU-Auslastung \u2013 und beantwortet Fragen zu Systemgeschwindigkeit und Akkuzustand. Erste Tests zeigen allerdings: Die Copilot-Oberfl\u00e4che selbst kann w\u00e4hrend des Betriebs bis zu einem Gigabyte RAM belegen.<\/p>\n<p>Speicher-Bug behoben, Support-Enden in Sicht<\/p>\n<p>Anzeige<\/p>\n<p>Ihr Windows frisst Speicher? Der Bug in 24H2\/25H2 lie\u00df Datenbanken auf \u00fcber 500 GB anwachsen \u2013 das Update KB5095093 behebt es. Unser Guide zeigt, wie Sie Speicher freigeben und die Cloud-Recovery f\u00fcr k\u00fcnftige Neuinstallationen vorbereiten. <strong><a href=\"https:\/\/www.dnv-media.de\/lp\/report\/windows-11-26h2-taskleiste-oben-und-cloud-recovery-14059?adref=Blog_DNV:Ex-Article-ID_1028385:Topic_technology:Source_DNV_Dynamic_LP:RssSource_Ad-Hoc-News:Slot_AD2of2&amp;lp=14059\" rel=\"noopener nofollow\" style=\"color: #337ab7 !important; font-weight: bold; text-decoration: underline;\" target=\"_blank\">Speicher-Optimierungs-Guide sichern<\/a><\/strong><\/p>\n<p>Microsoft hat einen schwerwiegenden Speicherfehler in den Versionen 24H2 und 25H2 behoben. Der Bug lie\u00df eine Datenbankdatei unkontrolliert wachsen \u2013 in Einzelf\u00e4llen wurden \u00fcber 500 Gigabyte Speicher belegt. Die Korrektur ist im optionalen Update <strong>KB5095093<\/strong> vom Juli 2026 enthalten.<\/p>\n<p>Zum Jahresende laufen mehrere Produkte aus dem Support. F\u00fcr die Home- und Pro-Editionen von Windows 11 24H2 endet der Support am <strong>13. Oktober 2026<\/strong> \u2013 zeitgleich mit Office 2021. Ebenfalls auslaufen: SQL Server 2016, SharePoint Server 2019 sowie verschiedene Versionen von .NET und PowerShell.<\/p>\n<p style=\"margin-top:20px;margin-bottom:20px;\">&#13;<br \/>\n\t\t\tDisclaimer zu unseren Artikeln: Keine Anlageberatung, keine Kauf  oder Verkaufsempfehlung. Angaben zu Kursen, Unternehmen und M\u00e4rkten ohne Gew\u00e4hr; \u00c4nderungen jederzeit m\u00f6glich. B\u00f6rsengesch\u00e4fte k\u00f6nnen zu hohen Verlusten f\u00fchren. Unsere Beitr\u00e4ge werden ganz oder teilweise automatisiert mit Unterst\u00fctzung von AI erstellt und gepr\u00fcft.&#13;\n\t\t<\/p>\n","protected":false},"excerpt":{"rendered":"Gleichzeitig bereitet Microsoft die n\u00e4chste gro\u00dfe Version des Betriebssystems vor, die im Herbst 2026 erscheinen soll. Phone Link&hellip;\n","protected":false},"author":2,"featured_media":1164706,"comment_status":"","ping_status":"","sticky":false,"template":"","format":"standard","meta":{"footnotes":"","_share_on_mastodon":"0"},"categories":[135],"tags":[29,30,199,244185,190,189,244186,132754,244187,194,191,202,193,192],"class_list":["post-1164705","post","type-post","status-publish","format-standard","has-post-thumbnail","category-wissenschaft-technik","tag-deutschland","tag-germany","tag-microsoft","tag-phone-link-integration","tag-science","tag-science-technology","tag-speicherfehler","tag-taskleiste","tag-taskleisten-freiheit","tag-technik","tag-technology","tag-windows","tag-wissenschaft","tag-wissenschaft-technik"],"share_on_mastodon":{"url":"https:\/\/pubeurope.com\/@de\/116915401293335863","error":""},"_links":{"self":[{"href":"https:\/\/www.europesays.com\/de\/wp-json\/wp\/v2\/posts\/1164705","targetHints":{"allow":["GET"]}}],"collection":[{"href":"https:\/\/www.europesays.com\/de\/wp-json\/wp\/v2\/posts"}],"about":[{"href":"https:\/\/www.europesays.com\/de\/wp-json\/wp\/v2\/types\/post"}],"author":[{"embeddable":true,"href":"https:\/\/www.europesays.com\/de\/wp-json\/wp\/v2\/users\/2"}],"replies":[{"embeddable":true,"href":"https:\/\/www.europesays.com\/de\/wp-json\/wp\/v2\/comments?post=1164705"}],"version-history":[{"count":0,"href":"https:\/\/www.europesays.com\/de\/wp-json\/wp\/v2\/posts\/1164705\/revisions"}],"wp:featuredmedia":[{"embeddable":true,"href":"https:\/\/www.europesays.com\/de\/wp-json\/wp\/v2\/media\/1164706"}],"wp:attachment":[{"href":"https:\/\/www.europesays.com\/de\/wp-json\/wp\/v2\/media?parent=1164705"}],"wp:term":[{"taxonomy":"category","embeddable":true,"href":"https:\/\/www.europesays.com\/de\/wp-json\/wp\/v2\/categories?post=1164705"},{"taxonomy":"post_tag","embeddable":true,"href":"https:\/\/www.europesays.com\/de\/wp-json\/wp\/v2\/tags?post=1164705"}],"curies":[{"name":"wp","href":"https:\/\/api.w.org\/{rel}","templated":true}]}}