{"id":1164768,"date":"2026-07-14T00:38:19","date_gmt":"2026-07-14T00:38:19","guid":{"rendered":"https:\/\/www.europesays.com\/de\/1164768\/"},"modified":"2026-07-14T00:38:19","modified_gmt":"2026-07-14T00:38:19","slug":"us-bundesstaaten-wollen-warner-uebernahme-durch-paramount-stoppen","status":"publish","type":"post","link":"https:\/\/www.europesays.com\/de\/1164768\/","title":{"rendered":"US-Bundesstaaten wollen Warner-\u00dcbernahme durch Paramount stoppen"},"content":{"rendered":"<p>            <img loading=\"lazy\" decoding=\"async\" class=\"ts-image\" src=\"https:\/\/www.europesays.com\/de\/wp-content\/uploads\/2026\/07\/paramount-logo-102.jpg\" alt=\"Der Paramount Schriftzug an einem Geb\u00e4ude \" title=\"Der Paramount Schriftzug an einem Geb\u00e4ude  | AFP\"\/><\/p>\n<p class=\"metatextline\">Stand: 13.07.2026 \u2022 21:56 Uhr<\/p>\n<p class=\"article-head__shorttext\">\n        <strong>Die \u00dcbernahme von Warner Bros. durch Paramount ist ein Mega-Gesch\u00e4ft, das nicht nur Hollywood umkrempeln k\u00f6nnte. Die US-Regierung winkte den Deal durch &#8211; doch mehrere Bundesstaaten wollen ihn kippen und ziehen vor Gericht.<\/strong>\n    <\/p>\n<p class=\"textabsatz m-ten m-offset-one l-eight l-offset-two columns twelve\">Zw\u00f6lf US-Bundesstaaten haben Klage bei einem Bundesgericht in Kalifornien eingereicht, um die \u00dcbernahme des Hollywood-Urgesteins Warner Brothers durch den Konkurrenten Paramount zu verhindern. Der Zusammenschluss der zwei Unterhaltungsgiganten werde unter anderem h\u00f6here Preise, geringere Qualit\u00e4t sowie weniger Filme und TV-Sendungen zur Folge haben, kritisierte der kalifornische Generalstaatsanwalt Rob Bonta.<\/p>\n<p class=\"textabsatz m-ten m-offset-one l-eight l-offset-two columns twelve\">Das sei auch eine Gefahr f\u00fcr Kinobetreiber. Die zw\u00f6lf US-Bundesstaaten argumentieren in ihrer Klage unter anderem, der Wegfall der Konkurrenz zwischen Warner und Paramount werde unter anderem die Filmtheater schwer treffen. Der Deal verletze Wettbewerbsregeln und m\u00fcsse untersagt werden. Dabei berufen sie sich auf ein Gesetz, das Fusionen untersagt, wenn sie den Wettbewerb beeintr\u00e4chtigen k\u00f6nnten.<\/p>\n<p>    Fehlerhafte Anwendung des Kartellrechts?<\/p>\n<p class=\"textabsatz m-ten m-offset-one l-eight l-offset-two columns twelve\">Paramount konterte, die Klage verkenne die Wettbewerbs-Realit\u00e4t der Unterhaltungsbranche und basiere auf einer fehlerhaften Anwendung des Kartellrechts. Man werde den Deal entschieden verteidigen. Zugleich laufen noch Wettbewerbspr\u00fcfungen au\u00dferhalb der USA, unter anderem in Europa.<\/p>\n<p class=\"textabsatz m-ten m-offset-one l-eight l-offset-two columns twelve\">Die US-Regierung hatte im Juni den Milliardendeal ohne Auflagen genehmigt. Das Justizministerium kam zu der Einsch\u00e4tzung, dass der Zusammenschluss weder dem Wettbewerb noch US-Verbrauchern schaden werde &#8211; sowohl im TV- oder Streaming-Gesch\u00e4ft als auch in der Filmproduktion. Dem Wall Street Journal zufolge wurde die \u00dcbernahme von der F\u00fchrung des Ministeriums durchgewinkt, bevor die zust\u00e4ndigen Juristen der Beh\u00f6rde eine Empfehlung dazu abgeben konnten.<\/p>\n<p>    Trump-Unterst\u00fctzer stach Netflix aus<\/p>\n<p class=\"textabsatz m-ten m-offset-one l-eight l-offset-two columns twelve\">Hinter Paramount steht die Familie des Software-Milliard\u00e4rs Larry Ellison, der als Unterst\u00fctzer von US-Pr\u00e4sident Donald Trump bekannt ist. Urspr\u00fcnglich hatte sich im vergangenen Jahr schon Netflix mit Warner auf einen Kauf des Streaming- und Studiogesch\u00e4fts der Branchengr\u00f6\u00dfe verst\u00e4ndigt.<\/p>\n<p class=\"textabsatz m-ten m-offset-one l-eight l-offset-two columns twelve\">Doch Paramount lie\u00df nicht locker und gab ein h\u00f6heres Gebot f\u00fcr den gesamten Konzern Warner Bros. Discovery ab &#8211; inklusive der Fernsehsender wie CNN.<\/p>\n<p class=\"textabsatz m-ten m-offset-one l-eight l-offset-two columns twelve\">Der Deal ist nun rund 111 Milliarden US-Dollar (rund 98 Milliarden Euro) schwer. Trump-Kritiker in den USA bef\u00fcrchten, dass CNN unter dem Dach von Paramount die redaktionelle Unabh\u00e4ngigkeit verlieren k\u00f6nnte.<\/p>\n<p>    Paramount will mehr Gewicht<\/p>\n<p class=\"textabsatz m-ten m-offset-one l-eight l-offset-two columns twelve\">Paramount wird von Larry Ellisons Sohn gef\u00fchrt, dem Filmproduzenten David Ellison. Er will mit der \u00dcbernahme von Warner Bros. Discovery an Gewicht in Hollywood gewinnen. Paramount ist unter den kleineren Playern der Branche. Zu Warner geh\u00f6ren unter anderem das DC-Superhelden-Universum mit &#8222;Superman&#8220; und &#8222;Batman&#8220;, Filmreihen wie &#8222;Harry Potter&#8220; sowie ein starkes Streaming-Gesch\u00e4ft auf Basis des Bezahlsenders HBO.<\/p>\n<p class=\"textabsatz m-ten m-offset-one l-eight l-offset-two columns twelve\">Mit Informationen von Nils Dampz, ARD San Francisco<\/p>\n","protected":false},"excerpt":{"rendered":"Stand: 13.07.2026 \u2022 21:56 Uhr Die \u00dcbernahme von Warner Bros. durch Paramount ist ein Mega-Gesch\u00e4ft, das nicht nur&hellip;\n","protected":false},"author":2,"featured_media":1164769,"comment_status":"","ping_status":"","sticky":false,"template":"","format":"standard","meta":{"footnotes":"","_share_on_mastodon":"0"},"categories":[5],"tags":[331,332,3364,29,30,13,14,15,6552,12,152872],"class_list":["post-1164768","post","type-post","status-publish","format-standard","has-post-thumbnail","category-nachrichten","tag-aktuelle-nachrichten","tag-aktuelle-news","tag-de","tag-deutschland","tag-germany","tag-headlines","tag-nachrichten","tag-news","tag-paramount","tag-schlagzeilen","tag-warner-brothers"],"share_on_mastodon":{"url":"","error":""},"_links":{"self":[{"href":"https:\/\/www.europesays.com\/de\/wp-json\/wp\/v2\/posts\/1164768","targetHints":{"allow":["GET"]}}],"collection":[{"href":"https:\/\/www.europesays.com\/de\/wp-json\/wp\/v2\/posts"}],"about":[{"href":"https:\/\/www.europesays.com\/de\/wp-json\/wp\/v2\/types\/post"}],"author":[{"embeddable":true,"href":"https:\/\/www.europesays.com\/de\/wp-json\/wp\/v2\/users\/2"}],"replies":[{"embeddable":true,"href":"https:\/\/www.europesays.com\/de\/wp-json\/wp\/v2\/comments?post=1164768"}],"version-history":[{"count":0,"href":"https:\/\/www.europesays.com\/de\/wp-json\/wp\/v2\/posts\/1164768\/revisions"}],"wp:featuredmedia":[{"embeddable":true,"href":"https:\/\/www.europesays.com\/de\/wp-json\/wp\/v2\/media\/1164769"}],"wp:attachment":[{"href":"https:\/\/www.europesays.com\/de\/wp-json\/wp\/v2\/media?parent=1164768"}],"wp:term":[{"taxonomy":"category","embeddable":true,"href":"https:\/\/www.europesays.com\/de\/wp-json\/wp\/v2\/categories?post=1164768"},{"taxonomy":"post_tag","embeddable":true,"href":"https:\/\/www.europesays.com\/de\/wp-json\/wp\/v2\/tags?post=1164768"}],"curies":[{"name":"wp","href":"https:\/\/api.w.org\/{rel}","templated":true}]}}