{"id":1164844,"date":"2026-07-14T01:23:19","date_gmt":"2026-07-14T01:23:19","guid":{"rendered":"https:\/\/www.europesays.com\/de\/1164844\/"},"modified":"2026-07-14T01:23:19","modified_gmt":"2026-07-14T01:23:19","slug":"denise-zich-aus-berlin-ist-die-ehefrau-von-ex-gzsz-star-andreas-elsholz","status":"publish","type":"post","link":"https:\/\/www.europesays.com\/de\/1164844\/","title":{"rendered":"Denise Zich aus Berlin ist die Ehefrau von Ex-GZSZ-Star Andreas Elsholz"},"content":{"rendered":"<p>Ex-GZSZ-Fanliebling <\/p>\n<p>Das ist die ber\u00fchmte Partnerin von Andreas Elsholz<\/p>\n<p>Aktualisiert am 14.07.2026 &#8211; 02:08 UhrLesedauer: 2 Min.<\/p>\n<p><a href=\"#focus-0\" class=\"transition-colors block text-current relative\" data-sctrack=\"FocusGalleryImage.Reference\"><img fetchpriority=\"high\" data-testid=\"Opener.Image\"   loading=\"eager\" src=\"https:\/\/www.europesays.com\/de\/wp-content\/uploads\/2026\/07\/andreas-elsholz-und-denise-zich-lernten-sich-mitte-der-neunzigerjahre-kennen.jpg\" alt=\"Andreas Elsholz und Denise Zich lernten sich Mitte der Neunzigerjahre kennen.\" title=\"Andreas Elsholz und Denise Zich lernten sich Mitte der Neunzigerjahre kennen.\" width=\"2301\" height=\"1294\" class=\"bg-[url:var(--lqipURL)] bg-cover bg-center flex h-full w-full max-w-full\" style=\"--lqipURL:url('https:\/\/images.t-online.de\/2025\/10\/yXa0ztHi2U1m\/0x85:2301x1294\/fit-in\/150x0\/filters:blur(25)\/andreas-elsholz-und-denise-zich-lernten-sich-mitte-der-neunzigerjahre-kennen.jpg')\" decoding=\"async\"\/><img loading=\"lazy\" src=\"https:\/\/berlin.t-online.de\/s\/paper\/_next\/static\/media\/zoom-in.f7dae02f.svg\" alt=\"Vergr\u00f6\u00dfern des Bildes\" title=\"Vergr\u00f6\u00dfern des Bildes\" class=\"block h-[calc(var(--height)_\/_16_*_1rem)] w-[calc(var(--width)_\/_16_*_1rem)] max-w-none absolute right-8 bottom-8 rounded-4 bg-snow p-8\" style=\"--width:32;--height:32\" decoding=\"async\"\/><\/a><\/p>\n<p>Andreas Elsholz und Denise Zich (Archivbild): Die beiden Schauspieler lernten sich Mitte der Neunzigerjahre bei Dreharbeiten zu GZSZ kennen. (Quelle: imago stock&amp;people)<\/p>\n<p><img loading=\"lazy\" src=\"https:\/\/berlin.t-online.de\/s\/paper\/_next\/static\/media\/audio-volume.6689034c.svg\" alt=\"\" title=\"\" class=\"block h-[calc(var(--height)_\/_16_*_1rem)] w-[calc(var(--width)_\/_16_*_1rem)] max-w-none group-hover:brightness-0 group-hover:invert\" style=\"--width:16;--height:16\" decoding=\"async\"\/>Vorlesen<\/p>\n<p>Aktuelle Zeit:0:00Gesamtdauer:0:00<\/p>\n<p>1x<\/p>\n<p class=\"text-center\">Jetzt neu bei t-online:<\/p>\n<p class=\"text-center\">Schriftgr\u00f6\u00dfe anpassen!<\/p>\n<p><img loading=\"lazy\" src=\"https:\/\/berlin.t-online.de\/s\/paper\/_next\/static\/media\/font-sizes.32942e33.svg\" alt=\"\" title=\"\" class=\"block h-[calc(var(--height)_\/_16_*_1rem)] w-[calc(var(--width)_\/_16_*_1rem)] max-w-none group-hover:hidden group-aria-expanded:hidden\" style=\"--width:16;--height:16\" decoding=\"async\"\/><img loading=\"lazy\" src=\"https:\/\/berlin.t-online.de\/s\/paper\/_next\/static\/media\/font-sizes-dark-mode.e382645c.svg\" alt=\"\" title=\"\" class=\"block h-[calc(var(--height)_\/_16_*_1rem)] w-[calc(var(--width)_\/_16_*_1rem)] max-w-none hidden group-hover:block group-aria-expanded:block\" style=\"--width:16;--height:16\" decoding=\"async\"\/><img loading=\"lazy\" src=\"https:\/\/berlin.t-online.de\/s\/paper\/_next\/static\/media\/sharing-menu-icon.1eb71368.svg\" alt=\"\" title=\"\" class=\"block h-[calc(var(--height)_\/_16_*_1rem)] w-[calc(var(--width)_\/_16_*_1rem)] max-w-none group-hover:brightness-0 group-hover:invert\" style=\"--width:16;--height:16\" decoding=\"async\"\/>Artikel teilen<\/p>\n<p class=\"font-bold text-18 leading-17 user-text-lg:text-22 user-text-xl:text-24\">Andreas Elsholz verliebte sich am GZSZ-Set auf den ersten Blick. Doch seine Denise lie\u00df ihn zun\u00e4chst zappeln \u2013 heute sind die beiden seit mehr als 20 Jahren verheiratet.<\/p>\n<p class=\"text-18 leading-17 user-text-lg:text-22 user-text-xl:text-24\">Die ber\u00fchmte Partnerin von Andreas Elsholz ist keine Unbekannte: Hinter ihr verbirgt sich Schauspielerin Denise Zich. Genau wie Elsholz hat auch sie ihre Wurzeln in der Kultserie &#8222;Gute Zeiten, schlechte Zeiten&#8220; \u2013 und eben dort begann auch die gemeinsame Liebesgeschichte der beiden.<\/p>\n<ul class=\"text-18 leading-17 block pl-24 *:pb-16 *:before:inline-block *:before:size-8 *:before:bg-magenta *:before:mt-0 *:before:mr-12 *:before:mb-2 *:before:-ml-[20px]\">\n<li><strong class=\"font-bold\">Comeback nach 27 Jahren:<\/strong> <a href=\"https:\/\/berlin.t-online.de\/region\/berlin\/id_101334724\/berlin-oli-petszokat-feiert-gzsz-comeback-nach-27-jahren.html\" class=\"transition-colors cursor-pointer no-underline md:hover:text-magenta md:focus:text-magenta border-b border-solid border-current text-salemsfur md:hover:border-magenta\" data-tracking=\"{&quot;action&quot;:&quot;click&quot;,&quot;category&quot;:&quot;intextLink&quot;,&quot;label&quot;:&quot;\/region\/berlin\/id_101334724\/berlin-oli-petszokat-feiert-gzsz-comeback-nach-27-jahren.html&quot;}\" data-sctrack=\"BodyAnchor\" rel=\"nofollow noopener\" target=\"_blank\">Urgestein kehrt zu GZSZ zur\u00fcck<\/a><\/li>\n<li><strong class=\"font-bold\">Familien-Zuwachs:<\/strong> <a href=\"https:\/\/berlin.t-online.de\/region\/berlin\/id_101331422\/timur-uelker-berliner-gzsz-star-postet-familien-zuwachs-auf-instagram.html\" class=\"transition-colors cursor-pointer no-underline md:hover:text-magenta md:focus:text-magenta border-b border-solid border-current text-salemsfur md:hover:border-magenta\" data-tracking=\"{&quot;action&quot;:&quot;click&quot;,&quot;category&quot;:&quot;intextLink&quot;,&quot;label&quot;:&quot;\/region\/berlin\/id_101331422\/timur-uelker-berliner-gzsz-star-postet-familien-zuwachs-auf-instagram.html&quot;}\" data-sctrack=\"BodyAnchor\" rel=\"nofollow noopener\" target=\"_blank\">GZSZ-Star macht besondere Ank\u00fcndigung<\/a><\/li>\n<\/ul>\n<p class=\"text-18 leading-17 user-text-lg:text-22 user-text-xl:text-24\"><a href=\"https:\/\/berlin.t-online.de\/region\/berlin\/id_101336760\/gzsz-das-andreas-elsholz-aus-berlin-heute.html\" class=\"transition-colors cursor-pointer no-underline md:hover:text-magenta md:focus:text-magenta border-b border-solid border-current text-salemsfur md:hover:border-magenta\" data-tracking=\"{&quot;action&quot;:&quot;click&quot;,&quot;category&quot;:&quot;intextLink&quot;,&quot;label&quot;:&quot;\/region\/berlin\/id_101336760\/gzsz-das-andreas-elsholz-aus-berlin-heute.html&quot;}\" data-sctrack=\"BodyAnchor\" rel=\"nofollow noopener\" target=\"_blank\">Kennengelernt haben sich Denise Zich und Andreas Elsholz 1995 am Set von GZSZ<\/a>. Zich, damals 19 Jahre alt, stie\u00df in jenem Jahr neu zum Ensemble und \u00fcbernahm die Rolle der Musikerin Daniela Z\u00f6llner. Elsholz war zu diesem Zeitpunkt bereits als Heiko Richter etabliert. F\u00fcr ihn war es Liebe auf den ersten Blick, wie er sp\u00e4ter der &#8222;Bild&#8220;-Zeitung schilderte: &#8222;Ich habe Denise gesehen und mich direkt in sie verliebt.&#8220; Zich lie\u00df ihn allerdings zun\u00e4chst ein wenig zappeln.<\/p>\n<p>Denise Zich und Andreas Elsholz auch gemeinsam vor der Kamera<\/p>\n<p class=\"text-18 leading-17 user-text-lg:text-22 user-text-xl:text-24\">Der Aufwand lohnte sich: 1996 wurden die beiden ein Paar, 2001 heirateten sie, und 2003 kam Sohn Julius Romeo zur Welt, der inzwischen 23 Jahre alt ist. Einen gemeinsamen Nachnamen f\u00fchren Denise Zich und Andreas Elsholz bis heute nicht \u2013 aus praktischen Gr\u00fcnden, wie Elsholz erkl\u00e4rte: &#8222;Wir haben ja schon vor unserer Hochzeit unter unseren eigenen Namen gearbeitet.&#8220; Zu Hause ist die Familie im Umland von Berlin.<\/p>\n<p class=\"text-18 leading-17 user-text-lg:text-22 user-text-xl:text-24\">Immer wieder standen Denise Zich und Andreas Elsholz auch gemeinsam vor der Kamera. Besonders sichtbar wurde das 2018, als beide zusammen in einer &#8222;Traumschiff&#8220;-Episode zu sehen waren. Ihre Figuren, zwei Passagiere, verlieben sich im Lauf der Folge ineinander. Zich verk\u00f6rperte darin die Goldschmiedin Marie, die auf den von Elsholz gespielten Lektor S\u00f6nke trifft.<\/p>\n<p class=\"text-18 leading-17 user-text-lg:text-22 user-text-xl:text-24\">Auch abseits der gemeinsamen Auftritte ist Denise Zich als Schauspielerin aktiv: Im Januar war sie in einer neuen Folge von &#8222;SOKO Stuttgart&#8220; zu sehen. Als Paar zeigen sich Elsholz und Zich weiterhin gelegentlich gemeinsam in der \u00d6ffentlichkeit \u2013 zuletzt bei der Verleihung des &#8222;B.Z.&#8220;-Kulturpreises vor wenigen Wochen.<\/p>\n","protected":false},"excerpt":{"rendered":"Ex-GZSZ-Fanliebling Das ist die ber\u00fchmte Partnerin von Andreas Elsholz Aktualisiert am 14.07.2026 &#8211; 02:08 UhrLesedauer: 2 Min. Andreas&hellip;\n","protected":false},"author":2,"featured_media":1164845,"comment_status":"","ping_status":"","sticky":false,"template":"","format":"standard","meta":{"footnotes":"","_share_on_mastodon":"0"},"categories":[1773],"tags":[722,3176,2201,130075,296,130079,130076,29,214,30,725,3523,471,1780,215],"class_list":["post-1164844","post","type-post","status-publish","format-standard","has-post-thumbnail","category-serien","tag-722","tag-3176","tag-2201","tag-andreas-elsholz","tag-berlin","tag-daniela-zoellner","tag-denise-zich","tag-deutschland","tag-entertainment","tag-germany","tag-gzsz","tag-kamera","tag-serien","tag-series","tag-unterhaltung"],"share_on_mastodon":{"url":"https:\/\/pubeurope.com\/@de\/116915721679650963","error":""},"_links":{"self":[{"href":"https:\/\/www.europesays.com\/de\/wp-json\/wp\/v2\/posts\/1164844","targetHints":{"allow":["GET"]}}],"collection":[{"href":"https:\/\/www.europesays.com\/de\/wp-json\/wp\/v2\/posts"}],"about":[{"href":"https:\/\/www.europesays.com\/de\/wp-json\/wp\/v2\/types\/post"}],"author":[{"embeddable":true,"href":"https:\/\/www.europesays.com\/de\/wp-json\/wp\/v2\/users\/2"}],"replies":[{"embeddable":true,"href":"https:\/\/www.europesays.com\/de\/wp-json\/wp\/v2\/comments?post=1164844"}],"version-history":[{"count":0,"href":"https:\/\/www.europesays.com\/de\/wp-json\/wp\/v2\/posts\/1164844\/revisions"}],"wp:featuredmedia":[{"embeddable":true,"href":"https:\/\/www.europesays.com\/de\/wp-json\/wp\/v2\/media\/1164845"}],"wp:attachment":[{"href":"https:\/\/www.europesays.com\/de\/wp-json\/wp\/v2\/media?parent=1164844"}],"wp:term":[{"taxonomy":"category","embeddable":true,"href":"https:\/\/www.europesays.com\/de\/wp-json\/wp\/v2\/categories?post=1164844"},{"taxonomy":"post_tag","embeddable":true,"href":"https:\/\/www.europesays.com\/de\/wp-json\/wp\/v2\/tags?post=1164844"}],"curies":[{"name":"wp","href":"https:\/\/api.w.org\/{rel}","templated":true}]}}