{"id":1164895,"date":"2026-07-14T01:50:27","date_gmt":"2026-07-14T01:50:27","guid":{"rendered":"https:\/\/www.europesays.com\/de\/1164895\/"},"modified":"2026-07-14T01:50:27","modified_gmt":"2026-07-14T01:50:27","slug":"wuelfrath-schule-am-berg-abschlussfeier","status":"publish","type":"post","link":"https:\/\/www.europesays.com\/de\/1164895\/","title":{"rendered":"W\u00fclfrath Schule am Berg Abschlussfeier"},"content":{"rendered":"<p class=\"text_ohne_einzug richtext text-em-55 !leading-serif mx-6 desktop:mx-0\">Sie haben es geschafft: 68 Sch\u00fclerinnen und Sch\u00fcler der Schule am Berg wurden jetzt nach der \u00dcbergabe ihrer Abschlusszeugnisse in die Freiheit entlassen. Gemeinsam mit ihren Angeh\u00f6rigen und den Lehrerinnen und Lehrern feierten sie fr\u00f6hlich im Paul-Ludowigs-Haus. Der F\u00f6rderverein der Sekundarschule hatte sich m\u00e4chtig ins Zeug gelegt und den Saal h\u00fcbsch dekoriert: Eine goldene 2026 prangte auf der B\u00fchne, goldene und silberne herzf\u00f6rmige schwebende Ballons markierten die Stuhlreihen. Die waren fast bis auf den letzten Platz gef\u00fcllt mit Eltern, Geschwistern, Gro\u00dfeltern, Freunden und Angeh\u00f6rigen der Absolventinnen und Absolventen.<\/p>\n","protected":false},"excerpt":{"rendered":"Sie haben es geschafft: 68 Sch\u00fclerinnen und Sch\u00fcler der Schule am Berg wurden jetzt nach der \u00dcbergabe ihrer&hellip;\n","protected":false},"author":2,"featured_media":1164896,"comment_status":"","ping_status":"","sticky":false,"template":"","format":"standard","meta":{"footnotes":"","_share_on_mastodon":"0"},"categories":[1840],"tags":[73810,244217,42075,159108,18034,3364,29,94164,30,55939,18355,118254,1209,1978,11184,40856,44548,244219,4418,244218],"class_list":["post-1164895","post","type-post","status-publish","format-standard","has-post-thumbnail","category-wuppertal","tag-abschlussfeier","tag-abschlusszeugnisse","tag-absolventen","tag-angehoerigen","tag-berg","tag-de","tag-deutschland","tag-fahrzeugs","tag-germany","tag-goldene","tag-jugendlichen","tag-ludowigs","tag-nordrhein-westfalen","tag-schueler","tag-schuelerinnen","tag-teppich","tag-uebergabe","tag-uebergangsempfehlungen","tag-wuppertal","tag-zeug"],"share_on_mastodon":{"url":"https:\/\/pubeurope.com\/@de\/116915825968487175","error":""},"_links":{"self":[{"href":"https:\/\/www.europesays.com\/de\/wp-json\/wp\/v2\/posts\/1164895","targetHints":{"allow":["GET"]}}],"collection":[{"href":"https:\/\/www.europesays.com\/de\/wp-json\/wp\/v2\/posts"}],"about":[{"href":"https:\/\/www.europesays.com\/de\/wp-json\/wp\/v2\/types\/post"}],"author":[{"embeddable":true,"href":"https:\/\/www.europesays.com\/de\/wp-json\/wp\/v2\/users\/2"}],"replies":[{"embeddable":true,"href":"https:\/\/www.europesays.com\/de\/wp-json\/wp\/v2\/comments?post=1164895"}],"version-history":[{"count":0,"href":"https:\/\/www.europesays.com\/de\/wp-json\/wp\/v2\/posts\/1164895\/revisions"}],"wp:featuredmedia":[{"embeddable":true,"href":"https:\/\/www.europesays.com\/de\/wp-json\/wp\/v2\/media\/1164896"}],"wp:attachment":[{"href":"https:\/\/www.europesays.com\/de\/wp-json\/wp\/v2\/media?parent=1164895"}],"wp:term":[{"taxonomy":"category","embeddable":true,"href":"https:\/\/www.europesays.com\/de\/wp-json\/wp\/v2\/categories?post=1164895"},{"taxonomy":"post_tag","embeddable":true,"href":"https:\/\/www.europesays.com\/de\/wp-json\/wp\/v2\/tags?post=1164895"}],"curies":[{"name":"wp","href":"https:\/\/api.w.org\/{rel}","templated":true}]}}