{"id":116490,"date":"2025-05-17T00:53:16","date_gmt":"2025-05-17T00:53:16","guid":{"rendered":"https:\/\/www.europesays.com\/de\/116490\/"},"modified":"2025-05-17T00:53:16","modified_gmt":"2025-05-17T00:53:16","slug":"ocean-vuongs-neuer-roman-der-kaiser-der-freude-rezension-etwas-stimmt-nicht-kultur","status":"publish","type":"post","link":"https:\/\/www.europesays.com\/de\/116490\/","title":{"rendered":"Ocean Vuongs neuer Roman \u201eDer Kaiser der Freude\u201c. Rezension: Etwas stimmt nicht &#8211; Kultur"},"content":{"rendered":"<p data-manual=\"teaserText\" data-schema-org-speakable=\"true\" class=\"css-vzdvax\">Der Dichter und Romanautor Ocean Vuong wird international mit Preisen und Applaus \u00fcberh\u00e4uft. Wenn man sein neuestes Buch \u201eDer Kaiser der Freude\u201c aber wirklich liest, st\u00f6\u00dft einem die Begeisterung sauer auf. Warum?<\/p>\n<p data-manual=\"paragraph\" data-schema-org-speakable=\"true\" class=\"css-4bdi0k\">Irgendwas stimmt mit <a href=\"https:\/\/sz-magazin.sueddeutsche.de\/literatur\/ocean-vuong-interview-kaiser-der-freude-95052?reduced=true\" target=\"_blank\" rel=\"noopener\">Ocean Vuongs<\/a> Metaphern nicht, denkt man nach einigen Seiten seines neuen Buches \u201eDer Kaiser der Freude\u201c. Stutzt. Liest noch mal, gr\u00fcndlicher, immerhin ist der Mann mit Preisen und Stipendien beladen wie seine S\u00e4tze mit Vergleichen, bedeutungsschweren Bildern und Adjektiven. Er hat, k\u00f6nnte man meinen, bisher f\u00fcr jedes Adjektiv einen Preis bekommen, und darum versucht er, m\u00f6glichst viele davon unterzubringen, damit Fortuna und Oprah ihm treu bleiben. Oprah Winfrey hat den \u201eKaiser\u201c n\u00e4mlich gerade zum Buch des Monats gew\u00e4hlt, was bedeutet, dass es jetzt alle lesen m\u00fcssen. Der Kaiser liegt hundertprozentig auf dem Nachttisch von Barack Obama. Aber trotzdem, irgendwas stimmt mit den Metaphern nicht.<\/p>\n","protected":false},"excerpt":{"rendered":"Der Dichter und Romanautor Ocean Vuong wird international mit Preisen und Applaus \u00fcberh\u00e4uft. Wenn man sein neuestes Buch&hellip;\n","protected":false},"author":2,"featured_media":116491,"comment_status":"","ping_status":"","sticky":false,"template":"","format":"standard","meta":{"footnotes":""},"categories":[1774],"tags":[1624,147,5474,1784,1785,29,214,30,80,93,2879,149,215,64,10649],"class_list":{"0":"post-116490","1":"post","2":"type-post","3":"status-publish","4":"format-standard","5":"has-post-thumbnail","7":"category-buecher","8":"tag-asien","9":"tag-ausland","10":"tag-bestseller","11":"tag-books","12":"tag-buecher","13":"tag-deutschland","14":"tag-entertainment","15":"tag-germany","16":"tag-kultur","17":"tag-literatur","18":"tag-lyrik","19":"tag-sueddeutsche-zeitung","20":"tag-unterhaltung","21":"tag-usa","22":"tag-vietnam"},"share_on_mastodon":{"url":"https:\/\/pubeurope.com\/@de\/114520444410411734","error":""},"_links":{"self":[{"href":"https:\/\/www.europesays.com\/de\/wp-json\/wp\/v2\/posts\/116490","targetHints":{"allow":["GET"]}}],"collection":[{"href":"https:\/\/www.europesays.com\/de\/wp-json\/wp\/v2\/posts"}],"about":[{"href":"https:\/\/www.europesays.com\/de\/wp-json\/wp\/v2\/types\/post"}],"author":[{"embeddable":true,"href":"https:\/\/www.europesays.com\/de\/wp-json\/wp\/v2\/users\/2"}],"replies":[{"embeddable":true,"href":"https:\/\/www.europesays.com\/de\/wp-json\/wp\/v2\/comments?post=116490"}],"version-history":[{"count":0,"href":"https:\/\/www.europesays.com\/de\/wp-json\/wp\/v2\/posts\/116490\/revisions"}],"wp:featuredmedia":[{"embeddable":true,"href":"https:\/\/www.europesays.com\/de\/wp-json\/wp\/v2\/media\/116491"}],"wp:attachment":[{"href":"https:\/\/www.europesays.com\/de\/wp-json\/wp\/v2\/media?parent=116490"}],"wp:term":[{"taxonomy":"category","embeddable":true,"href":"https:\/\/www.europesays.com\/de\/wp-json\/wp\/v2\/categories?post=116490"},{"taxonomy":"post_tag","embeddable":true,"href":"https:\/\/www.europesays.com\/de\/wp-json\/wp\/v2\/tags?post=116490"}],"curies":[{"name":"wp","href":"https:\/\/api.w.org\/{rel}","templated":true}]}}