{"id":1164979,"date":"2026-07-14T02:40:42","date_gmt":"2026-07-14T02:40:42","guid":{"rendered":"https:\/\/www.europesays.com\/de\/1164979\/"},"modified":"2026-07-14T02:40:42","modified_gmt":"2026-07-14T02:40:42","slug":"wahlkampf-in-berlin-wer-ist-cdu-spitzenkandidat-evers-und-was-hat-er-vor-politik","status":"publish","type":"post","link":"https:\/\/www.europesays.com\/de\/1164979\/","title":{"rendered":"Wahlkampf in Berlin &#8211; Wer ist CDU-Spitzenkandidat Evers \u2013 und was hat er vor? &#8211; Politik"},"content":{"rendered":"<p data-manual=\"paragraph\" data-schema-org-speakable=\"true\" class=\"css-1eosz7k\"><a href=\"https:\/\/www.sueddeutsche.de\/thema\/Berlin\" rel=\"nofollow noopener\" target=\"_blank\">Berlin<\/a> (dpa) &#8211; Die Berliner <a href=\"https:\/\/www.sueddeutsche.de\/thema\/CDU\" rel=\"nofollow noopener\" target=\"_blank\">CDU<\/a> tauscht ihren Spitzenkandidaten f\u00fcr die Abgeordnetenhauswahl im September aus. Finanzsenator Stefan Evers \u00fcbernimmt die Aufgabe. Der CDU-Landesvorstand w\u00e4hlte ihn am sp\u00e4ten Nachmittag einstimmig. Das erfuhr die Deutsche Presse-Agentur aus dem Landesvorstand. Die Erwartungen in der Partei an den 46-J\u00e4hrigen sind hoch. Wer ist Evers und was hat er vor?<\/p>\n<p>Was macht Stefan Evers bisher?\u00a0<\/p>\n<p data-manual=\"paragraph\" data-schema-org-speakable=\"true\" class=\"css-1eosz7k\">Aktuell ist er B\u00fcrgermeister, wie der Stellvertreter des Regierungschefs Kai Wegner in Berlin genannt wird. In Personalunion ist er au\u00dferdem Finanzsenator und seit dem R\u00fccktritt von Kultursenatorin Sarah Wedl-Wilson (parteilos) Ende April auch f\u00fcr die Kulturverwaltung verantwortlich.\u00a0<\/p>\n<p>Kommt Evers aus Berlin?\u00a0<\/p>\n<p data-manual=\"paragraph\" data-schema-org-speakable=\"true\" class=\"css-1eosz7k\">Nein, er wurde in Herdecke in Nordrhein-Westfalen geboren, ist in Paderborn aufgewachsen und hat dort Abitur gemacht. Aber in Berlin lebt er bereits seit 1999.<\/p>\n<p>Was hat er vor seiner Karriere in der Landespolitik gemacht?\u00a0<\/p>\n<p data-manual=\"paragraph\" data-schema-org-speakable=\"true\" class=\"css-1eosz7k\">Evers hat Rechtswissenschaften an der Universit\u00e4t Potsdam studiert und anschlie\u00dfend als Referent im Deutschen Bundestag f\u00fcr die CDU-Abgeordneten Friedhelm Ost und Werner Kuhn gearbeitet.\u00a0<\/p>\n<p>Wie lange ist er schon in der Landespolitik aktiv?\u00a0<\/p>\n<p data-manual=\"paragraph\" data-schema-org-speakable=\"true\" class=\"css-1eosz7k\">In der Berliner CDU ist Stefan Evers ein vertrautes Gesicht. Zumindest in der zweiten Reihe hat er im Laufe der Jahre eine Reihe von Aufgaben \u00fcbernommen und geh\u00f6rt dem Abgeordnetenhaus bereits seit 2011 an. Wenn \u00fcber die Frage diskutiert wurde, wer in der Landes-CDU f\u00fcr h\u00f6here \u00c4mter infrage kommt, ist auch in der Vergangenheit bereits mehrfach sein Name gefallen.\u00a0<\/p>\n<p>Welche Funktionen hatte er bisher?\u00a0<\/p>\n<p data-manual=\"paragraph\" data-schema-org-speakable=\"true\" class=\"css-1eosz7k\">Evers startete seine Karriere im Landesparlament gleich als stellvertretender Fraktionsvorsitzender und \u00fcbernahm diese Aufgabe bis 2018. Anschlie\u00dfend war er bis 2023 parlamentarischer Gesch\u00e4ftsf\u00fchrer der CDU-Fraktion, von Dezember 2016 bis Herbst 2023 auch Generalsekret\u00e4r der Landespartei.\u00a0<\/p>\n<p>Wie ist sein Verh\u00e4ltnis zu Kai Wegner?\u00a0<\/p>\n<p data-manual=\"paragraph\" data-schema-org-speakable=\"true\" class=\"css-1eosz7k\">Evers war bereits Generalsekret\u00e4r, als Monika Gr\u00fctters noch CDU-Landesvorsitzende war. Deren innerparteilicher Gegenspieler Kai Wegner l\u00f6ste sie 2019 ab, belie\u00df Evers aber auf seinem Posten. Bei der Wahl 2023 war Evers ma\u00dfgeblich an der Wahlkampagne beteiligt, die der CDU den Sieg gebracht hat. Wegner holte ihn anschlie\u00dfend als Finanzsenator in die Landesregierung. Evers gilt als loyal und hat sich \u00f6ffentlich nicht an der Kritik an Wegner beteiligt.\u00a0<\/p>\n<p>Welche St\u00e4rken werden Evers nachgesagt?\u00a0<\/p>\n<p data-manual=\"paragraph\" data-schema-org-speakable=\"true\" class=\"css-1eosz7k\">Der CDU-Politiker hat den Ruf, fachlich kompetent zu sein, sich in Themen reinzuknien, schnell zu denken und oft auch schnell zu reden. Im Landesparlament referiert er regelm\u00e4\u00dfig ausgesprochen sachlich zur Finanzpolitik, aber er hat auch eine andere Seite: Politische Gegner schont er nicht, seine Angriffe sind oft scharf formuliert. Im Wahlkampf hat er durchaus auf Samthandschuhe verzichtet.\u00a0<\/p>\n<p>Was wird an Evers kritisiert?<\/p>\n<p data-manual=\"paragraph\" data-schema-org-speakable=\"true\" class=\"css-1eosz7k\">Stimmen aus der Opposition haben ihm oft vorgeworfen, in seinen Reden stets solide Haushaltspolitik zu beschw\u00f6ren, in der Praxis aber eine Rekordverschuldung in Berlin mitgetragen zu haben. Als Teil der schwarz-roten Landesregierung sei er au\u00dferdem mitverantwortlich f\u00fcr all das, was in der Hauptstadt schieflaufe.\u00a0<\/p>\n<p>Was ist f\u00fcr den Wahlkampf zu erwarten?\u00a0<\/p>\n<p data-manual=\"paragraph\" data-schema-org-speakable=\"true\" class=\"css-1eosz7k\">Evers hat sich bereits zu einigen inhaltlichen Schwerpunkten ge\u00e4u\u00dfert und zum Beispiel Kritik am kostenlosen Schulessen ge\u00fcbt, f\u00fcr das sich nicht zuletzt SPD-Fraktionsvorsitzender Raed Saleh immer wieder eingesetzt hat. Das darf als Kampfansage an den bisherigen Koalitionspartner verstanden werden. Au\u00dferdem hat Evers angek\u00fcndigt, er werde alles tun, um eine linksgr\u00fcne Regierung in Berlin zu verhindern. Scharfe Kritik insbesondere an der Linken ist von Evers in den kommenden Wochen so gut wie sicher zu erwarten.\u00a0<\/p>\n<p>Wie bekannt ist Evers bisher in Berlin?<\/p>\n<p data-manual=\"paragraph\" data-schema-org-speakable=\"true\" class=\"css-1eosz7k\">Stefan Evers ist zwar lange in der Landespolitik und \u00fcberragt allein durch seine K\u00f6rpergr\u00f6\u00dfe viele andere, aber er geh\u00f6rt nicht zu denjenigen, die jeder gleich erkennt, wenn sie um die Ecke kommen. Der CDU-Politiker ist schwul und verheiratet. Er gilt nicht nur berufsbedingt als kulturinteressiert und unter anderem als Filmfan. Am Samstag meldete er sich auf der Plattform X mit dem Hinweis, abends bei den Pet Shop Boys in der Waldb\u00fchne sein zu wollen. Der \u201eBerliner Morgenpost\u201c hat er verraten, dass er den Tierpark Friedrichsfelde als magischen Ort empfinde. Seine Favoriten dort sind die Roten Pandas.<\/p>\n<p data-manual=\"paragraph\" data-schema-org-speakable=\"true\" class=\"css-1eosz7k\">\u00a9 dpa-infocom, dpa:260713-930-375230\/2<\/p>\n","protected":false},"excerpt":{"rendered":"Berlin (dpa) &#8211; Die Berliner CDU tauscht ihren Spitzenkandidaten f\u00fcr die Abgeordnetenhauswahl im September aus. Finanzsenator Stefan Evers&hellip;\n","protected":false},"author":2,"featured_media":1164980,"comment_status":"","ping_status":"","sticky":false,"template":"","format":"standard","meta":{"footnotes":"","_share_on_mastodon":"0"},"categories":[1825],"tags":[9071,296,31,29,30,2403,16,2382,149,2534],"class_list":["post-1164979","post","type-post","status-publish","format-standard","has-post-thumbnail","category-berlin","tag-abgeordnetenhaus","tag-berlin","tag-cdu","tag-deutschland","tag-germany","tag-partei","tag-politik","tag-senat","tag-sueddeutsche-zeitung","tag-wahl"],"share_on_mastodon":{"url":"https:\/\/pubeurope.com\/@de\/116916022752680229","error":""},"_links":{"self":[{"href":"https:\/\/www.europesays.com\/de\/wp-json\/wp\/v2\/posts\/1164979","targetHints":{"allow":["GET"]}}],"collection":[{"href":"https:\/\/www.europesays.com\/de\/wp-json\/wp\/v2\/posts"}],"about":[{"href":"https:\/\/www.europesays.com\/de\/wp-json\/wp\/v2\/types\/post"}],"author":[{"embeddable":true,"href":"https:\/\/www.europesays.com\/de\/wp-json\/wp\/v2\/users\/2"}],"replies":[{"embeddable":true,"href":"https:\/\/www.europesays.com\/de\/wp-json\/wp\/v2\/comments?post=1164979"}],"version-history":[{"count":0,"href":"https:\/\/www.europesays.com\/de\/wp-json\/wp\/v2\/posts\/1164979\/revisions"}],"wp:featuredmedia":[{"embeddable":true,"href":"https:\/\/www.europesays.com\/de\/wp-json\/wp\/v2\/media\/1164980"}],"wp:attachment":[{"href":"https:\/\/www.europesays.com\/de\/wp-json\/wp\/v2\/media?parent=1164979"}],"wp:term":[{"taxonomy":"category","embeddable":true,"href":"https:\/\/www.europesays.com\/de\/wp-json\/wp\/v2\/categories?post=1164979"},{"taxonomy":"post_tag","embeddable":true,"href":"https:\/\/www.europesays.com\/de\/wp-json\/wp\/v2\/tags?post=1164979"}],"curies":[{"name":"wp","href":"https:\/\/api.w.org\/{rel}","templated":true}]}}