{"id":1165010,"date":"2026-07-14T02:58:33","date_gmt":"2026-07-14T02:58:33","guid":{"rendered":"https:\/\/www.europesays.com\/de\/1165010\/"},"modified":"2026-07-14T02:58:33","modified_gmt":"2026-07-14T02:58:33","slug":"neuzugang-aus-argentinien-balzi-soll-kiels-angriff-beleben-2","status":"publish","type":"post","link":"https:\/\/www.europesays.com\/de\/1165010\/","title":{"rendered":"Neuzugang aus Argentinien: Balzi soll Kiels Angriff beleben"},"content":{"rendered":"<p>2. Fu\u00dfball-Bundesliga <\/p>\n<p>Neuzugang aus Argentinien: Balzi soll Kiels Angriff beleben<\/p>\n<p>Aktualisiert am 13.07.2026 &#8211; 22:18 UhrLesedauer: 1 Min.<\/p>\n<p><a href=\"#focus-0\" class=\"transition-colors block text-current relative\" data-sctrack=\"FocusGalleryImage.Reference\"><img fetchpriority=\"high\" data-testid=\"Opener.Image\"   loading=\"eager\" src=\"https:\/\/www.europesays.com\/de\/wp-content\/uploads\/2026\/07\/tim-walter-freut-sich-auf-einen-offensiven-neuzugang-archivbild.jpg\" alt=\"Tim Walter\" title=\"Tim Walter\" width=\"2048\" height=\"1152\" class=\"bg-[url:var(--lqipURL)] bg-cover bg-center flex h-full w-full max-w-full\" style=\"--lqipURL:url('https:\/\/images.t-online.de\/2026\/07\/3dYAn8o1idQc\/0x118:2048x1152\/fit-in\/150x0\/filters:blur(25)\/tim-walter-freut-sich-auf-einen-offensiven-neuzugang-archivbild.jpg')\" decoding=\"async\"\/><img loading=\"lazy\" src=\"https:\/\/www.t-online.de\/s\/paper\/_next\/static\/media\/zoom-in.f7dae02f.svg\" alt=\"Vergr\u00f6\u00dfern des Bildes\" title=\"Vergr\u00f6\u00dfern des Bildes\" class=\"block h-[calc(var(--height)_\/_16_*_1rem)] w-[calc(var(--width)_\/_16_*_1rem)] max-w-none absolute right-8 bottom-8 rounded-4 bg-snow p-8\" style=\"--width:32;--height:32\" decoding=\"async\"\/><\/a><\/p>\n<p>Tim Walter freut sich auf einen offensiven Neuzugang. (Archivbild) (Quelle: Daniel Bockwoldt\/dpa\/dpa-bilder)<\/p>\n<p><img loading=\"lazy\" src=\"https:\/\/www.t-online.de\/s\/paper\/_next\/static\/media\/audio-volume.6689034c.svg\" alt=\"\" title=\"\" class=\"block h-[calc(var(--height)_\/_16_*_1rem)] w-[calc(var(--width)_\/_16_*_1rem)] max-w-none group-hover:brightness-0 group-hover:invert\" style=\"--width:16;--height:16\" decoding=\"async\"\/>Vorlesen<\/p>\n<p>Aktuelle Zeit:0:00Gesamtdauer:0:00<\/p>\n<p>1x<\/p>\n<p class=\"text-center\">Jetzt neu bei t-online:<\/p>\n<p class=\"text-center\">Schriftgr\u00f6\u00dfe anpassen!<\/p>\n<p><img loading=\"lazy\" src=\"https:\/\/www.t-online.de\/s\/paper\/_next\/static\/media\/font-sizes.32942e33.svg\" alt=\"\" title=\"\" class=\"block h-[calc(var(--height)_\/_16_*_1rem)] w-[calc(var(--width)_\/_16_*_1rem)] max-w-none group-hover:hidden group-aria-expanded:hidden\" style=\"--width:16;--height:16\" decoding=\"async\"\/><img loading=\"lazy\" src=\"https:\/\/www.t-online.de\/s\/paper\/_next\/static\/media\/font-sizes-dark-mode.e382645c.svg\" alt=\"\" title=\"\" class=\"block h-[calc(var(--height)_\/_16_*_1rem)] w-[calc(var(--width)_\/_16_*_1rem)] max-w-none hidden group-hover:block group-aria-expanded:block\" style=\"--width:16;--height:16\" decoding=\"async\"\/><img loading=\"lazy\" src=\"https:\/\/www.t-online.de\/s\/paper\/_next\/static\/media\/sharing-menu-icon.1eb71368.svg\" alt=\"\" title=\"\" class=\"block h-[calc(var(--height)_\/_16_*_1rem)] w-[calc(var(--width)_\/_16_*_1rem)] max-w-none group-hover:brightness-0 group-hover:invert\" style=\"--width:16;--height:16\" decoding=\"async\"\/>Artikel teilen<\/p>\n<p class=\"font-bold text-18 leading-17 user-text-lg:text-22 user-text-xl:text-24\">Mit neun Toren und 14 Vorlagen in Griechenland hat Balzi Eindruck gemacht. Wie der 24 Jahre alte St\u00fcrmer das Kieler Offensivspiel ver\u00e4ndern soll, verraten die Verantwortlichen.<\/p>\n<p class=\"text-18 leading-17 user-text-lg:text-22 user-text-xl:text-24\">Fu\u00dfball-Zweitligist Holstein Kiel hat Offensivspieler Guillermo Balzi vom argentinischen Traditionsclub Newell&#8220;s Old Boys verpflichtet. Der 24-J\u00e4hrige unterschrieb einen Drei-Jahres-Vertrag bis 30. Juni 2029, wie die St\u00f6rche mitteilten. Balzi war zuletzt f\u00fcr zwei Spielzeiten an den griechischen Super-League-Club APO Levadiakos\u202fausgeliehen.<\/p>\n<p class=\"text-18 leading-17 user-text-lg:text-22 user-text-xl:text-24\">&#8222;Guillermo hat bereits in jungen Jahren den Weg nach Europa gesucht und war insbesondere in der letzten Saison bei dem Tabellenf\u00fcnften der Super League, APO Levadiakos, einer der pr\u00e4genden Offensivspieler&#8220;, sagte Gesch\u00e4ftsf\u00fchrer Sport Olaf Rebbe laut Vereinsmitteilung.<\/p>\n<p>Offensiv flexibel einsetzbar<\/p>\n<p class=\"text-18 leading-17 user-text-lg:text-22 user-text-xl:text-24\">F\u00fcr den griechischen Erstligisten Levadiakos bestritt Balzi 61 Partien, erzielte neun Tore und gab 14 Vorlagen. Der Linksfu\u00df sei ein kreativer Spielmacher, der sowohl auf den Au\u00dfenbahnen als auch im zentralen offensiven Mittelfeld eingesetzt werden kann.<\/p>\n<p class=\"text-18 leading-17 user-text-lg:text-22 user-text-xl:text-24\">&#8222;Wir gewinnen mit Guillermo einen spielstarken Mann, der mit seiner Dynamik und Technik und der ausgepr\u00e4gten Spielintelligenz die Qualit\u00e4ten mitbringt, die wir f\u00fcr unser offensives Zentrum gesucht haben&#8220;, sagte Cheftrainer Tim Walter.<\/p>\n","protected":false},"excerpt":{"rendered":"2. Fu\u00dfball-Bundesliga Neuzugang aus Argentinien: Balzi soll Kiels Angriff beleben Aktualisiert am 13.07.2026 &#8211; 22:18 UhrLesedauer: 1 Min.&hellip;\n","protected":false},"author":2,"featured_media":1165011,"comment_status":"","ping_status":"","sticky":false,"template":"","format":"standard","meta":{"footnotes":"","_share_on_mastodon":"0"},"categories":[1852],"tags":[621,2140,12932,3364,29,548,663,3934,485,30,1565,244229,13,10243,4949,14,21755,15,163270,12,1971,29733],"class_list":["post-1165010","post","type-post","status-publish","format-standard","has-post-thumbnail","category-kiel","tag-2-bundesliga","tag-angriff","tag-argentinien","tag-de","tag-deutschland","tag-eu","tag-europa","tag-europe","tag-fussball-bundesliga","tag-germany","tag-griechenland","tag-guillermo-balzi","tag-headlines","tag-holstein-kiel","tag-kiel","tag-nachrichten","tag-neuzugang","tag-news","tag-offensivspiel","tag-schlagzeilen","tag-schleswig-holstein","tag-tim-walter"],"share_on_mastodon":{"url":"https:\/\/pubeurope.com\/@de\/116916095656850006","error":""},"_links":{"self":[{"href":"https:\/\/www.europesays.com\/de\/wp-json\/wp\/v2\/posts\/1165010","targetHints":{"allow":["GET"]}}],"collection":[{"href":"https:\/\/www.europesays.com\/de\/wp-json\/wp\/v2\/posts"}],"about":[{"href":"https:\/\/www.europesays.com\/de\/wp-json\/wp\/v2\/types\/post"}],"author":[{"embeddable":true,"href":"https:\/\/www.europesays.com\/de\/wp-json\/wp\/v2\/users\/2"}],"replies":[{"embeddable":true,"href":"https:\/\/www.europesays.com\/de\/wp-json\/wp\/v2\/comments?post=1165010"}],"version-history":[{"count":0,"href":"https:\/\/www.europesays.com\/de\/wp-json\/wp\/v2\/posts\/1165010\/revisions"}],"wp:featuredmedia":[{"embeddable":true,"href":"https:\/\/www.europesays.com\/de\/wp-json\/wp\/v2\/media\/1165011"}],"wp:attachment":[{"href":"https:\/\/www.europesays.com\/de\/wp-json\/wp\/v2\/media?parent=1165010"}],"wp:term":[{"taxonomy":"category","embeddable":true,"href":"https:\/\/www.europesays.com\/de\/wp-json\/wp\/v2\/categories?post=1165010"},{"taxonomy":"post_tag","embeddable":true,"href":"https:\/\/www.europesays.com\/de\/wp-json\/wp\/v2\/tags?post=1165010"}],"curies":[{"name":"wp","href":"https:\/\/api.w.org\/{rel}","templated":true}]}}