{"id":1165031,"date":"2026-07-14T03:13:29","date_gmt":"2026-07-14T03:13:29","guid":{"rendered":"https:\/\/www.europesays.com\/de\/1165031\/"},"modified":"2026-07-14T03:13:29","modified_gmt":"2026-07-14T03:13:29","slug":"berlin-pflege-im-heim-was-tun-wenn-das-geld-ausgeht","status":"publish","type":"post","link":"https:\/\/www.europesays.com\/de\/1165031\/","title":{"rendered":"Berlin | Pflege im Heim: Was tun, wenn das Geld ausgeht?"},"content":{"rendered":"<p>Berlin (dpa\/tmn) &#8211; Ein Platz im Pflegeheim geht ganz sch\u00f6n ins Geld: Im Bundesdurchschnitt m\u00fcssen Bewohnerinnen und Bewohner mit Stand 1. Juli im ersten Jahr 3.364 Euro pro Monat aus eigener Tasche zahlen. Das zeigt eine aktuelle Auswertung des Verbandes der Ersatzkassen.\u00a0Dabei handelt es sich um ein Plus von 256 Euro im Vergleich zum Vorjahr.<\/p>\n<p>Diese Summe umfasst nicht nur den Eigenanteil f\u00fcr die Pflege, sondern auch Kosten f\u00fcr unter anderem Unterkunft, Verpflegung und Investitionen. Doch was, wenn Rente und R\u00fccklagen durch die Heimkosten dahinschmelzen &#8211; und der Heimplatz finanziell bald nicht mehr zu stemmen sein wird?\u00a0<\/p>\n<p>Warum rechtzeitiges K\u00fcmmern so wichtig ist<\/p>\n<p>Dann bleibt Pflegebed\u00fcrftigen die M\u00f6glichkeit, beim zust\u00e4ndigen Sozialamt die sogenannte \u00abHilfe zur Pflege\u00bb zu beantragen. Wird der Antrag bewilligt, springt das Sozialamt finanziell ein und \u00fcbernimmt die Heimkosten.<\/p>\n<p>Das geht aber erst, wenn die pflegebed\u00fcrftige Person ihr eigenes Verm\u00f6gen f\u00fcr die Heimkosten aufgebraucht hat. 10.000 Euro darf eine alleinstehende Person als Schonverm\u00f6gen behalten, erkl\u00e4rt die Verbraucherzentrale.\u00a0<\/p>\n<p>Auch wenn so mancher vor seinen finanziellen N\u00f6ten am liebsten die Augen verschlie\u00dfen w\u00fcrde: Einen Antrag auf Hilfe zur Pflege sollte man unbedingt fr\u00fchzeitig stellen, r\u00e4t die Verbraucherzentrale. Die Leistungen werden n\u00e4mlich erst ab Antragstellung gew\u00e4hrt, nicht aber r\u00fcckwirkend. Hei\u00dft: Wer bereits Schulden gemacht hat, um die Heimkosten zu finanzieren, bleibt auf ihnen sitzen &#8211; sie werden nicht \u00fcbernommen.\u00a0<\/p>\n<p>Finanzielle Situation offenlegen &#8211; diese Papiere braucht es<\/p>\n<p>Worauf sich Pflegebed\u00fcrftige &#8211; und ihre Angeh\u00f6rigen, die sie beim Antrag auf Hilfe zur Pflege unterst\u00fctzen &#8211; einstellen m\u00fcssen: Es wartet einiges an Papierkram. Schlie\u00dflich will sich das Sozialamt ein genaues Bild \u00fcber die finanziellen Verh\u00e4ltnisse der pflegebed\u00fcrftigen Person machen.\u00a0<\/p>\n<p>Laut der Verbraucherzentrale muss man dem Antrag folgende Dokumente in Kopie beif\u00fcgen:\u00a0<\/p>\n<ul class=\"list-normal\">\n<li>Personalausweis (bei Vertretung durch Angeh\u00f6rige zus\u00e4tzlich Vollmacht oder Betreuerausweis)<\/li>\n<li>letzter Bescheid \u00fcber Leistungen der Pflegekasse<\/li>\n<li>Kontoausz\u00fcge der letzten drei Monate<\/li>\n<li>Nachweise \u00fcber die H\u00f6he der Eink\u00fcnfte. Beilegen muss man etwa Rentenbescheide, Pensionsnachweise, Nachweise \u00fcber Sonderzahlungen und sonstige Eink\u00fcnfte<\/li>\n<li>Nachweise \u00fcber vorhandenes Verm\u00f6gen. Relevant sind hier zum Beispiel Sparb\u00fccher, Wertpapiere, Kraftfahrzeuge, Grundbesitz und Policen von Lebensversicherungen<\/li>\n<li>Nachweis \u00fcber die H\u00f6he der zu zahlenden Kosten f\u00fcr den Platz im Pflegeheim<\/li>\n<\/ul>\n<p>Am besten informiert man sich vorab, welche Dokumente und Nachweise genau gefragt sind.\u00a0<\/p>\n<p>\u00dcbrigens: Bezieht eine pflegebed\u00fcrftige Person Hilfe zur Pflege, pr\u00fcft das Sozialamt in einem n\u00e4chsten Schritt die Einkommenssituation der Kinder. Gibt es erwachsene Kinder mit einem Jahresbruttoeinkommen von mehr 100.000 Euro, m\u00fcssen sie sich an der Finanzierung f\u00fcr einen Heimplatz beteiligen &#8211; Elternunterhalt lautet das Stichwort.\u00a0<\/p>\n<p>Weitere M\u00f6glichkeiten: Wohngeld und Pflegewohngeld\u00a0<\/p>\n<p>F\u00e4llt die finanzielle L\u00fccke kleiner aus, kann \u00fcbrigens auch Wohngeld eine Option sein. Pflegebed\u00fcrftige k\u00f6nnen diesen Zuschuss zur Miete bei der Wohngeldbeh\u00f6rde beantragen. Auch der Tr\u00e4ger des Pflegeheimes kann den Antrag stellen, wenn er von der pflegebed\u00fcrftigen Person dazu bevollm\u00e4chtigt wurde, so das Bundesgesundheitsministerium.\u00a0<\/p>\n<p>In drei Bundesl\u00e4ndern &#8211; Nordrhein-Westfalen, Schleswig-Holstein und Mecklenburg-Vorpommern &#8211; k\u00f6nnen Pflegebed\u00fcrftige zudem Pflegewohngeld beantragen. Dann werden die Investitionskosten teilweise oder komplett \u00fcbernommen.<\/p>\n","protected":false},"excerpt":{"rendered":"Berlin (dpa\/tmn) &#8211; Ein Platz im Pflegeheim geht ganz sch\u00f6n ins Geld: Im Bundesdurchschnitt m\u00fcssen Bewohnerinnen und Bewohner&hellip;\n","protected":false},"author":2,"featured_media":1165032,"comment_status":"","ping_status":"","sticky":false,"template":"","format":"standard","meta":{"footnotes":"","_share_on_mastodon":"0"},"categories":[1841],"tags":[1605,2632,3364,29,1721,30,141,1209,9221,6580,244231,624,6583,7449,23510,625],"class_list":["post-1165031","post","type-post","status-publish","format-standard","has-post-thumbnail","category-bielefeld","tag-bielefeld","tag-brcmj","tag-de","tag-deutschland","tag-finanzen","tag-germany","tag-gesundheit","tag-nordrhein-westfalen","tag-pflege","tag-pflegeheim","tag-pflegewohngeld","tag-ratgeber","tag-senioren","tag-sozialhilfe","tag-tmn8200","tag-verbraucher"],"share_on_mastodon":{"url":"https:\/\/pubeurope.com\/@de\/116916152329091811","error":""},"_links":{"self":[{"href":"https:\/\/www.europesays.com\/de\/wp-json\/wp\/v2\/posts\/1165031","targetHints":{"allow":["GET"]}}],"collection":[{"href":"https:\/\/www.europesays.com\/de\/wp-json\/wp\/v2\/posts"}],"about":[{"href":"https:\/\/www.europesays.com\/de\/wp-json\/wp\/v2\/types\/post"}],"author":[{"embeddable":true,"href":"https:\/\/www.europesays.com\/de\/wp-json\/wp\/v2\/users\/2"}],"replies":[{"embeddable":true,"href":"https:\/\/www.europesays.com\/de\/wp-json\/wp\/v2\/comments?post=1165031"}],"version-history":[{"count":0,"href":"https:\/\/www.europesays.com\/de\/wp-json\/wp\/v2\/posts\/1165031\/revisions"}],"wp:featuredmedia":[{"embeddable":true,"href":"https:\/\/www.europesays.com\/de\/wp-json\/wp\/v2\/media\/1165032"}],"wp:attachment":[{"href":"https:\/\/www.europesays.com\/de\/wp-json\/wp\/v2\/media?parent=1165031"}],"wp:term":[{"taxonomy":"category","embeddable":true,"href":"https:\/\/www.europesays.com\/de\/wp-json\/wp\/v2\/categories?post=1165031"},{"taxonomy":"post_tag","embeddable":true,"href":"https:\/\/www.europesays.com\/de\/wp-json\/wp\/v2\/tags?post=1165031"}],"curies":[{"name":"wp","href":"https:\/\/api.w.org\/{rel}","templated":true}]}}