{"id":1165045,"date":"2026-07-14T03:20:18","date_gmt":"2026-07-14T03:20:18","guid":{"rendered":"https:\/\/www.europesays.com\/de\/1165045\/"},"modified":"2026-07-14T03:20:18","modified_gmt":"2026-07-14T03:20:18","slug":"die-todesursache-von-senator-graham-wurde-offiziell-bekannt-gegeben-vor-seinem-tod-hatte-er-gesagt-er-koenne-zu-diesem-zeitpunkt-nicht-sterben","status":"publish","type":"post","link":"https:\/\/www.europesays.com\/de\/1165045\/","title":{"rendered":"Die Todesursache von Senator Graham wurde offiziell bekannt gegeben; vor seinem Tod hatte er gesagt, er k\u00f6nne zu diesem Zeitpunkt nicht sterben."},"content":{"rendered":"<p> Vorl\u00e4ufige Ergebnisse, die von Grahams B\u00fcro ver\u00f6ffentlicht wurden, deuten darauf hin, dass sein Tod auf ein \u201eAortenaneurysma infolge einer atherosklerotischen Herz-Kreislauf-Erkrankung\u201c zur\u00fcckzuf\u00fchren war. Ein Aortenaneurysma ist ein lebensbedrohlicher medizinischer Notfall, bei dem die Innenwand der Aorta, der Hauptschlagader des K\u00f6rpers, rei\u00dft.<\/p>\n<p> Jeffery W. Carroll, Sheriff des Metropolitan Police Department, und Francisco J. Diaz, Gerichtsmediziner des District of Columbia, best\u00e4tigten die Ergebnisse der vorl\u00e4ufigen Untersuchung in einer gemeinsamen Erkl\u00e4rung.<\/p>\n<p> Laut Aufzeichnung des Notrufs trafen die Rettungskr\u00e4fte am Samstag um 20:27 Uhr an Grahams Adresse in Capitol Hill ein, um einer Person mit \u201eBrustschmerzen\u201c notfallmedizinische Hilfe zu leisten.<\/p>\n<p> Am fr\u00fchen Sonntagmorgen ver\u00f6ffentlichte Grahams B\u00fcro eine Erkl\u00e4rung, in der sein Tod bekannt gegeben wurde: \u201eAm Samstagabend, dem 11. Juli, verstarb US-Senator Lindsey Graham nach kurzer und pl\u00f6tzlicher Krankheit.\u201c<\/p>\n<p> Die letzten Gespr\u00e4che<\/p>\n<p> Laut Axios: Am Samstagabend sprach Graham telefonisch mit US-Pr\u00e4sident Donald Trump und informierte ihn \u00fcber seine k\u00fcrzliche Reise in <a class=\"data-link\" data-org-href=\"https:\/\/www.vietnam.vn\/tag\/ukraine\" href=\"https:\/\/www.vietnam.vn\/tag\/ukraine\" title=\"Ukraine\" target=\"_blank\" rel=\"nofollow noopener\">die Ukraine<\/a> sowie \u00fcber den Sanktionsentwurf gegen Russland, \u00fcber den der Senat bald abstimmen soll.<\/p>\n<p> Trump teilte Graham mit, dass er nach einem weiteren Angriff auf Handelsschiffe in der Stra\u00dfe von Hormuz neue Angriffe auf den Iran vorbereite.<\/p>\n<p> Jemand, der kurz darauf mit Graham sprach, sagte, der Senator habe sich \u00fcber sein Unwohlsein beklagt. Als ihm diese Person riet, umgehend einen Arzt aufzusuchen, sagte Graham, er werde dies am Sonntagmorgen nach seinem geplanten Auftritt in der NBC-Sendung \u201eMeet the Press\u201c tun.<\/p>\n<p> Graham scherzte daraufhin: \u201eIch kann jetzt nicht sterben. Ich muss noch die Sanktionen gegen Russland durchsetzen, die Iran-Frage l\u00f6sen und die Beziehungen zwischen Israel und Saudi-Arabien normalisieren.\u201c<\/p>\n<p> Er verstarb einige Stunden sp\u00e4ter. <\/p>\n<p> Quelle: https:\/\/danviet.vn\/nguyen-nhan-thuong-nghi-si-graham-dot-tu-duoc-chinh-thuc-cong-bo-truc-khi-qua-doi-ong-noi-ong-khong-the-chet-luc-nay-d1443179.html<\/p>\n","protected":false},"excerpt":{"rendered":"Vorl\u00e4ufige Ergebnisse, die von Grahams B\u00fcro ver\u00f6ffentlicht wurden, deuten darauf hin, dass sein Tod auf ein \u201eAortenaneurysma infolge&hellip;\n","protected":false},"author":2,"featured_media":1165046,"comment_status":"","ping_status":"","sticky":false,"template":"","format":"standard","meta":{"footnotes":"","_share_on_mastodon":"0"},"categories":[3977],"tags":[331,332,13,244234,14,15,12,56129,82867,4017,4018,4016,64,4019,4020],"class_list":["post-1165045","post","type-post","status-publish","format-standard","has-post-thumbnail","category-usa","tag-aktuelle-nachrichten","tag-aktuelle-news","tag-headlines","tag-lindsay-graham","tag-nachrichten","tag-news","tag-schlagzeilen","tag-senator","tag-trumpf","tag-united-states","tag-united-states-of-america","tag-us","tag-usa","tag-vereinigte-staaten","tag-vereinigte-staaten-von-amerika"],"share_on_mastodon":{"url":"https:\/\/pubeurope.com\/@de\/116916180250036162","error":""},"_links":{"self":[{"href":"https:\/\/www.europesays.com\/de\/wp-json\/wp\/v2\/posts\/1165045","targetHints":{"allow":["GET"]}}],"collection":[{"href":"https:\/\/www.europesays.com\/de\/wp-json\/wp\/v2\/posts"}],"about":[{"href":"https:\/\/www.europesays.com\/de\/wp-json\/wp\/v2\/types\/post"}],"author":[{"embeddable":true,"href":"https:\/\/www.europesays.com\/de\/wp-json\/wp\/v2\/users\/2"}],"replies":[{"embeddable":true,"href":"https:\/\/www.europesays.com\/de\/wp-json\/wp\/v2\/comments?post=1165045"}],"version-history":[{"count":0,"href":"https:\/\/www.europesays.com\/de\/wp-json\/wp\/v2\/posts\/1165045\/revisions"}],"wp:featuredmedia":[{"embeddable":true,"href":"https:\/\/www.europesays.com\/de\/wp-json\/wp\/v2\/media\/1165046"}],"wp:attachment":[{"href":"https:\/\/www.europesays.com\/de\/wp-json\/wp\/v2\/media?parent=1165045"}],"wp:term":[{"taxonomy":"category","embeddable":true,"href":"https:\/\/www.europesays.com\/de\/wp-json\/wp\/v2\/categories?post=1165045"},{"taxonomy":"post_tag","embeddable":true,"href":"https:\/\/www.europesays.com\/de\/wp-json\/wp\/v2\/tags?post=1165045"}],"curies":[{"name":"wp","href":"https:\/\/api.w.org\/{rel}","templated":true}]}}