{"id":1165364,"date":"2026-07-14T06:28:17","date_gmt":"2026-07-14T06:28:17","guid":{"rendered":"https:\/\/www.europesays.com\/de\/1165364\/"},"modified":"2026-07-14T06:28:17","modified_gmt":"2026-07-14T06:28:17","slug":"hueckeswagener-stellt-dresden-fotos-im-stadtmuseum-aus","status":"publish","type":"post","link":"https:\/\/www.europesays.com\/de\/1165364\/","title":{"rendered":"H\u00fcckeswagener stellt Dresden-Fotos im Stadtmuseum aus"},"content":{"rendered":"<p class=\"text_ohne_einzug richtext text-em-55 !leading-serif mx-6 desktop:mx-0\">  Das Stadtmuseum an der Islandstra\u00dfe zeigt zwar Exponate aus der H\u00fcckeswagener Historie, es eignet sich aber auch als Ausstellungsort. So wird der H\u00fcckeswagener Innenarchitekt J\u00fcrgen W. Wustmann vom 24.\u2005Juli bis zum Altstadtfest dort Fotos pr\u00e4sentieren unter dem Titel \u201eDresden vor und nach der Wende\u201c. Diesen Bilderzyklus hat der Amateurfotograf selber aufgenommen und zusammengestellt; er zeigt Aufnahmen aus den Jahren 1981 bis 1998. Er\u00f6ffnet wird die Ausstellung am Freitag, 24.\u2005Juli, 19 bis 21\u2005Uhr, im Stadtmuseum, Islandstra\u00dfe\u200534. Besucher sind willkommen und eingeladen, sich mit den Aufnahmen auseinanderzusetzen oder sie einfach nur zu betrachten. Der Fotograf ist anwesend und wird seine Werke auf Wunsch erl\u00e4utern.<\/p>\n<p class=\"richtext text-em-55 !leading-serif mx-6 desktop:mx-0\">\u201eDie Aufnahmen aus der Vorwendezeit zeigen eine nachdenkliche Ruhe, die in der nachtr\u00e4glichen Betrachtung die morbide Stimmung dieser Zeit aufzeigt\u201c, berichtet Wustmann. Die Fotos von 1998 zeigen hingegen die ersten Erfolge der Restaurierung des historischen Kerns von <a href=\"https:\/\/rp-online.de\/thema\/dresden\/\" rel=\"nofollow noopener\" target=\"_blank\">Dresden<\/a>. Wustmann wurde 1954 in Meissen geboren und besch\u00e4ftigt sich seit seinem Studium intensiv mit Fotografie. Der erste Bilderzyklus wurde anl\u00e4sslich eines Verwandtenbesuchs aufgenommen. 1998 folgte der bewusste Versuch, das aktuelle Stadtbild dem ehemaligen gegen\u00fcberzustellen.<\/p>\n<p class=\"richtext text-em-55 !leading-serif mx-6 desktop:mx-0\">Die Ausstellung ist w\u00e4hrend der \u00d6ffnungszeiten des Heimatmuseums zu sehen \u2013 an jedem ersten und dritten Samstag im Monat \u2013 und endet am Sonntag, 13.\u2005September.<\/p>\n","protected":false},"excerpt":{"rendered":"Das Stadtmuseum an der Islandstra\u00dfe zeigt zwar Exponate aus der H\u00fcckeswagener Historie, es eignet sich aber auch als&hellip;\n","protected":false},"author":2,"featured_media":1165365,"comment_status":"","ping_status":"","sticky":false,"template":"","format":"standard","meta":{"footnotes":"","_share_on_mastodon":"0"},"categories":[1835],"tags":[50866,225051,61680,6022,244279,2076,24628,11644,88975,3364,29,2386,30,18286,29158,859,244278,10162,21745],"class_list":["post-1165364","post","type-post","status-publish","format-standard","has-post-thumbnail","category-dresden","tag-50866","tag-225051","tag-altstadtfest","tag-aufnahmen","tag-aufzeigt","tag-ausstellung","tag-ausstellungseroeffnung","tag-ausstellungsort","tag-ausstellungsstuecken","tag-de","tag-deutschland","tag-dresden","tag-germany","tag-historischen","tag-hueckeswagen","tag-sachsen","tag-vorwendezeit","tag-wende","tag-zeigt"],"share_on_mastodon":{"url":"https:\/\/pubeurope.com\/@de\/116916920966441491","error":""},"_links":{"self":[{"href":"https:\/\/www.europesays.com\/de\/wp-json\/wp\/v2\/posts\/1165364","targetHints":{"allow":["GET"]}}],"collection":[{"href":"https:\/\/www.europesays.com\/de\/wp-json\/wp\/v2\/posts"}],"about":[{"href":"https:\/\/www.europesays.com\/de\/wp-json\/wp\/v2\/types\/post"}],"author":[{"embeddable":true,"href":"https:\/\/www.europesays.com\/de\/wp-json\/wp\/v2\/users\/2"}],"replies":[{"embeddable":true,"href":"https:\/\/www.europesays.com\/de\/wp-json\/wp\/v2\/comments?post=1165364"}],"version-history":[{"count":0,"href":"https:\/\/www.europesays.com\/de\/wp-json\/wp\/v2\/posts\/1165364\/revisions"}],"wp:featuredmedia":[{"embeddable":true,"href":"https:\/\/www.europesays.com\/de\/wp-json\/wp\/v2\/media\/1165365"}],"wp:attachment":[{"href":"https:\/\/www.europesays.com\/de\/wp-json\/wp\/v2\/media?parent=1165364"}],"wp:term":[{"taxonomy":"category","embeddable":true,"href":"https:\/\/www.europesays.com\/de\/wp-json\/wp\/v2\/categories?post=1165364"},{"taxonomy":"post_tag","embeddable":true,"href":"https:\/\/www.europesays.com\/de\/wp-json\/wp\/v2\/tags?post=1165364"}],"curies":[{"name":"wp","href":"https:\/\/api.w.org\/{rel}","templated":true}]}}