{"id":1165426,"date":"2026-07-14T07:05:13","date_gmt":"2026-07-14T07:05:13","guid":{"rendered":"https:\/\/www.europesays.com\/de\/1165426\/"},"modified":"2026-07-14T07:05:13","modified_gmt":"2026-07-14T07:05:13","slug":"per-mertesacker-es-ist-brutal-fuer-mich-aber-ich-werde-alles-fuer-die-mannschaft-tun","status":"publish","type":"post","link":"https:\/\/www.europesays.com\/de\/1165426\/","title":{"rendered":"Per Mertesacker: \u201eEs ist brutal f\u00fcr mich. Aber ich werde alles f\u00fcr die Mannschaft tun\u201c"},"content":{"rendered":"<p>Nach dem deutschen WM-Debakel gilt der charakterstarke Per Mertesacker als Wunschkandidat f\u00fcr einen Schl\u00fcsselposten beim DFB. Eine Episode aus seiner Spielerkarriere zeigt, warum das eine gute Idee ist.<\/p>\n<p class=\"is-first-paragraph\" data-external=\"Article.FirstParagraph\">Er scheut sich nicht, die Dinge beim Namen zu nennen. In sechs Jahren, die Per Mertesacker beim ZDF bereits als Experte t\u00e4tig ist, hat er das mehrmals unter Beweis gestellt. Schonungslos rechnete er gerade mit der deutschen Fu\u00dfball-Nationalmannschaft nach dem WM-Aus ab.<\/p>\n<p>Der Weltmeister von 2014 sprach von einem selbstverschuldeten Desaster \u2013 und res\u00fcmierte nach dem WM-K.o. im Sechzehntelfinale im Elfmeterschie\u00dfen gegen Paraguay: \u201eF\u00fcr die, die es noch nicht kapiert haben: Wir haben gegen die schw\u00e4chste Mannschaft aus der Vorrunde gespielt und es nicht geschafft, mehr als zwei Chancen in 120 Minuten zu bekommen.\u201c Klare Worte des 41-J\u00e4hrigen, die es in solchen Situationen braucht, wenn man etwas \u00e4ndern will.<\/p>\n<p>Es ist gut m\u00f6glich, dass <a class=\"is-link c-block-items__link c-link--rich-text-renderer\" href=\"https:\/\/www.welt.de\/themen\/per-mertesacker\/\" data-internal-tracking-enabled=\"true\" data-internal-tracking=\"{&quot;action&quot;:&quot;click&quot;,&quot;label&quot;:&quot;link&quot;,&quot;name&quot;:&quot;Inline Element&quot;,&quot;data&quot;:{&quot;source&quot;:&quot;&quot;,&quot;target&quot;:&quot;https:\/\/www.welt.de\/themen\/per-mertesacker\/&quot;,&quot;trackingName&quot;:&quot;&quot;,&quot;trackingLabel&quot;:&quot;&quot;}}\" rel=\"nofollow noopener\" target=\"_blank\">Mertesacker<\/a> das bald aktiv tut. Wie es ausschaut, wird der fr\u00fchere Innenverteidiger in verantwortlicher Position beim Neuaufbau im deutschen Fu\u00dfball mithelfen. Der Vater von f\u00fcnf Kindern ist f\u00fcr einen Posten im Verband im Gespr\u00e4ch und hat auch Lust anzupacken. \u201eIrgendwie mal beim <a class=\"is-link c-block-items__link c-link--rich-text-renderer\" href=\"https:\/\/www.welt.de\/themen\/dfb\/\" data-internal-tracking-enabled=\"true\" data-internal-tracking=\"{&quot;action&quot;:&quot;click&quot;,&quot;label&quot;:&quot;link&quot;,&quot;name&quot;:&quot;Inline Element&quot;,&quot;data&quot;:{&quot;source&quot;:&quot;&quot;,&quot;target&quot;:&quot;https:\/\/www.welt.de\/themen\/dfb\/&quot;,&quot;trackingName&quot;:&quot;&quot;,&quot;trackingLabel&quot;:&quot;&quot;}}\" rel=\"nofollow noopener\" target=\"_blank\">DFB<\/a> zu arbeiten, dem deutschen Fu\u00dfball, dem ich auch so viel zu verdanken habe, mal was zur\u00fcckzugeben, wenn das gew\u00fcnscht ist, daf\u00fcr stehe ich nat\u00fcrlich zur Verf\u00fcgung\u201c, sagte er k\u00fcrzlich beim ZDF. Und stie\u00df damit auf offene Ohren.<\/p>\n<p>Unter Klinsmann feiert Mertesacker sein Deb\u00fct im Nationalteam<\/p>\n<p>Als Rudi V\u00f6ller eine Woche nach dem WM-Aus verk\u00fcndete, seinen bis 2028 datierten Vertrag beim DFB als Sportdirektor zu erf\u00fcllen, lie\u00df er wissen, dass er sich die 2014er-Weltmeister in entscheidender Rolle beim DFB w\u00fcnscht. \u201eDie Generation ist auch ein bisschen in der Pflicht, vielleicht mal Verantwortung zu \u00fcbernehmen\u201c, sagte der 66-J\u00e4hrige in einer Medienrunde: \u201eDa gibt es welche, die nach mir oder auch mit mir Thema werden k\u00f6nnen.\u201c V\u00f6ller nannte keine Namen, aber er d\u00fcrfte auch an Mertesacker gedacht haben, der seinen Durchbruch als Spieler erlebt hatte, als der deutsche Fu\u00dfball am Boden lag.<\/p>\n<p>2004 war das. Mit V\u00f6ller als Teamchef war die Nationalmannschaft damals bei der EM in Portugal in der Vorrunde ausgeschieden. V\u00f6ller trat zur\u00fcck \u2013 und machte den Weg f\u00fcr einen Neuanfang frei. Der DFB verpflichtete <a class=\"is-link c-block-items__link c-link--rich-text-renderer\" href=\"https:\/\/www.welt.de\/themen\/juergen-klinsmann\/\" data-internal-tracking-enabled=\"true\" data-internal-tracking=\"{&quot;action&quot;:&quot;click&quot;,&quot;label&quot;:&quot;link&quot;,&quot;name&quot;:&quot;Inline Element&quot;,&quot;data&quot;:{&quot;source&quot;:&quot;&quot;,&quot;target&quot;:&quot;https:\/\/www.welt.de\/themen\/juergen-klinsmann\/&quot;,&quot;trackingName&quot;:&quot;&quot;,&quot;trackingLabel&quot;:&quot;&quot;}}\" rel=\"nofollow noopener\" target=\"_blank\">J\u00fcrgen Klinsmann<\/a> als Bundestrainer. Der fr\u00fchere Weltklasse-St\u00fcrmer und Weltmeister von 1990 trat mit vielen Ideen und neuen Trainingsmethoden an \u2013 und setzte auf junge Spieler. Einer davon: Mertesacker.<\/p>\n<p>Der knapp zwei Meter gro\u00dfe Innenverteidiger spielte damals bei Hannover 96. Er hatte knapp 20 Bundesliga-Eins\u00e4tze, als Klinsmann ihn in die Nationalmannschaft berief und ihn in Teheran am 9. Oktober 2004 zu seinem Deb\u00fct in der A-Mannschaft verhalf. Bis zum Ende seiner Laufbahn im Nationalteam im Sommer 2014 bestritt Mertesacker, der sp\u00e4ter f\u00fcr Werder Bremen und Arsenal London spielte, insgesamt 104 L\u00e4nderspiele.<\/p>\n<p>Der Innenverteidiger war stets eine verl\u00e4ssliche Gr\u00f6\u00dfe. Mertesacker bestach auf dem Platz durch resolutes Zweikampfverhalten und gutes Stellungsspiel. Abseits des Platzes sch\u00e4tzten die Trainer seinen Charakter und den Blick f\u00fcr das gro\u00dfe Ganze. Wie wichtig ihm Letzteres immer schon gewesen ist, unterstreicht eine Begebenheit von der WM 2014, die der damalige Weltmeistertrainer Joachim L\u00f6w sp\u00e4ter bei WELT AM SONNTAG ausf\u00fchrlich erz\u00e4hlte.<\/p>\n<p>L\u00f6w \u00fcber das WM-Viertelfinale 2014<\/p>\n<p>\u2026 Deutschland hatte Algerien in einem kr\u00e4ftezehrenden Achtelfinale 2:1 nach Verl\u00e4ngerung besiegt. Nun stand das Viertelfinale gegen Frankreich an. L\u00f6w bespricht sich vor der Partie mit Kapit\u00e4n Philipp Lahm, der auf die rechte Seite weichen soll, da Bastian Schweinsteiger und Sami Khedira genesen und bereit sind, zusammen vor der Abwehr zu spielen. In der Innenverteidigung will L\u00f6w damals ebenfalls etwas \u00e4ndern \u2013 und so f\u00fchrt er vor dem Viertelfinale gegen die Franzosen eins der schwersten Gespr\u00e4che seiner Karriere. Mit Mertesacker, \u201eder bis zu diesem Zeitpunkt fast an die 100 L\u00e4nderspiele gemacht hat, ohne dass er mich entt\u00e4uscht hat. Er war immer da, fokussiert, verl\u00e4sslich. Aber darum ging es nicht. Es ging um das Spiel gegen Frankreich und darum, was das Beste f\u00fcr die Mannschaft ist. Wir brauchten hinten Schnelligkeit, also habe ich mich gegen Per und f\u00fcr Jerome Boateng entschieden.\u201c<\/p>\n<p>L\u00f6w findet in der Nacht vor dem Gespr\u00e4ch kaum in den Schlaf. Er ist aufgew\u00fchlt. Dass er Mertesacker, \u201eeinem so starken Typen und Charakter\u201c, sagen muss, dass er in so einem wichtigen Spiel nicht von Anfang an dabei sein wird, besch\u00e4ftigt ihn sehr. L\u00f6w \u00fcberlegt, wie er dem Verteidiger die Nachricht am besten \u00fcberbringt. Nach der Teamsitzung bittet er Mertesacker, dass er noch einmal zu ihm kommen m\u00fcsse. \u201eIch glaube, er hatte es geahnt. Per war v\u00f6llig am Boden. Er meinte sp\u00e4ter mal, dass er die ganze Nacht danach nicht geschlafen habe. Ich sa\u00df da und meinte, dass wir f\u00fcr morgen eine andere L\u00f6sung haben, dass er nicht spielen w\u00fcrde. Als ich anfangen wollte, es ihm zu begr\u00fcnden, hat er mich unterbrochen. Trainer, meinte er, Sie m\u00fcssen mir jetzt keine Begr\u00fcndung geben. Es ist f\u00fcr mich brutal, ich will nichts h\u00f6ren. Ich muss es erst einmal verdauen, aber eins muss ich noch sagen: Ab morgen k\u00f6nnen Sie sich auf mich verlassen. Ich werde alles f\u00fcr die Mannschaft tun, was m\u00f6glich ist. Ich will nur Weltmeister werden, sonst nix. Ich werde nicht nachlassen. Dann sagte er noch, Danke, Tsch\u00fcss und ist gegangen. Ein herausragendes Beispiel f\u00fcr einen Spieler, der f\u00fcr die Mannschaft alles tut.\u201c<\/p>\n<p>L\u00f6w ist niedergeschlagen. Es tut ihm leid f\u00fcr Mertesacker: \u201eWas f\u00fcr ein Schei\u00dfjob\u201c, denkt sich der Bundestrainer \u2013 und ist am Tag des Spiels v\u00f6llig perplex. Er kommt vor dem Anpfiff in die Kabine, sieht und h\u00f6rt, wie Mertesacker die Mitspieler anpeitscht. W\u00e4hrend des Spiels reicht er den Kollegen auf dem Platz immer wieder Wasser. Er feuert an, muntert auf. L\u00f6w ber\u00fchrt das sehr. \u201eEr wei\u00df, was es hei\u00dft, f\u00fcr eine Mannschaft da zu sein. Er hat sein Ego hinten angestellt und gelebt, dass die, die auf dem Platz stehen, seine Partner sind, f\u00fcr die er da sein muss\u201c, denkt sich L\u00f6w: \u201eWas f\u00fcr eine Pers\u00f6nlichkeit. Das ist F\u00fchrungsst\u00e4rke.\u201c<\/p>\n<p>Genau auf diese Qualit\u00e4ten setzen sie nun beim DFB. Offizielle Gespr\u00e4che sollen bald gef\u00fchrt werden. Mertesacker wird bis zum WM-Finale noch zweimal f\u00fcr das ZDF im Einsatz sein: beim Halbfinale zwischen Spanien und Frankreich sowie beim Endspiel am Sonntag. Dann endet m\u00f6glicherweise seine T\u00e4tigkeit als TV-Experte. Vor seiner Zeit beim ZDF hatte er von 2018 an zwei Jahre f\u00fcr den Streamingdienst DAZN gearbeitet.<\/p>\n<p>In der Akademie des FC Arsenal bestand seine Hauptaufgabe darin, vielversprechende Talente zu betreuen, auszubilden und gezielt auf den Profifu\u00dfball vorzubereiten. Dabei legte er gro\u00dfen Wert auf die ganzheitliche Entwicklung junger Spieler \u2013 sowohl auf dem Platz als auch abseits davon. <\/p>\n<p><b>Ein Podcast, ein Champion, ein R\u00e4tsel \u2013 wer ist der Gast? Raten Sie mit: Abonnieren Sie WELTMeister bei Spotify oder Apple Podcasts.<\/b><\/p>\n<p>Mertesacker verantwortete den gesamten \u00dcbergangsbereich der Jugendspieler, um sie systematisch an die erste Mannschaft und den harten Profifu\u00dfball heranzuf\u00fchren. F\u00fcr jeden Jahrgang gab es unter Mertesacker ein Trainerteam, zudem engagierte er einen sogenannten \u201eLoan-Manager\u201c, der sich um das Verleihen von Talenten k\u00fcmmert, damit diese andernorts Spielpraxis sammeln k\u00f6nnen. Mertesacker stellte Scouts ein, die f\u00fcr die jeweiligen Jahrg\u00e4nge Ausschau nach potenziellen Kandidaten halten \u2013 weltweit. Zudem wurde unter seiner Leitung ein Verantwortlicher f\u00fcr alle Torh\u00fcter eingestellt sowie ein Chef f\u00fcr den Bereich Sportwissenschaft und Medizin.<\/p>\n<p>Der geb\u00fcrtige Niedersachse hat ein bestelltes Feld in London hinterlassen \u2013 und bringt gute Voraussetzungen mit, um Ver\u00e4nderungen beim DFB voranzutreiben. Wie auch im Fall des designierten Bundestrainers J\u00fcrgen Klopp gibt es viele Fu\u00dfballgr\u00f6\u00dfen, die einen Einstieg Mertesackers im Verband begr\u00fc\u00dfen. \u201eEinen Per Mertesacker kann ich mir gut vorstellen. Der hat beim FC Arsenal sehr erfolgreich gearbeitet\u201c, sagte Pierre Littbarski, Weltmeister von 1990. Stefan Effenberg bezeichnete Mertesacker als eine tolle Idee: \u201eDas macht Sinn. Du brauchst mehr Fachkompetenz in dem Team. Das ist ganz wichtig f\u00fcr den Aufbau von unten.\u201c<\/p>\n","protected":false},"excerpt":{"rendered":"Nach dem deutschen WM-Debakel gilt der charakterstarke Per Mertesacker als Wunschkandidat f\u00fcr einen Schl\u00fcsselposten beim DFB. Eine Episode&hellip;\n","protected":false},"author":2,"featured_media":1165427,"comment_status":"","ping_status":"","sticky":false,"template":"","format":"standard","meta":{"footnotes":"","_share_on_mastodon":"0"},"categories":[136],"tags":[29,50501,28302,30,15067,7319,43245,69276,265,45,227052],"class_list":["post-1165426","post","type-post","status-publish","format-standard","has-post-thumbnail","category-sport","tag-deutschland","tag-deutschland-fussballnationalmannschaft","tag-gartenschlaeger-lars","tag-germany","tag-joachim","tag-loew","tag-mertesacker","tag-per","tag-sport","tag-texttospeech","tag-wm-2026-ad"],"share_on_mastodon":{"url":"https:\/\/pubeurope.com\/@de\/116917064670794319","error":""},"_links":{"self":[{"href":"https:\/\/www.europesays.com\/de\/wp-json\/wp\/v2\/posts\/1165426","targetHints":{"allow":["GET"]}}],"collection":[{"href":"https:\/\/www.europesays.com\/de\/wp-json\/wp\/v2\/posts"}],"about":[{"href":"https:\/\/www.europesays.com\/de\/wp-json\/wp\/v2\/types\/post"}],"author":[{"embeddable":true,"href":"https:\/\/www.europesays.com\/de\/wp-json\/wp\/v2\/users\/2"}],"replies":[{"embeddable":true,"href":"https:\/\/www.europesays.com\/de\/wp-json\/wp\/v2\/comments?post=1165426"}],"version-history":[{"count":0,"href":"https:\/\/www.europesays.com\/de\/wp-json\/wp\/v2\/posts\/1165426\/revisions"}],"wp:featuredmedia":[{"embeddable":true,"href":"https:\/\/www.europesays.com\/de\/wp-json\/wp\/v2\/media\/1165427"}],"wp:attachment":[{"href":"https:\/\/www.europesays.com\/de\/wp-json\/wp\/v2\/media?parent=1165426"}],"wp:term":[{"taxonomy":"category","embeddable":true,"href":"https:\/\/www.europesays.com\/de\/wp-json\/wp\/v2\/categories?post=1165426"},{"taxonomy":"post_tag","embeddable":true,"href":"https:\/\/www.europesays.com\/de\/wp-json\/wp\/v2\/tags?post=1165426"}],"curies":[{"name":"wp","href":"https:\/\/api.w.org\/{rel}","templated":true}]}}