{"id":1165439,"date":"2026-07-14T07:12:21","date_gmt":"2026-07-14T07:12:21","guid":{"rendered":"https:\/\/www.europesays.com\/de\/1165439\/"},"modified":"2026-07-14T07:12:21","modified_gmt":"2026-07-14T07:12:21","slug":"leipzig-erst-kein-halt-am-airport-leipzig-halle-dann-entfallen-direktzuege","status":"publish","type":"post","link":"https:\/\/www.europesays.com\/de\/1165439\/","title":{"rendered":"Leipzig: Erst kein Halt am Airport Leipzig\/Halle, dann entfallen Direktz\u00fcge"},"content":{"rendered":"<p>Bahn-Einschr\u00e4nkungen <\/p>\n<p>Fernz\u00fcge rund um Leipzig fallen aus oder fahren Umwege<\/p>\n<p>Aktualisiert am 14.07.2026 &#8211; 09:09 UhrLesedauer: 2 Min.<\/p>\n<p><a href=\"#focus-0\" class=\"transition-colors block text-current relative\" data-sctrack=\"FocusGalleryImage.Reference\"><img fetchpriority=\"high\" data-testid=\"Opener.Image\"   loading=\"eager\" src=\"https:\/\/www.europesays.com\/de\/wp-content\/uploads\/2026\/07\/ein-zug-im-bahnhof-in-leipzig-symbolbild-die-bahn-soll-aufgespalten-werden.jpg\" alt=\"Ein Zug im Bahnhof in Leipzig (Symbolbild): Die Bahn soll aufgespalten werden.\" title=\"Ein Zug im Bahnhof in Leipzig (Symbolbild): Die Bahn soll aufgespalten werden.\" width=\"4000\" height=\"2250\" class=\"bg-[url:var(--lqipURL)] bg-cover bg-center flex h-full w-full max-w-full\" style=\"--lqipURL:url('https:\/\/images.t-online.de\/2024\/10\/F9o1OUPAflJN\/0x206:4000x2250\/fit-in\/150x0\/filters:blur(25)\/ein-zug-im-bahnhof-in-leipzig-symbolbild-die-bahn-soll-aufgespalten-werden.jpg')\" decoding=\"async\"\/><img loading=\"lazy\" src=\"https:\/\/leipzig.t-online.de\/s\/paper\/_next\/static\/media\/zoom-in.f7dae02f.svg\" alt=\"Vergr\u00f6\u00dfern des Bildes\" title=\"Vergr\u00f6\u00dfern des Bildes\" class=\"block h-[calc(var(--height)_\/_16_*_1rem)] w-[calc(var(--width)_\/_16_*_1rem)] max-w-none absolute right-8 bottom-8 rounded-4 bg-snow p-8\" style=\"--width:32;--height:32\" decoding=\"async\"\/><\/a><\/p>\n<p>Ein Zug im Bahnhof in Leipzig (Symbolbild): Mehrere Baustellen beeinflussen die Reisen im Juli. (Quelle: IMAGO\/EHL Media\/imago)<\/p>\n<p><img loading=\"lazy\" src=\"https:\/\/leipzig.t-online.de\/s\/paper\/_next\/static\/media\/audio-volume.6689034c.svg\" alt=\"\" title=\"\" class=\"block h-[calc(var(--height)_\/_16_*_1rem)] w-[calc(var(--width)_\/_16_*_1rem)] max-w-none group-hover:brightness-0 group-hover:invert\" style=\"--width:16;--height:16\" decoding=\"async\"\/>Vorlesen<\/p>\n<p>Aktuelle Zeit:0:00Gesamtdauer:0:00<\/p>\n<p>1x<\/p>\n<p class=\"text-center\">Jetzt neu bei t-online:<\/p>\n<p class=\"text-center\">Schriftgr\u00f6\u00dfe anpassen!<\/p>\n<p><img loading=\"lazy\" src=\"https:\/\/leipzig.t-online.de\/s\/paper\/_next\/static\/media\/font-sizes.32942e33.svg\" alt=\"\" title=\"\" class=\"block h-[calc(var(--height)_\/_16_*_1rem)] w-[calc(var(--width)_\/_16_*_1rem)] max-w-none group-hover:hidden group-aria-expanded:hidden\" style=\"--width:16;--height:16\" decoding=\"async\"\/><img loading=\"lazy\" src=\"https:\/\/leipzig.t-online.de\/s\/paper\/_next\/static\/media\/font-sizes-dark-mode.e382645c.svg\" alt=\"\" title=\"\" class=\"block h-[calc(var(--height)_\/_16_*_1rem)] w-[calc(var(--width)_\/_16_*_1rem)] max-w-none hidden group-hover:block group-aria-expanded:block\" style=\"--width:16;--height:16\" decoding=\"async\"\/><img loading=\"lazy\" src=\"https:\/\/leipzig.t-online.de\/s\/paper\/_next\/static\/media\/sharing-menu-icon.1eb71368.svg\" alt=\"\" title=\"\" class=\"block h-[calc(var(--height)_\/_16_*_1rem)] w-[calc(var(--width)_\/_16_*_1rem)] max-w-none group-hover:brightness-0 group-hover:invert\" style=\"--width:16;--height:16\" decoding=\"async\"\/>Artikel teilen<\/p>\n<p class=\"font-bold text-18 leading-17 user-text-lg:text-22 user-text-xl:text-24\">Wegen Br\u00fccken-, Gleis- und Weichenarbeiten streicht die Deutsche Bahn auf drei Strecken Halte und leitet Z\u00fcge um. Reisende m\u00fcssen sich bis in den August hinein auf l\u00e4ngere Fahrzeiten und Umstiege einstellen.<\/p>\n<p class=\"text-18 leading-17 user-text-lg:text-22 user-text-xl:text-24\">Wegen Bauarbeiten an Br\u00fccken, Gleisen und Weichen schr\u00e4nkt die Deutsche Bahn auf mehreren Strecken rund um Leipzig den Fernverkehr ein. Betroffen sind Verbindungen nach Dresden und Halle \u2013 mit Halteausf\u00e4llen, Umleitungen und ausged\u00fcnntem Takt.<\/p>\n<p class=\"text-18 leading-17 user-text-lg:text-22 user-text-xl:text-24\">Bereits eine Woche sp\u00e4ter stehen die n\u00e4chsten Arbeiten an, die vor allem auf Flugreisende betreffen: Denn vom 19. Juli 2026, 22 Uhr, bis 20. Juli 2026, 22 Uhr, fallen wegen Weichenarbeiten alle Fernverkehrshalte am <a href=\"https:\/\/www.t-online.de\/themen\/flughafen-leipzig-halle\/\" class=\"transition-colors cursor-pointer no-underline md:hover:text-magenta md:focus:text-magenta border-b border-solid border-current text-salemsfur md:hover:border-magenta\" data-tracking=\"{&quot;action&quot;:&quot;click&quot;,&quot;category&quot;:&quot;intextLink&quot;,&quot;label&quot;:&quot;https:\/\/www.t-online.de\/themen\/flughafen-leipzig-halle\/&quot;}\" data-sctrack=\"BodyAnchor\" rel=\"nofollow noopener\" target=\"_blank\">Flughafen Leipzig\/Halle<\/a> aus. Z\u00fcge der IC-Linie 55 werden zwischen Leipzig und Magdeburg umgeleitet und halten stattdessen in Bitterfeld und Dessau. Zwischen Leipzig, Halle, K\u00f6then und Magdeburg bleibt ein zweist\u00fcndlicher IC-Takt erhalten.<\/p>\n<ul class=\"text-18 leading-17 block pl-24 *:pb-16 *:before:inline-block *:before:size-8 *:before:bg-magenta *:before:mt-0 *:before:mr-12 *:before:mb-2 *:before:-ml-[20px]\">\n<li>Flughafen Halle\/Leipzig: <a href=\"https:\/\/leipzig.t-online.de\/region\/leipzig\/id_101341172\/flughafen-leipzig-halle-flugpreise-fuer-diese-ziele-steigen.html\" class=\"transition-colors cursor-pointer no-underline md:hover:text-magenta md:focus:text-magenta border-b border-solid border-current text-salemsfur md:hover:border-magenta\" data-tracking=\"{&quot;action&quot;:&quot;click&quot;,&quot;category&quot;:&quot;intextLink&quot;,&quot;label&quot;:&quot;\/region\/leipzig\/id_101341172\/flughafen-leipzig-halle-flugpreise-fuer-diese-ziele-steigen.html&quot;}\" data-sctrack=\"BodyAnchor\" rel=\"nofollow noopener\" target=\"_blank\">Die Preise f\u00fcr diese Flugziele steigen<\/a><\/li>\n<\/ul>\n<p class=\"text-18 leading-17 user-text-lg:text-22 user-text-xl:text-24\">Bereits am Freitag, 17. Juli, 23 Uhr bis Sonntag, 20 Uhr entfallen Z\u00fcge in Richtung Flughafen. Die S5 und S5X zwischen Halle und Flughafen aus. Es gibt einen Ersatzverkehr mit Bus.<\/p>\n<p>Zweist\u00fcndlicher IC-Takt bleibt<\/p>\n<p class=\"text-18 leading-17 user-text-lg:text-22 user-text-xl:text-24\">Die l\u00e4ngsten Einschr\u00e4nkungen sind auf der Strecke Leipzig\u2013Dresden geplant. Vom 27. Juli 2026, 8 Uhr, bis 9. August 2026, 16 Uhr, fahren wegen Br\u00fcckenarbeiten nur noch zweist\u00fcndliche Direktz\u00fcge zwischen beiden St\u00e4dten. Wer h\u00e4ufiger fahren will, muss am Bahnhof Leipzig Messe umsteigen. Dort halten zus\u00e4tzliche Verbindungen im Zwei-Stunden-Takt. Auch Riesa und Elsterwerda sind von reduziertem Zugverkehr betroffen, w\u00e4hrend Z\u00fcge auf der Achse Erfurt\u2013Leipzig\u2013Berlin planm\u00e4\u00dfig fahren.<\/p>\n<p class=\"text-18 leading-17 user-text-lg:text-22 user-text-xl:text-24\">Seit Anfang Juni gab es auf der Verbindung Leipzig\u2013Jena Einschr\u00e4nkungen. Diese besteht seit Dienstag, 14. Juli, nicht mehr.<\/p>\n","protected":false},"excerpt":{"rendered":"Bahn-Einschr\u00e4nkungen Fernz\u00fcge rund um Leipzig fallen aus oder fahren Umwege Aktualisiert am 14.07.2026 &#8211; 09:09 UhrLesedauer: 2 Min.&hellip;\n","protected":false},"author":2,"featured_media":1165440,"comment_status":"","ping_status":"","sticky":false,"template":"","format":"standard","meta":{"footnotes":"","_share_on_mastodon":"0"},"categories":[1860],"tags":[722,17161,3364,2030,29,2386,548,663,3934,45107,7563,30,4062,17332,13,71,4063,14,15,17331,860,12,66183],"class_list":["post-1165439","post","type-post","status-publish","format-standard","has-post-thumbnail","category-halle-saale","tag-722","tag-17161","tag-de","tag-deutsche-bahn","tag-deutschland","tag-dresden","tag-eu","tag-europa","tag-europe","tag-fernzug","tag-flughafen-leipzig-halle","tag-germany","tag-halle","tag-halle-saale","tag-headlines","tag-leipzig","tag-magdeburg","tag-nachrichten","tag-news","tag-saale","tag-sachsen-anhalt","tag-schlagzeilen","tag-weichenarbeit"],"share_on_mastodon":{"url":"https:\/\/pubeurope.com\/@de\/116917094151942990","error":""},"_links":{"self":[{"href":"https:\/\/www.europesays.com\/de\/wp-json\/wp\/v2\/posts\/1165439","targetHints":{"allow":["GET"]}}],"collection":[{"href":"https:\/\/www.europesays.com\/de\/wp-json\/wp\/v2\/posts"}],"about":[{"href":"https:\/\/www.europesays.com\/de\/wp-json\/wp\/v2\/types\/post"}],"author":[{"embeddable":true,"href":"https:\/\/www.europesays.com\/de\/wp-json\/wp\/v2\/users\/2"}],"replies":[{"embeddable":true,"href":"https:\/\/www.europesays.com\/de\/wp-json\/wp\/v2\/comments?post=1165439"}],"version-history":[{"count":0,"href":"https:\/\/www.europesays.com\/de\/wp-json\/wp\/v2\/posts\/1165439\/revisions"}],"wp:featuredmedia":[{"embeddable":true,"href":"https:\/\/www.europesays.com\/de\/wp-json\/wp\/v2\/media\/1165440"}],"wp:attachment":[{"href":"https:\/\/www.europesays.com\/de\/wp-json\/wp\/v2\/media?parent=1165439"}],"wp:term":[{"taxonomy":"category","embeddable":true,"href":"https:\/\/www.europesays.com\/de\/wp-json\/wp\/v2\/categories?post=1165439"},{"taxonomy":"post_tag","embeddable":true,"href":"https:\/\/www.europesays.com\/de\/wp-json\/wp\/v2\/tags?post=1165439"}],"curies":[{"name":"wp","href":"https:\/\/api.w.org\/{rel}","templated":true}]}}