{"id":1165441,"date":"2026-07-14T07:13:16","date_gmt":"2026-07-14T07:13:16","guid":{"rendered":"https:\/\/www.europesays.com\/de\/1165441\/"},"modified":"2026-07-14T07:13:16","modified_gmt":"2026-07-14T07:13:16","slug":"sprachsommer-in-aachen-euregio-aktuell","status":"publish","type":"post","link":"https:\/\/www.europesays.com\/de\/1165441\/","title":{"rendered":"Sprachsommer in Aachen &#8211; Euregio Aktuell"},"content":{"rendered":"<p>B\u00fcrgermeister Dr. Ralf Otten hat heute, 13. Juli, 16 Studierende der Ningbo University, der Partneruniversit\u00e4t der Stadt Aachen, im Wei\u00dfen Saal empfangen. Die 16 jungen Menschen nehmen am diesj\u00e4hrigen Sprachsommer in Aachen teil.<\/p>\n<p class=\"wp-block-paragraph\">Alle Teilnehmenden sind zwischen 19 und 20 Jahre alt und studieren Germanistik.Sie verbringen vier Wochen in Aachen. Vormittags besuchen sie Deutschkurse, nachmittags nehmen sie an verschiedenen Freizeitaktivit\u00e4ten teil, darunter Ausfl\u00fcge nach Monschau und zum Dreil\u00e4ndereck sowie Museumsbesuche. An den Wochenenden stehen Exkursionen, unter anderem nach K\u00f6ln und Br\u00fcssel, auf dem Programm. So haben sie die M\u00f6glichkeit, die deutsche und europ\u00e4ische Kultur und Geschichte vor Ort kennenzulernen.\u00a0<\/p>\n<p class=\"wp-block-paragraph\">Seit 2024 nimmt die Ningbo University j\u00e4hrlich am Sprachsommer der Sprachenakademie Aachen teil, der vom Aachen-Ningbo-St\u00e4dtepartnerschaftsverein organisatorisch und finanziell unterst\u00fctzt wird. Auch Vorstandsmitglied Udo Mathes begr\u00fc\u00dfte die Studierenden im Rathaus.<\/p>\n","protected":false},"excerpt":{"rendered":"B\u00fcrgermeister Dr. Ralf Otten hat heute, 13. Juli, 16 Studierende der Ningbo University, der Partneruniversit\u00e4t der Stadt Aachen,&hellip;\n","protected":false},"author":2,"featured_media":1165442,"comment_status":"","ping_status":"","sticky":false,"template":"","format":"standard","meta":{"footnotes":"","_share_on_mastodon":"0"},"categories":[1853],"tags":[1424,227,3364,29,35206,548,663,3934,30,13,14,15,244291,1209,12,244292],"class_list":["post-1165441","post","type-post","status-publish","format-standard","has-post-thumbnail","category-aachen","tag-aachen","tag-china","tag-de","tag-deutschland","tag-empfang","tag-eu","tag-europa","tag-europe","tag-germany","tag-headlines","tag-nachrichten","tag-news","tag-ningbo-university","tag-nordrhein-westfalen","tag-schlagzeilen","tag-sprachsommer"],"share_on_mastodon":{"url":"https:\/\/pubeurope.com\/@de\/116917096035570400","error":""},"_links":{"self":[{"href":"https:\/\/www.europesays.com\/de\/wp-json\/wp\/v2\/posts\/1165441","targetHints":{"allow":["GET"]}}],"collection":[{"href":"https:\/\/www.europesays.com\/de\/wp-json\/wp\/v2\/posts"}],"about":[{"href":"https:\/\/www.europesays.com\/de\/wp-json\/wp\/v2\/types\/post"}],"author":[{"embeddable":true,"href":"https:\/\/www.europesays.com\/de\/wp-json\/wp\/v2\/users\/2"}],"replies":[{"embeddable":true,"href":"https:\/\/www.europesays.com\/de\/wp-json\/wp\/v2\/comments?post=1165441"}],"version-history":[{"count":0,"href":"https:\/\/www.europesays.com\/de\/wp-json\/wp\/v2\/posts\/1165441\/revisions"}],"wp:featuredmedia":[{"embeddable":true,"href":"https:\/\/www.europesays.com\/de\/wp-json\/wp\/v2\/media\/1165442"}],"wp:attachment":[{"href":"https:\/\/www.europesays.com\/de\/wp-json\/wp\/v2\/media?parent=1165441"}],"wp:term":[{"taxonomy":"category","embeddable":true,"href":"https:\/\/www.europesays.com\/de\/wp-json\/wp\/v2\/categories?post=1165441"},{"taxonomy":"post_tag","embeddable":true,"href":"https:\/\/www.europesays.com\/de\/wp-json\/wp\/v2\/tags?post=1165441"}],"curies":[{"name":"wp","href":"https:\/\/api.w.org\/{rel}","templated":true}]}}