{"id":1165452,"date":"2026-07-14T07:19:15","date_gmt":"2026-07-14T07:19:15","guid":{"rendered":"https:\/\/www.europesays.com\/de\/1165452\/"},"modified":"2026-07-14T07:19:15","modified_gmt":"2026-07-14T07:19:15","slug":"grosshandelspreise-im-juni-2026-49-gegenueber-juni-2025","status":"publish","type":"post","link":"https:\/\/www.europesays.com\/de\/1165452\/","title":{"rendered":"Gro\u00dfhandelspreise im Juni 2026: +4,9 % gegen\u00fcber Juni 2025"},"content":{"rendered":"<p class=\"date\">14.07.2026 \u2013 08:00<\/p>\n<p class=\"customer\">\n                        <a class=\"story-customer\" title=\"weiter zum newsroom von Statistisches Bundesamt\" href=\"https:\/\/www.presseportal.de\/nr\/32102\" rel=\"nofollow noopener\" target=\"_blank\">Statistisches Bundesamt<\/a>\n                    <\/p>\n<p><a data-category=\"citylink-story-view\" data-action=\"click\" data-label=\"Citylink in Meldungsansicht\" class=\"story-city event-trigger\" href=\"https:\/\/www.presseportal.de\/regional\/WIESBADEN\" title=\"News aus WIESBADEN \" rel=\"nofollow noopener\" target=\"_blank\">WIESBADEN<\/a> (ots)<\/p>\n<p><b>Gro\u00dfhandelsverkaufspreise, Juni 2026<\/b><\/p>\n<p>+4,9 % zum Vorjahresmonat<\/p>\n<p>-0,7 % zum Vormonat<\/p>\n<p>Die Verkaufspreise im Gro\u00dfhandel waren im Juni 2026 um 4,9 % h\u00f6her als im Juni 2025. Im Mai 2026 hatte die Ver\u00e4nderungsrate gegen\u00fcber dem Vorjahresmonat bei +5,9 % gelegen, im April 2026 bei +6,3 %. Ausschlaggebend f\u00fcr den Preisanstieg im Juni 2026 waren die Kriegshandlungen im Iran und im Nahen Osten, in deren Folge sich insbesondere die Gro\u00dfhandelspreise f\u00fcr Energieprodukte und Rohstoffe erh\u00f6hten. Wie das Statistische Bundesamt (Destatis) weiter mitteilt, fielen die Gro\u00dfhandelspreise im Juni 2026 gegen\u00fcber Mai 2026 hingegen um 0,7 %.<\/p>\n<p><b>Deutliche Preisanstiege bei Mineral\u00f6lerzeugnissen sowie Nicht-Eisen-Erzen, -Metallen und -Metallhalbzeug<\/b><\/p>\n<p>Haupturs\u00e4chlich f\u00fcr den Anstieg der Gro\u00dfhandelspreise insgesamt gegen\u00fcber dem Vorjahresmonat war im Juni 2026 der Preisanstieg bei Mineral\u00f6lerzeugnissen. Die Preise lagen hier im Durchschnitt 21,7 % \u00fcber denen von Juni 2025. Gegen\u00fcber dem Vormonat Mai 2026 fielen sie um 6,8 %.<\/p>\n<p>Ebenfalls bedeutend f\u00fcr die Entwicklung im Vorjahresvergleich war der Preisanstieg im Gro\u00dfhandel mit Nicht-Eisen-Erzen, -Metallen und -Metallhalbzeug (+31,0 % gegen\u00fcber Juni 2025, aber -2,7 % gegen\u00fcber Mai 2026). Zudem stiegen unter anderem die Preise im Gro\u00dfhandel f\u00fcr chemische Erzeugnisse gegen\u00fcber Juni 2025 um 14,9 % (+0,5 % gegen\u00fcber Mai 2026). Eisen, Stahl und Halbzeug daraus waren auf Gro\u00dfhandelsebene 8,2 % teurer als im Vorjahresmonat (+0,5 % gegen\u00fcber Mai 2026).<\/p>\n<p>Preisr\u00fcckg\u00e4nge im Juni 2026 gab es dagegen insbesondere im Gro\u00dfhandel mit lebenden Tieren (-16,0 % gegen\u00fcber Juni 2025 und -3,9 % gegen\u00fcber Mai 2026). Niedrigere Preise als im Vorjahresmonat wurden auf Gro\u00dfhandelsebene im Schnitt auch bei Kaffee, Tee, Kakao und Gew\u00fcrzen (-10,0 % gegen\u00fcber Juni 2025 und -3,7 % gegen\u00fcber Mai 2026) sowie bei Milch, Milcherzeugnissen, Eiern, Speise\u00f6len und Nahrungsfetten (-8,5 % gegen\u00fcber Juni 2025 und -0,8 % gegen\u00fcber Mai 2026) bezahlt.<\/p>\n<p><b>Weitere Informationen:<\/b><\/p>\n<p>Alle aktuellen Ergebnisse enth\u00e4lt der Statistische Bericht &#8222;Index der Gro\u00dfhandelsverkaufspreise&#8220;. Lange Zeitreihen k\u00f6nnen \u00fcber die Tabellen 61281-0002 und 61281-0004 in der Datenbank GENESIS-Online bezogen werden.<\/p>\n<p>Die Gro\u00dfhandelsverkaufspreise sind auch im &#8222;Dashboard Konjunktur&#8220; (<a target=\"_blank\" class=\"uri-ext outbound\" rel=\"noopener nofollow\" href=\"https:\/\/www.dashboard-konjunktur.de\">www.dashboard-konjunktur.de<\/a>) verf\u00fcgbar. In diesem Datenportal b\u00fcndelt das Statistische Bundesamt hochfrequente Indikatoren der amtlichen Statistik und weiterer Datenanbieter zu den Themen Wirtschaft und Finanzen sowie Arbeitsmarkt, Bauen und Energie.<\/p>\n<p>Diese Pressemitteilung ist, gegebenenfalls erg\u00e4nzt mit weiteren Informationen und Verlinkungen zum Thema, ver\u00f6ffentlicht unter <a target=\"_blank\" class=\"uri-ext outbound\" rel=\"noopener nofollow\" href=\"https:\/\/www.destatis.de\/pressemitteilungen\">www.destatis.de\/pressemitteilungen<\/a>.<\/p>\n<p>Weitere Ausk\u00fcnfte:<br \/>\nGro\u00dfhandelsverkaufspreise<br \/>\nTelefon: +49 611 75 2995<br \/>\n<a target=\"_blank\" class=\"uri-ext outbound\" rel=\"noopener nofollow\" href=\"https:\/\/www.destatis.de\/kontakt\">www.destatis.de\/kontakt<\/a><\/p>\n<p class=\"contact-headline\">Pressekontakt:<\/p>\n<p class=\"contact-text\">Statistisches Bundesamt<br \/>Pressestelle<br \/><a target=\"_blank\" class=\"uri-ext outbound\" rel=\"noopener nofollow\" href=\"https:\/\/www.destatis.de\/kontakt\">www.destatis.de\/kontakt<\/a><br \/>Telefon: +49 611-75 34 44<\/p>\n<p class=\"originator\">Original-Content von: Statistisches Bundesamt, \u00fcbermittelt durch news aktuell<\/p>\n","protected":false},"excerpt":{"rendered":"14.07.2026 \u2013 08:00 Statistisches Bundesamt WIESBADEN (ots) Gro\u00dfhandelsverkaufspreise, Juni 2026 +4,9 % zum Vorjahresmonat -0,7 % zum Vormonat&hellip;\n","protected":false},"author":2,"featured_media":428773,"comment_status":"","ping_status":"","sticky":false,"template":"","format":"standard","meta":{"footnotes":"","_share_on_mastodon":"0"},"categories":[1847],"tags":[38227,3364,29,548,663,3934,30,13,2052,14,15,178,180,179,181,12,924,4544],"class_list":["post-1165452","post","type-post","status-publish","format-standard","has-post-thumbnail","category-wiesbaden","tag-behrden","tag-de","tag-deutschland","tag-eu","tag-europa","tag-europe","tag-germany","tag-headlines","tag-hessen","tag-nachrichten","tag-news","tag-presse","tag-pressemeldung","tag-pressemitteilung","tag-pressemitteilungen","tag-schlagzeilen","tag-statistik","tag-wiesbaden"],"share_on_mastodon":{"url":"https:\/\/pubeurope.com\/@de\/116917119593729718","error":""},"_links":{"self":[{"href":"https:\/\/www.europesays.com\/de\/wp-json\/wp\/v2\/posts\/1165452","targetHints":{"allow":["GET"]}}],"collection":[{"href":"https:\/\/www.europesays.com\/de\/wp-json\/wp\/v2\/posts"}],"about":[{"href":"https:\/\/www.europesays.com\/de\/wp-json\/wp\/v2\/types\/post"}],"author":[{"embeddable":true,"href":"https:\/\/www.europesays.com\/de\/wp-json\/wp\/v2\/users\/2"}],"replies":[{"embeddable":true,"href":"https:\/\/www.europesays.com\/de\/wp-json\/wp\/v2\/comments?post=1165452"}],"version-history":[{"count":0,"href":"https:\/\/www.europesays.com\/de\/wp-json\/wp\/v2\/posts\/1165452\/revisions"}],"wp:featuredmedia":[{"embeddable":true,"href":"https:\/\/www.europesays.com\/de\/wp-json\/wp\/v2\/media\/428773"}],"wp:attachment":[{"href":"https:\/\/www.europesays.com\/de\/wp-json\/wp\/v2\/media?parent=1165452"}],"wp:term":[{"taxonomy":"category","embeddable":true,"href":"https:\/\/www.europesays.com\/de\/wp-json\/wp\/v2\/categories?post=1165452"},{"taxonomy":"post_tag","embeddable":true,"href":"https:\/\/www.europesays.com\/de\/wp-json\/wp\/v2\/tags?post=1165452"}],"curies":[{"name":"wp","href":"https:\/\/api.w.org\/{rel}","templated":true}]}}