{"id":1165459,"date":"2026-07-14T07:23:13","date_gmt":"2026-07-14T07:23:13","guid":{"rendered":"https:\/\/www.europesays.com\/de\/1165459\/"},"modified":"2026-07-14T07:23:13","modified_gmt":"2026-07-14T07:23:13","slug":"kunstakademie-sommerausstellung-2026","status":"publish","type":"post","link":"https:\/\/www.europesays.com\/de\/1165459\/","title":{"rendered":"Kunstakademie Sommerausstellung 2026"},"content":{"rendered":"<p class=\"mb-6 text-xs-varying md:text-m lg:text-l font-serif group-[.font-sans]:font-sans \">\n    Die Sommerpause steht bevor. Vom 16. bis 19. Juli 2026 erwarten die Studierenden ein kunstbegeistertes Publikum in den Arbeitsr\u00e4umen der Geb\u00e4ude in der Reinhold-Frank-Stra\u00dfe 81 und 83 sowie im Bildhauergarten in der Bismarckstr. 67. Vier Tage lang besteht damit die M\u00f6glichkeit in den zu Ausstellungsr\u00e4umen umfunktionierten Arbeitsr\u00e4umen auf k\u00fcnstlerische Entdeckungsreise zu gehen und sich einen \u00dcberblick \u00fcber die aktuellen Arbeiten der \u00fcber 300 Studierenden zu verschaffen. Die Klassen aus den Ateliers in Schloss Scheibenhardt stellen zusammen im Lichthof am Samstag und Sonntag bieten Studierende ihre sachkundige Begleitung durch die R\u00e4ume an.\n  <\/p>\n<p>    <img decoding=\"async\" src=\"https:\/\/www.europesays.com\/de\/wp-content\/uploads\/2026\/07\/kunstakademie-bild-2-foto-theis1200x675px.png\" alt=\"Bild 2: Blick in die Ausstellung. Foto: \u00a9 Alexander Theis\" title=\"Bild 2: Blick in die Ausstellung. Foto: \u00a9 Alexander Theis\" loading=\"lazy\" class=\"h-full w-full object-cover\"\/><\/p>\n<p>      Icon vergr\u00f6\u00dfern<\/p>\n<p>    Bild 2: Blick in die Ausstellung. Foto: \u00a9 Alexander Theis<\/p>\n<p>        Schlie\u00dfen <\/p>\n<p>      Icon Schlie\u00dfen<\/p>\n<p>        Icon vergr\u00f6\u00dfern<\/p>\n<p>        Icon verkleinern<\/p>\n<p>      Icon Pfeil bewegen<\/p>\n<p>    Bild 2: Blick in die Ausstellung. Foto: \u00a9 Alexander Theis<\/p>\n<p>            Er\u00f6ffnungsabend<\/p>\n<p class=\"mb-6 text-xs-varying md:text-m lg:text-l font-serif group-[.font-sans]:font-sans \">\n    Der Start des viert\u00e4gigen \u00dcberblickschau an der Kunstakademie ist am Mittwoch, 15. Juli, um 19 Uhr.\u00a0Rektor Prof. Marcel van Eeden er\u00f6ffnet die Ausstellung im Lichthof. Dies ist zugleich Anlass, den Absolvent:innen aller Studieng\u00e4nge die Abschlusszeugnisse zu \u00fcberreichen, den Meistersch\u00fcler:innen die Urkunden auszuh\u00e4ndigen, die Kalinowski-Preistr\u00e4gerin 2026 Gin Bahc zu ehren und die DAAD-Preistr\u00e4ger*in unter den ausl\u00e4ndischen Studierenden auszuzeichnen. Au\u00dferdem vergeben die Freund*innen der Kunstakademie die Reisestipendien der F\u00f6rdervereinigung. Anschlie\u00dfend sind die Besucher:innen in den Geb\u00e4uden in der Reinhold-Frank-Stra\u00dfe 81 und 83 sowie im Bildhauergarten in der Bismarckstra\u00dfe 67 zum Rundgang durch die Klassenateliers aufgefordert. Diese Geb\u00e4ude sind an den folgenden drei Tagen durchgehend von 10 bis 22 Uhr zug\u00e4nglich. Am Sonntag sind die Geb\u00e4ude von 10 bis 18 Uhr ge\u00f6ffnet.\n  <\/p>\n<p>    <img decoding=\"async\" src=\"https:\/\/www.europesays.com\/de\/wp-content\/uploads\/2026\/07\/kunstakademie-bild-3-foto-theis1200x675px.png\" alt=\"Bild 3: Besucher:innen in der Sommerausstellung, Foto: \u00a9 Alexander Theis\" title=\"Bild 3: Besucher:innen in der Sommerausstellung, Foto: \u00a9 Alexander Theis\" loading=\"lazy\" class=\"h-full w-full object-cover\"\/><\/p>\n<p>      Icon vergr\u00f6\u00dfern<\/p>\n<p>    Bild 3: Besucher:innen in der Sommerausstellung, Foto: \u00a9 Alexander Theis<\/p>\n<p>        Schlie\u00dfen <\/p>\n<p>      Icon Schlie\u00dfen<\/p>\n<p>        Icon vergr\u00f6\u00dfern<\/p>\n<p>        Icon verkleinern<\/p>\n<p>      Icon Pfeil bewegen<\/p>\n<p>    Bild 3: Besucher:innen in der Sommerausstellung, Foto: \u00a9 Alexander Theis<\/p>\n<p>            Sommerfest auf Schloss Scheibenhardt<\/p>\n<p class=\"mb-6 text-xs-varying md:text-m lg:text-l font-serif group-[.font-sans]:font-sans \">\n    Traditioneller Bestandteil der Sommerausstellung ist das Sommerfest auf Schloss Scheibenhardt, es ist f\u00fcr Samstag, 18. Juli, geplant. Hier erwarten die Besucher:innen ebenfalls Pr\u00e4sentationen der in Schloss Scheibenhardt arbeitenden Klassen: Die aktuellen Diplom- und Masterarbeiten sind zu sehen, die Klasse Wasmuht organisiert eine kleine Ausstellung und die Klasse Buch baut vor dem Schloss eine zweite Auflage ihres \u201eSculpture Park\u201c auf. Am Abend startet die Sommerparty der Studierenden.\n  <\/p>\n<p>            F\u00fchrungen durch die Ausstellung<\/p>\n<p class=\"mb-6 text-xs-varying md:text-m lg:text-l font-serif group-[.font-sans]:font-sans \">\n    Beim Gang durch die Pr\u00e4sentationen in den Ateliers der Staatlichen Akademie der Bildenden K\u00fcnste Karlsruhe kann sich das Publikum am Samstag, 18. Juli, und Sonntag, 19. Juli, jeweils um 12 und 16 Uhr durch die Geb\u00e4ude Reinhold-Frank-Stra\u00dfe und Bismarckstra\u00dfe begleiten lassen. Das Angebot ist kostenlos.\n  <\/p>\n<p>            Vormittag f\u00fcr Sch\u00fcler:innen<\/p>\n<p class=\"mb-6 text-xs-varying md:text-m lg:text-l font-serif group-[.font-sans]:font-sans \">\n    Am Freitagvormittag, 17. Juli, von 9 bis 13 Uhr sind an Bildender Kunst interessierte Sch\u00fcler:innen in der Akademie willkommen. Nach einer kurzen Erl\u00e4uterung des Lehrangebots und der Struktur der Hochschule gehen die jungen Besucher:innen selbstst\u00e4ndig auf Entdeckungsreise durch die Ateliers. Dies erfordert jedoch eine vorherige Anmeldung durch die Lehrkr\u00e4fte.\n  <\/p>\n<p class=\"mb-6 text-xs-varying md:text-m lg:text-l font-serif group-[.font-sans]:font-sans \">\n    Mehr Informationen zu Veranstaltungen der Staatliche Akademie der Bildenden K\u00fcnste finden Interessierte unter <a href=\"https:\/\/www.kunstakademie-karlsruhe.de\/aktuelles\/\" rel=\"nofollow noopener\" target=\"_blank\" class=\"underline \">https:\/\/www.kunstakademie-karlsruhe.de\/aktuelles\/.<\/a>\n  <\/p>\n<p class=\"mb-6 text-xs-varying md:text-m lg:text-l font-serif group-[.font-sans]:font-sans \">\n    Sie m\u00f6chten mehr Infos \u00fcber die Kultur in Karlsruhe?\n  <\/p>\n<p class=\"mb-6 text-xs-varying md:text-m lg:text-l font-serif group-[.font-sans]:font-sans \">\n    <a href=\"https:\/\/www.kulturinkarlsruhe.de\/\" rel=\"nofollow noopener\" target=\"_blank\" class=\"underline \">Webseite<\/a>\n  <\/p>\n<p class=\"mb-6 text-xs-varying md:text-m lg:text-l font-serif group-[.font-sans]:font-sans \">\n    <a href=\"https:\/\/www.kulturinkarlsruhe.de\/newsletter\" rel=\"nofollow noopener\" target=\"_blank\" class=\"underline \">Newsletter abonnieren<\/a>\n  <\/p>\n<p class=\"mb-6 text-xs-varying md:text-m lg:text-l font-serif group-[.font-sans]:font-sans \">\n    <a href=\"https:\/\/www.instagram.com\/kulturinkarlsruhe\/\" rel=\"nofollow noopener\" target=\"_blank\" class=\"underline \">Instagram<\/a> und <a href=\"https:\/\/www.facebook.com\/kulturinkarlsruhe\/?locale=de_DE\" rel=\"nofollow noopener\" target=\"_blank\" class=\"underline \">facebook<\/a>\n  <\/p>\n<p>  <script async src=\"\/\/www.instagram.com\/embed.js\"><\/script><\/p>\n","protected":false},"excerpt":{"rendered":"Die Sommerpause steht bevor. Vom 16. bis 19. Juli 2026 erwarten die Studierenden ein kunstbegeistertes Publikum in den&hellip;\n","protected":false},"author":2,"featured_media":1165460,"comment_status":"","ping_status":"","sticky":false,"template":"","format":"standard","meta":{"footnotes":"","_share_on_mastodon":"0"},"categories":[1844],"tags":[244293,244295,1634,244294,3364,179083,29,30,8903,28974,145581,148058,212324,12862,99929],"class_list":["post-1165459","post","type-post","status-publish","format-standard","has-post-thumbnail","category-karlsruhe","tag-akademiegebaeude","tag-arbeitsraum","tag-baden-wuerttemberg","tag-bildhauergarten","tag-de","tag-deutscher-akademischer-austauschdienst","tag-deutschland","tag-germany","tag-karlsruhe","tag-kunstakademie","tag-marcel-van-eeden","tag-reinhold-frank-strasse","tag-sommerausstellung","tag-sommerpause","tag-studienjahr"],"share_on_mastodon":{"url":"","error":""},"_links":{"self":[{"href":"https:\/\/www.europesays.com\/de\/wp-json\/wp\/v2\/posts\/1165459","targetHints":{"allow":["GET"]}}],"collection":[{"href":"https:\/\/www.europesays.com\/de\/wp-json\/wp\/v2\/posts"}],"about":[{"href":"https:\/\/www.europesays.com\/de\/wp-json\/wp\/v2\/types\/post"}],"author":[{"embeddable":true,"href":"https:\/\/www.europesays.com\/de\/wp-json\/wp\/v2\/users\/2"}],"replies":[{"embeddable":true,"href":"https:\/\/www.europesays.com\/de\/wp-json\/wp\/v2\/comments?post=1165459"}],"version-history":[{"count":0,"href":"https:\/\/www.europesays.com\/de\/wp-json\/wp\/v2\/posts\/1165459\/revisions"}],"wp:featuredmedia":[{"embeddable":true,"href":"https:\/\/www.europesays.com\/de\/wp-json\/wp\/v2\/media\/1165460"}],"wp:attachment":[{"href":"https:\/\/www.europesays.com\/de\/wp-json\/wp\/v2\/media?parent=1165459"}],"wp:term":[{"taxonomy":"category","embeddable":true,"href":"https:\/\/www.europesays.com\/de\/wp-json\/wp\/v2\/categories?post=1165459"},{"taxonomy":"post_tag","embeddable":true,"href":"https:\/\/www.europesays.com\/de\/wp-json\/wp\/v2\/tags?post=1165459"}],"curies":[{"name":"wp","href":"https:\/\/api.w.org\/{rel}","templated":true}]}}