{"id":1165490,"date":"2026-07-14T07:41:20","date_gmt":"2026-07-14T07:41:20","guid":{"rendered":"https:\/\/www.europesays.com\/de\/1165490\/"},"modified":"2026-07-14T07:41:20","modified_gmt":"2026-07-14T07:41:20","slug":"dihk-praesident-fuer-sonntagsoeffnungszeiten-im-einzelhandel","status":"publish","type":"post","link":"https:\/\/www.europesays.com\/de\/1165490\/","title":{"rendered":"DIHK-Pr\u00e4sident f\u00fcr Sonntags\u00f6ffnungszeiten im Einzelhandel"},"content":{"rendered":"<p>            <img loading=\"lazy\" decoding=\"async\" class=\"ts-image\" src=\"https:\/\/www.europesays.com\/de\/wp-content\/uploads\/2026\/07\/konsum-278.jpg\" alt=\"Menschen in einer M\u00fcnchener Einkaufsstra\u00dfe.\" title=\"Menschen in einer M\u00fcnchener Einkaufsstra\u00dfe. | picture alliance \/ Wolfgang Mari\"\/><\/p>\n<p class=\"metatextline\">Stand: 14.07.2026 \u2022 08:44 Uhr<\/p>\n<p class=\"article-head__shorttext\">\n        <strong>In der Debatte \u00fcber flexiblere Laden\u00f6ffnungszeiten hat sich DIHK-Pr\u00e4sident Adrian f\u00fcr eine \u00c4nderung des Grundgesetzes ausgesprochen. Damit solle die Rechtslage f\u00fcr verkaufsoffene Sonntage dauerhaft gekl\u00e4rt werden.<\/strong>\n    <\/p>\n<p class=\"textabsatz m-ten m-offset-one l-eight l-offset-two columns twelve\">Die Deutsche Industrie- und Handelskammer (DIHK) hat sich f\u00fcr eine weitgehende Liberalisierung der Laden\u00f6ffnungszeiten ausgesprochen. Angesichts der M\u00f6glichkeit, rund um die Uhr im Internet einzukaufen, unterliege der station\u00e4re Handel weiterhin starren Regeln, argumentierte DIHK-Pr\u00e4sident Peter Adrian gegen\u00fcber der Funke Mediengruppe.<\/p>\n<p class=\"textabsatz m-ten m-offset-one l-eight l-offset-two columns twelve\">F\u00fcr verkaufsoffene Sonntage gebe es keinen verl\u00e4sslichen Rechtsrahmen, stattdessen best\u00fcnden hohe Klagerisiken. Das Ladenschlussrecht sei ein &#8222;Relikt der Vergangenheit&#8220;. Ob Gesch\u00e4fte sonntags \u00f6ffnen, sollten die H\u00e4ndlerinnen und H\u00e4ndler selbst entscheiden.<\/p>\n<p class=\"textabsatz m-ten m-offset-one l-eight l-offset-two columns twelve\">Seinen Vorsto\u00df begr\u00fcndete Adrian mit dem sogenannten Ladenschluss-Urteil des Bundesverfassungsgerichts aus dem Jahr 2009. Das Gericht habe sich dabei auf die Weimarer Reichsverfassung bezogen, die von der &#8222;seelischen Erhebung&#8220; am Sonntag spreche. Das erscheine ihm nicht mehr zeitgem\u00e4\u00df, so der DIHK-Pr\u00e4sident. Eine Grundgesetz\u00e4nderung k\u00f6nne aus seiner Sicht f\u00fcr mehr Rechtssicherheit sorgen.<\/p>\n<p>    Sonntags\u00f6ffnungen nur als Ausnahme<\/p>\n<p class=\"textabsatz m-ten m-offset-one l-eight l-offset-two columns twelve\">Das Bundesverfassungsgericht hatte 2009 den verfassungsrechtlichen Schutz der Sonn- und Feiertage bekr\u00e4ftigt. Danach m\u00fcssen verkaufsoffene Sonntage die Ausnahme bleiben und grunds\u00e4tzlich an einen besonderen Anlass wie ein Stadtfest oder eine Messe gekn\u00fcpft sein. Entsprechende Regelungen werden seitdem immer wieder gerichtlich \u00fcberpr\u00fcft.<\/p>\n<p class=\"textabsatz m-ten m-offset-one l-eight l-offset-two columns twelve\">Der Schutz der Sonn- und Feiertage ist \u00fcber Artikel 140 des Grundgesetzes verankert, der eine Bestimmung der Weimarer Reichsverfassung \u00fcbernimmt. Die konkreten Regeln f\u00fcr Laden\u00f6ffnungszeiten legen die Bundesl\u00e4nder fest. Sie k\u00f6nnen eine begrenzte Zahl verkaufsoffener Sonntage zulassen, die in der Regel an einen besonderen Anlass gebunden sind.<\/p>\n<p>    Bundesregierung plant Ausweitung der Arbeitszeiten<\/p>\n<p class=\"textabsatz m-ten m-offset-one l-eight l-offset-two columns twelve\">Die Forderung der DIHK reiht sich in eine breitere Debatte \u00fcber die Sonntagsarbeit ein. Die Bundesregierung will den Einsatz von Besch\u00e4ftigten an Sonn- und Feiertagen in einzelnen Bereichen ausweiten. Ein Gesetzentwurf aus dem Arbeitsministerium sieht vor, dass Arbeitnehmerinnen und Arbeitnehmer in B\u00e4ckereien und Konditoreien ab Januar 2027 statt bislang drei k\u00fcnftig bis zu acht Stunden an Sonn- und Feiertagen besch\u00e4ftigt werden d\u00fcrfen.<\/p>\n<p class=\"textabsatz m-ten m-offset-one l-eight l-offset-two columns twelve\">Zudem soll Sonntagsarbeit k\u00fcnftig auch in \u00f6ffentlichen Bibliotheken m\u00f6glich sein; dort ist eine H\u00f6chstarbeitszeit von sechs Stunden vorgesehen.<\/p>\n<p>    Handelsverband Deutschland pl\u00e4diert f\u00fcr Sonntags\u00f6ffnungszeiten<\/p>\n<p class=\"textabsatz m-ten m-offset-one l-eight l-offset-two columns twelve\">Auch der Handelsverband Deutschland (HDE) fordert weitergehende Lockerungen. Hauptgesch\u00e4ftsf\u00fchrer Stefan Genth sprach sich daf\u00fcr aus, Sonntagsarbeit auch im Einzelhandel zu erm\u00f6glichen. Einkaufen sei heute ein Freizeiterlebnis, und Sonntags\u00f6ffnungen k\u00f6nnten dazu beitragen, Innenst\u00e4dte attraktiver zu machen, <a href=\"https:\/\/www.bild.de\/politik\/inland\/handelsverbaende-fordern-geschaefte-sollen-kuenftig-jeden-sonntag-oeffnen-6a4a1d2fdbe2b30aced1a91b\" title=\"Gesch\u00e4fte sollen k\u00fcnftig jeden Sonntag \u00f6ffnen!\" class=\"textlink--extern js-link-dialog\" rel=\"noopener noreferrer nofollow\" target=\"_blank\" data-type=\"external\">sagte er der BILD-Zeitung<\/a>.<\/p>\n<p class=\"textabsatz m-ten m-offset-one l-eight l-offset-two columns twelve\">Gewerkschaften und Kirchen lehnen eine Ausweitung der Sonntagsarbeit dagegen ab. Sie warnen vor einer Aush\u00f6hlung des verfassungsrechtlich gesch\u00fctzten Sonntagsschutzes und verweisen auf die Bedeutung des gemeinsamen arbeitsfreien Tages f\u00fcr Besch\u00e4ftigte, Familien und das gesellschaftliche Zusammenleben.<\/p>\n","protected":false},"excerpt":{"rendered":"Stand: 14.07.2026 \u2022 08:44 Uhr In der Debatte \u00fcber flexiblere Laden\u00f6ffnungszeiten hat sich DIHK-Pr\u00e4sident Adrian f\u00fcr eine \u00c4nderung&hellip;\n","protected":false},"author":2,"featured_media":1165491,"comment_status":"","ping_status":"","sticky":false,"template":"","format":"standard","meta":{"footnotes":"","_share_on_mastodon":"0"},"categories":[5],"tags":[331,332,3364,29,1072,30,13,13409,14,15,4290,12,7855],"class_list":["post-1165490","post","type-post","status-publish","format-standard","has-post-thumbnail","category-nachrichten","tag-aktuelle-nachrichten","tag-aktuelle-news","tag-de","tag-deutschland","tag-einzelhandel","tag-germany","tag-headlines","tag-ladenoeffnungszeiten","tag-nachrichten","tag-news","tag-oeffnungszeiten","tag-schlagzeilen","tag-sonntag"],"share_on_mastodon":{"url":"https:\/\/pubeurope.com\/@de\/116917207717778538","error":""},"_links":{"self":[{"href":"https:\/\/www.europesays.com\/de\/wp-json\/wp\/v2\/posts\/1165490","targetHints":{"allow":["GET"]}}],"collection":[{"href":"https:\/\/www.europesays.com\/de\/wp-json\/wp\/v2\/posts"}],"about":[{"href":"https:\/\/www.europesays.com\/de\/wp-json\/wp\/v2\/types\/post"}],"author":[{"embeddable":true,"href":"https:\/\/www.europesays.com\/de\/wp-json\/wp\/v2\/users\/2"}],"replies":[{"embeddable":true,"href":"https:\/\/www.europesays.com\/de\/wp-json\/wp\/v2\/comments?post=1165490"}],"version-history":[{"count":0,"href":"https:\/\/www.europesays.com\/de\/wp-json\/wp\/v2\/posts\/1165490\/revisions"}],"wp:featuredmedia":[{"embeddable":true,"href":"https:\/\/www.europesays.com\/de\/wp-json\/wp\/v2\/media\/1165491"}],"wp:attachment":[{"href":"https:\/\/www.europesays.com\/de\/wp-json\/wp\/v2\/media?parent=1165490"}],"wp:term":[{"taxonomy":"category","embeddable":true,"href":"https:\/\/www.europesays.com\/de\/wp-json\/wp\/v2\/categories?post=1165490"},{"taxonomy":"post_tag","embeddable":true,"href":"https:\/\/www.europesays.com\/de\/wp-json\/wp\/v2\/tags?post=1165490"}],"curies":[{"name":"wp","href":"https:\/\/api.w.org\/{rel}","templated":true}]}}