{"id":1165723,"date":"2026-07-14T09:52:18","date_gmt":"2026-07-14T09:52:18","guid":{"rendered":"https:\/\/www.europesays.com\/de\/1165723\/"},"modified":"2026-07-14T09:52:18","modified_gmt":"2026-07-14T09:52:18","slug":"deutlich-mehr-als-im-vorjahr-solaranlagen-boomen-in-deutschland","status":"publish","type":"post","link":"https:\/\/www.europesays.com\/de\/1165723\/","title":{"rendered":"Deutlich mehr als im Vorjahr: Solaranlagen boomen in Deutschland"},"content":{"rendered":"<p>Deutlich mehr als im VorjahrSolaranlagen boomen in Deutschland<\/p>\n<p>14.07.2026, 08:45 Uhr <\/p>\n<p>Artikel anh\u00f6ren(02:23 min)<\/p>\n<p><img decoding=\"async\" class=\"Image_img__fQCi0 Image_Img_16_9__4BLfH widget-picture-inline_maximizable__t_E7h\" loading=\"eager\" fetchpriority=\"high\" src=\"https:\/\/www.europesays.com\/de\/wp-content\/uploads\/2026\/07\/PHOTOPQR-L-ALSACE-Jean-Marc-LOOS-Strasbourg-12-06-2026-Des-techniciens-installent-des-panneaux-photo.webp\" alt=\"PHOTOPQR-L-ALSACE-Jean-Marc-LOOS-Strasbourg-12-06-2026-Des-techniciens-installent-des-panneaux-photovoltaiques-sur-le-toit-d-une-maison-particuliere-a-Strasbourg-le-12-juin-2026\"\/>Eintr\u00e4gliches Gesch\u00e4ft: Ein Mann installiert eine Solaranlage auf einem Dach. (Foto: picture alliance \/ PHOTOPQR\/L&#8217;ALSACE\/MAXPPP)TeilenFolgen auf:<a href=\"https:\/\/www.whatsapp.com\/channel\/0029Va5cdVJD8SDp5YZgYF01\" title=\"Auf WhatsApp folgen\" target=\"_blank\" rel=\"nofollow noopener\"><img decoding=\"async\" src=\"https:\/\/www.n-tv.de\/socialIcons\/whatsapp.svg\" alt=\"whatsapp\" class=\"ArticleShare_icon__FsrC2\"\/><\/a><a href=\"https:\/\/www.google.com\/preferences\/source?q=n-tv.de\" title=\"ntv als bevorzugte Quelle auf Google hinzuf\u00fcgen\" target=\"_blank\" rel=\"nofollow noopener\"><img decoding=\"async\" src=\"https:\/\/www.n-tv.de\/socialIcons\/google.svg\" alt=\"whatsapp\" class=\"ArticleShare_icon__FsrC2\"\/><\/a><\/p>\n<p class=\"Typography_text-m__XI0da Typography_weight-bold__uT6mq storyline_lead_text_leadtext__q_wg8\">Eigentlich hatten private Hausbesitzer zuletzt weniger in Solaranlagen investiert.\u00a0Doch das \u00e4ndert sich in diesem Jahr &#8211; ausgerechnet auch wegen US-Pr\u00e4sident Trump und Wirtschaftsministerin Reiche.<\/p>\n<p class=\"Typography_text-default__P3otY Typography_weight-normal__pqUbH storyline_paragraph_p__qSR5N\">Der Iran-Krieg und K\u00fcrzungspl\u00e4ne der Bundesregierung haben den Ausbau der Solarenergie in Deutschland im ersten Halbjahr befeuert. Nach vorl\u00e4ufigen Zahlen gingen von Anfang Januar bis Ende Juni neue Solaranlagen mit einer addierten Leistung von insgesamt knapp 7,4 Gigawatt-Peak ans Netz. Das waren neun Prozent mehr als in der ersten H\u00e4lfte des vergangenen Jahres, wie der Bundesverband Solarwirtschaft &#8211; kurz BSW Solar &#8211; mitteilte. Quelle der Auswertung sind die Daten der Bundesnetzagentur. Demnach sind in Deutschland mittlerweile mehr als sechs Millionen Photovoltaikanlagen mit einer Gesamtleistung von \u00fcber 125 Gigawatt installiert. <\/p>\n<p class=\"Typography_text-default__P3otY Typography_weight-normal__pqUbH storyline_paragraph_p__qSR5N\">Eigentlich hatte sich die Nachfrage der privaten Hausbesitzer im vergangenen Jahr abgek\u00fchlt.\u00a0Der Beginn des Iran-Kriegs Ende Februar und das von der Bundesregierung geplante Ende der F\u00f6rderung f\u00fcr private Solaranlagen haben jedoch das Interesse nach Einsch\u00e4tzung des Verbands wieder steigen lassen. Folge der angek\u00fcndigten Einstellung der Solarzusch\u00fcsse ist laut BSW Solar ein Vorzieheffekt.<\/p>\n<p class=\"Typography_text-default__P3otY Typography_weight-normal__pqUbH storyline_paragraph_p__qSR5N\">Der Verband geht davon aus, dass die Zahlen f\u00fcr das erste Halbjahr wegen der erwarteten Nachmeldungen noch nach oben korrigiert werden. Nach den Erfahrungen der Vorjahre k\u00f6nnten demnach im ersten Halbjahr sogar bis zu 8,3 Gigawatt-Peak Solarleistung neu installiert worden sein.\u00a0<\/p>\n<p class=\"Typography_text-default__P3otY Typography_weight-normal__pqUbH storyline_paragraph_p__qSR5N\">Hauptgesch\u00e4ftsf\u00fchrer Carsten K\u00f6rnig appellierte an die Bundesregierung, beim Ausbau der Solarenergie nicht auf die Bremse zu treten. &#8222;An einem st\u00e4rkeren Ausbau von Photovoltaik und Batteriespeichern f\u00fchrt klima-, energie- und wirtschaftspolitisch kein Weg vorbei&#8220;, sagte K\u00f6rnig.<\/p>\n<p class=\"Typography_text-default__P3otY Typography_weight-normal__pqUbH storyline_paragraph_p__qSR5N\">Trotz der durch den Iran-Krieg sprunghaft steigenden \u00d6l- und Gaspreise bremst die Bundesregierung beim Ausbau erneuerbarer Energien. Im Gespr\u00e4ch ist unter anderem, f\u00fcr kleine neue Solaranlagen auf Hausd\u00e4chern die F\u00f6rderung zu streichen.<\/p>\n<p class=\"Typography_text-s__wu_cm Typography_weight-normal__pqUbH Typography_color-darkgrey__sZEnP article-detail-footer_source__KslPc\">Quelle: ntv.de, gh\u00f6\/dpa<\/p>\n","protected":false},"excerpt":{"rendered":"Deutlich mehr als im VorjahrSolaranlagen boomen in Deutschland 14.07.2026, 08:45 Uhr Artikel anh\u00f6ren(02:23 min) Eintr\u00e4gliches Gesch\u00e4ft: Ein Mann&hellip;\n","protected":false},"author":2,"featured_media":1165724,"comment_status":"","ping_status":"","sticky":false,"template":"","format":"standard","meta":{"footnotes":"","_share_on_mastodon":"0"},"categories":[134],"tags":[175,170,169,29,30,186871,171,174,8820,24806,2194,173,172,55],"class_list":["post-1165723","post","type-post","status-publish","format-standard","has-post-thumbnail","category-unternehmen-maerkte","tag-business","tag-companies","tag-companies-markets","tag-deutschland","tag-germany","tag-iran-krieg","tag-markets","tag-maerkte","tag-solaranlagen","tag-solarbranche","tag-solarenergie","tag-unternehmen","tag-unternehmen-maerkte","tag-wirtschaft"],"share_on_mastodon":{"url":"https:\/\/pubeurope.com\/@de\/116917723805059199","error":""},"_links":{"self":[{"href":"https:\/\/www.europesays.com\/de\/wp-json\/wp\/v2\/posts\/1165723","targetHints":{"allow":["GET"]}}],"collection":[{"href":"https:\/\/www.europesays.com\/de\/wp-json\/wp\/v2\/posts"}],"about":[{"href":"https:\/\/www.europesays.com\/de\/wp-json\/wp\/v2\/types\/post"}],"author":[{"embeddable":true,"href":"https:\/\/www.europesays.com\/de\/wp-json\/wp\/v2\/users\/2"}],"replies":[{"embeddable":true,"href":"https:\/\/www.europesays.com\/de\/wp-json\/wp\/v2\/comments?post=1165723"}],"version-history":[{"count":0,"href":"https:\/\/www.europesays.com\/de\/wp-json\/wp\/v2\/posts\/1165723\/revisions"}],"wp:featuredmedia":[{"embeddable":true,"href":"https:\/\/www.europesays.com\/de\/wp-json\/wp\/v2\/media\/1165724"}],"wp:attachment":[{"href":"https:\/\/www.europesays.com\/de\/wp-json\/wp\/v2\/media?parent=1165723"}],"wp:term":[{"taxonomy":"category","embeddable":true,"href":"https:\/\/www.europesays.com\/de\/wp-json\/wp\/v2\/categories?post=1165723"},{"taxonomy":"post_tag","embeddable":true,"href":"https:\/\/www.europesays.com\/de\/wp-json\/wp\/v2\/tags?post=1165723"}],"curies":[{"name":"wp","href":"https:\/\/api.w.org\/{rel}","templated":true}]}}