{"id":1165795,"date":"2026-07-14T10:33:19","date_gmt":"2026-07-14T10:33:19","guid":{"rendered":"https:\/\/www.europesays.com\/de\/1165795\/"},"modified":"2026-07-14T10:33:19","modified_gmt":"2026-07-14T10:33:19","slug":"hochwasser-check-region-hannover-und-emsland-besonders-gefaehrdet","status":"publish","type":"post","link":"https:\/\/www.europesays.com\/de\/1165795\/","title":{"rendered":"Hochwasser-Check: Region Hannover und Emsland besonders gef\u00e4hrdet"},"content":{"rendered":"<p>        <img decoding=\"async\" src=\"https:\/\/www.europesays.com\/de\/wp-content\/uploads\/2026\/07\/hochwasser5444.webp\" alt=\"Die Ems bei Meppen mit Hochwasser.\" title=\"Die Ems bei Meppen mit Hochwasser. | NDR, Britta Nareyka\" class=\"responsive\"\/><\/p>\n<p>\n                Stand: 14.07.2026 12:26 Uhr<\/p>\n<p class=\"preface\">Hochwasser und Jahrhundertfluten werden durch den Klimawandel immer h\u00e4ufiger. In der Region Hannover und im Emsland k\u00f6nnten diese besonders verheerende Auswirkungen haben, so eine Analyse der Deutschen Umwelthilfe. <\/p>\n<p class=\"\">Hintergrund ist, dass dort besonders viele Menschen in Hochwasserrisikogebieten leben. Niedersachsenweit ist die Region Hannover mit einem sogenannten Hochwasser-Risikograd von 5,55 Spitzenreiter. In ihrer Auswertung stuft die Deutsche Umwelthilfe (DUH) den Risikograd der Region entsprechend als &#8222;hoch&#8220; ein. Im Emsland liegt der Hochwasser-Risikograd bei 5,26. Platz drei belegt der Landkreis Celle.<\/p>\n<p>                Was ist der &#8222;Hochwasser-Risikograd&#8220;? <\/p>\n<p>So wird der Hochwasser-Risikograd in der Analyse der Deutschen Umwelthilfe f\u00fcr jeden Landkreis einzeln berechnet: <\/p>\n<p>Der <strong>Hochwasser-Risikograd<\/strong> ist das logarithmierte Ergebnis aus der Fl\u00e4che eines Hochwasserrisikogebiets in km\u00b2 mal die Anzahl der aktuell durch Hochwasser gef\u00e4hrdeten Adressen in dieser Fl\u00e4che.<\/p>\n<p>Dementsprechend ist das Risiko dann besonders hoch, wenn ein Landkreis auf der einen Seite einen hohen Anteil an Hochwasserrisikofl\u00e4chen hat und gleichzeitig auch viele Adressen in den m\u00f6glichen Hochwassergebieten liegen, dort also besonders viele Menschen leben. Einen sehr geringen Hochwasser-Risikograd haben Landkreise und St\u00e4dte mit Werten von 0,0 bis 1,5. Ab einem Wert von 4,5 bis 6,0 gilt der Risikograd als hoch. Deutschlandweit liegt nur der Ortenaukreis in Baden-W\u00fcrttemberg bei einem Wert von 6,0. &#8222;Extreme&#8220; Risikograde gelten ab einem Wert von 7,5 und h\u00f6her.<\/p>\n<p><strong>Hochwasserrisikogebiete<\/strong> sind alle Fl\u00e4chen, in denen bei einem sogenannten Jahrhunderthochwasser signifikante Sch\u00e4den zu erwarten sind. Sie sind Teil von Hochwassergefahrenfl\u00e4chen. <\/p>\n<p><strong>Hochwassergefahrenfl\u00e4chen<\/strong> sind alle Fl\u00e4chen, welche bei Hochwasser aufgrund ihrer geografischen Lage \u00fcberflutet werden, z.B. Flussauen. <\/p>\n<p>    Keine Extremwerte bei Landkreisen und St\u00e4dten<\/p>\n<p class=\"\">Bei den kreisfreien St\u00e4dten ist Braunschweig besonders gef\u00e4hrdet, gefolgt von Osnabr\u00fcck mit einem vergleichsweise eher geringen Hochwasser-Risikograd von 1,76. &#8222;Extreme&#8220; Risikograde errechnet die DUH f\u00fcr keine der 400 kreisfreien St\u00e4dte und Landkreise, anders als beim Vergleich der Bundesl\u00e4nder im Vorjahr. Die Analyse von 2025 hatte das Hochwasserrisiko in <a href=\"https:\/\/www.ndr.de\/nachrichten\/niedersachsen\/extremes-risiko-umwelthilfe-warnt-vor-jahrhunderthochwasser-in-niedersachsen,hochwasserrisiko-100.html\" title=\"Warnung vor Hochwasser: Niedersachsen w\u00e4re extrem betroffen\" rel=\"nofollow noopener\" target=\"_blank\">Niedersachsen als extrem<\/a> bewertet. Das ergebe sich daraus, dass auf Landes- und Bundesebene die Gefahren durch Hochwasser geb\u00fcndelt werden. Auf Landkreisebene werde das Risiko aufgeteilt, wodurch sich kleinere Einzelwerte ergeben, so die DUH.<\/p>\n<p>    Umwelthilfe: Hochwasserschutz naturnah denken<\/p>\n<p class=\"\">Das bedeute jedoch nicht, dass die Gefahren durch Hochwasser geringer w\u00fcrden. Stattdessen fordert die DUH, Hochwasserschutz differenzierter und auf kleinerem Raum zu betrachten. Technischer Hochwasserschutz wie Deiche, gesteuerte Polder oder R\u00fcckhaltebecken seien besonders in Ballungsr\u00e4umen entlang dicht besiedelter Flussl\u00e4ufe unverzichtbar, hei\u00dft es. Diese Ma\u00dfnahmen seien aber kostenintensiv und m\u00fcssten regelm\u00e4\u00dfig gewartet werden. Der Hochwasserschutz der Zukunft m\u00fcsse stattdessen \u00f6kologisch und naturnah gedacht werden. Zum Beispiel indem man Fl\u00fcsse und Auen renaturiere, Moore wiedervern\u00e4sse und Deiche verlagere. So k\u00f6nne eine Schwammlandschaft entstehen, die Wasser bei Starkregen speichere, statt es schnell und ungebremst an die Fl\u00fcsse abzugeben.<\/p>\n<p>        <img decoding=\"async\" src=\"https:\/\/www.europesays.com\/de\/wp-content\/uploads\/2026\/07\/ueberschwemmungen-valencia-114.webp\" alt=\"Anwohner betrachten aufgestapelte Autos, die von den \u00dcberschwemmungen in Valencia weggeschwemmt wurden. (Archivbild: 30.10.2024)\" title=\"Anwohner betrachten aufgestapelte Autos, die von den \u00dcberschwemmungen in Valencia weggeschwemmt wurden. (Archivbild: 30.10.2024) | AP\" class=\"responsive\" loading=\"lazy\"\/><\/p>\n<p>Klimareport<\/p>\n<p>Europa entwickelt sich zu einem Hotspot des Klimawandels. 2024 verzeichnete der Kontinent das w\u00e4rmste Jahr seit Beginn der Wetteraufzeichnungen. Erstmals erreichte der Temperaturanstieg 1,5 Grad. Von Sven K\u00e4stner.<\/p>\n<p>    Bauverbote f\u00fcr \u00dcberschwemmungsgebiete gefordert<\/p>\n<p class=\"\">&#8222;Die immer h\u00e4ufiger auftretenden extremen Regenf\u00e4lle k\u00f6nnen ruhige Fl\u00fcsse und B\u00e4che in rei\u00dfende Str\u00f6me verwandeln&#8220;, sagt Sascha M\u00fcller-Kraenner, Gefsch\u00e4ftsf\u00fchrer der DUH. Das habe man besonders im <a href=\"https:\/\/www.tagesschau.de\/inland\/regional\/rheinlandpfalz\/swr-fuenf-jahre-nach-der-flut-kaum-neuer-hochwasserschutz-im-ahrtal-100.html\" title=\"Rheinland-Pfalz: F\u00fcnf Jahre nach der Flut: Kaum neuer Hochwasserschutz im Ahrtal \" rel=\"nofollow noopener\" target=\"_blank\">Ahrtal 2021<\/a> sehen k\u00f6nnen. &#8222;Unsere Landschaft gegen die Folgen der Klimakrise zu wappnen, ist eine langfristige Aufgabe und kann nur gemeinsam bew\u00e4ltigt werden.&#8220; Die DUH fordert deshalb eine \u00dcberarbeitung des Hochwasserschutzgesetzes, sowie die strenge Durchsetzung des Bauverbots in \u00dcberschwemmungsgebieten: &#8222;Es d\u00fcrfen keine neuen Geb\u00e4ude in die Aue gebaut und damit Menschenleben einem Hochwasserrisiko ausgesetzt werden.&#8220;<\/p>\n<p>                News aus deiner Region &#8211; jetzt auch direkt per WhatsApp<\/p>\n<p>In unseren f\u00fcnf neuen regionalen WhatsApp-Kan\u00e4len versorgen wir dich ab sofort wochent\u00e4glich mit den wichtigsten Nachrichten, Themen und Geschichten aus deiner Heimat. <\/p>\n<p>\u00dcber diese Links kommst du direkt zu den Kan\u00e4len:<\/p>\n<p><a href=\"https:\/\/www.ndr.de\/nachrichten\/niedersachsen\/ndr-niedersachsen-auf-whatsapp-abonniere-die-news-aus-deiner-region,whatsappniedersachsen-100.html\" title=\"NDR Niedersachsen auf WhatsApp: Abonniere die News aus deiner Region\" rel=\"nofollow noopener\" target=\"_blank\">Abonniere News aus deiner Region<\/a> und aktiviere die Glocke, damit du nichts verpasst.<\/p>\n<p>        <img decoding=\"async\" src=\"https:\/\/www.europesays.com\/de\/wp-content\/uploads\/2026\/07\/hochwasser-bayern-128.webp\" alt=\"Teile des bayerischen Reichertshofen sind \u00fcberflutet (Archivbild vom 02.06.2024)\" title=\"Teile des bayerischen Reichertshofen sind \u00fcberflutet (Archivbild vom 02.06.2024) | dpa\" class=\"responsive\" loading=\"lazy\"\/><\/p>\n<p>Risiko f\u00fcr \u00dcberschwemmungen<\/p>\n<p>Beim Hochwasserschutz muss nachgebessert werden. Zu diesem Ergebnis kommt eine Analyse der Umwelthilfe. Hunderttausende Menschen k\u00f6nnten von \u00dcberschwemmungen betroffen sein. Wie sehr, h\u00e4ngt auch vom Bundesland ab.<\/p>\n<p>        <img decoding=\"async\" src=\"https:\/\/www.europesays.com\/de\/wp-content\/uploads\/2026\/07\/hochwasser5904.webp\" alt=\"Die Wiesen am Fluss Aller bei Verden sind \u00fcberflutet.\" title=\"Die Wiesen am Fluss Aller bei Verden sind \u00fcberflutet. | picture alliance\/dpa, Sina Schuldt\" class=\"responsive\" loading=\"lazy\"\/><\/p>\n<p>Laut einer Studie sind rund drei Prozent der Landesfl\u00e4che Hochwasser-Risikogebiet. Besonders gef\u00e4hrdet: der Landkreis Celle.<\/p>\n","protected":false},"excerpt":{"rendered":"Stand: 14.07.2026 12:26 Uhr Hochwasser und Jahrhundertfluten werden durch den Klimawandel immer h\u00e4ufiger. In der Region Hannover und&hellip;\n","protected":false},"author":2,"featured_media":1165796,"comment_status":"","ping_status":"","sticky":false,"template":"","format":"standard","meta":{"footnotes":"","_share_on_mastodon":"0"},"categories":[1836],"tags":[62154,17440,590,5976,3364,29,28883,30,46,5669,78113,205455,14,15,1411,7305,9182],"class_list":["post-1165795","post","type-post","status-publish","format-standard","has-post-thumbnail","category-hannover","tag-deutsche-umwelthilfe","tag-hochwasserschutz","tag-aktuell","tag-analyse","tag-de","tag-deutschland","tag-emsland","tag-germany","tag-hannover","tag-hochwasser","tag-hochwasserrisiko","tag-landkreise","tag-nachrichten","tag-news","tag-niedersachsen","tag-region-hannover","tag-staedte"],"share_on_mastodon":{"url":"https:\/\/pubeurope.com\/@de\/116917884796699795","error":""},"_links":{"self":[{"href":"https:\/\/www.europesays.com\/de\/wp-json\/wp\/v2\/posts\/1165795","targetHints":{"allow":["GET"]}}],"collection":[{"href":"https:\/\/www.europesays.com\/de\/wp-json\/wp\/v2\/posts"}],"about":[{"href":"https:\/\/www.europesays.com\/de\/wp-json\/wp\/v2\/types\/post"}],"author":[{"embeddable":true,"href":"https:\/\/www.europesays.com\/de\/wp-json\/wp\/v2\/users\/2"}],"replies":[{"embeddable":true,"href":"https:\/\/www.europesays.com\/de\/wp-json\/wp\/v2\/comments?post=1165795"}],"version-history":[{"count":0,"href":"https:\/\/www.europesays.com\/de\/wp-json\/wp\/v2\/posts\/1165795\/revisions"}],"wp:featuredmedia":[{"embeddable":true,"href":"https:\/\/www.europesays.com\/de\/wp-json\/wp\/v2\/media\/1165796"}],"wp:attachment":[{"href":"https:\/\/www.europesays.com\/de\/wp-json\/wp\/v2\/media?parent=1165795"}],"wp:term":[{"taxonomy":"category","embeddable":true,"href":"https:\/\/www.europesays.com\/de\/wp-json\/wp\/v2\/categories?post=1165795"},{"taxonomy":"post_tag","embeddable":true,"href":"https:\/\/www.europesays.com\/de\/wp-json\/wp\/v2\/tags?post=1165795"}],"curies":[{"name":"wp","href":"https:\/\/api.w.org\/{rel}","templated":true}]}}