{"id":1165800,"date":"2026-07-14T10:36:25","date_gmt":"2026-07-14T10:36:25","guid":{"rendered":"https:\/\/www.europesays.com\/de\/1165800\/"},"modified":"2026-07-14T10:36:25","modified_gmt":"2026-07-14T10:36:25","slug":"leichte-sprache-in-der-stadt-dresden-hat-der-fluss-elbe-wenig-wasser","status":"publish","type":"post","link":"https:\/\/www.europesays.com\/de\/1165800\/","title":{"rendered":"Leichte Sprache: In der Stadt Dresden hat der Fluss Elbe wenig Wasser"},"content":{"rendered":"<p>        <img decoding=\"async\" src=\"https:\/\/www.europesays.com\/de\/wp-content\/uploads\/2026\/07\/dso-dresden-100.webp\" alt=\"Elbe in Dresden\" title=\"Elbe in Dresden | MDR\" class=\"responsive\"\/><\/p>\n<p class=\"topline\">Sachsen<\/p>\n<p>\n                Stand: 14.07.2026 12:20 Uhr<\/p>\n<p class=\"\">Im <a href=\"https:\/\/www.mdr.de\/nachrichten-leicht\/woerterbuch\/glossar-bundesland-100.html\" title=\"Bundes-Land oder Bundes-L\u00e4nder\" class=\"inpagelink\" rel=\"nofollow noopener\" target=\"_blank\"><strong>Bundes-Land<\/strong><\/a> Sachsen hat es lange Zeit zu wenig geregnet.<br \/>Deshalb haben:<br \/>\u2022 viele Fl\u00fcsse<br \/>\u2022 und B\u00e4che<br \/>nur sehr wenig Wasser.<br \/>Manche B\u00e4che trocknen sogar aus.<\/p>\n<p class=\"\">Auch der Fluss Elbe hat nur sehr wenig Wasser.<br \/>In der Stadt Dresden k\u00f6nnen die Menschen schon<br \/>einige Sand-Fl\u00e4chen im Fluss sehen.<br \/>Das Wasser ist au\u00dferdem w\u00e4rmer als sonst.<br \/>Und im Wasser ist weniger <a href=\"https:\/\/www.mdr.de\/nachrichten-leicht\/woerterbuch\/glossar-sauerstoff-100.html\" title=\"Sauerstoff\" class=\"inpagelink\" rel=\"nofollow noopener\" target=\"_blank\"><strong>Sauerstoff<\/strong><\/a>.<br \/>Das ist schlecht f\u00fcr:<br \/>\u2022 die Fische,<br \/>\u2022 die Pflanzen<br \/>\u2022 und andere Tiere im Wasser.<\/p>\n<p class=\"\">Deshalb hat die Stadt Dresden eine neue Regel gemacht.<br \/>Bis Ende Oktober im Jahr 2026 darf kein Mensch<br \/>Wasser aus:<br \/>\u2022 B\u00e4chen,<br \/>\u2022 Fl\u00fcssen<br \/>\u2022 und Teichen <a href=\"https:\/\/www.mdr.de\/nachrichten-leicht\/woerterbuch\/glossar-ab-pumpen-100.html\" title=\"ab-pumpen\" class=\"inpagelink\" rel=\"nofollow noopener\" target=\"_blank\"><strong>ab-pumpen<\/strong><\/a>.<\/p>\n<p class=\"\">Auch die Schiffe auf der Elbe fahren nicht mehr so oft.<br \/>Zum Beispiel gibt es erstmal keine Schiffs-Fahrten mehr:<br \/>\u2022 in die Stadt Bad Schandau<br \/>\u2022 und in die Stadt Mei\u00dfen.<br \/>Kurze Schiffs-Fahrten in der Stadt Dresden werden aber noch gemacht.<\/p>\n<p>    Das Bundes-Land Sachsen will sich besser auf sehr trockene Zeiten vorbereiten<\/p>\n<p class=\"\">Daf\u00fcr pr\u00fcft das Bundes-Land verschiedene Ideen.<strong><br \/>\n <br \/><\/strong>Zum Beispiel:<strong><br \/>\n <br \/><\/strong> \u2022 Wasser soll besser <a href=\"https:\/\/www.mdr.de\/nachrichten-leicht\/woerterbuch\/glossar-speichern-gespeichert-100.html\" title=\"speichern oder gespeichert\" class=\"inpagelink\" rel=\"nofollow noopener\" target=\"_blank\"><strong>gespeichert<\/strong><\/a> werden.<br \/>Das bedeutet:<br \/>Wasser soll zum Beispiel in gro\u00dfen <a href=\"https:\/\/www.mdr.de\/nachrichten-leicht\/woerterbuch\/glossar-behaelter-100.html\" title=\"Beh\u00e4lter\" class=\"inpagelink\" rel=\"nofollow noopener\" target=\"_blank\"><strong>Beh\u00e4ltern<\/strong><\/a> gesammelt werden.<br \/>Dort wird es dann aufbewahrt. <strong><br \/>\n <br \/><\/strong> \u2022 Das Wasser aus <a href=\"https:\/\/www.mdr.de\/nachrichten-leicht\/woerterbuch\/glossar-talsperre-100.html\" title=\"Talsperre\" class=\"inpagelink\" rel=\"nofollow noopener\" target=\"_blank\"><strong>Talsperren<\/strong><\/a> soll besser genutzt werden.<strong><br \/>\n <br \/><\/strong> \u2022 Und die Menschen sollen fr\u00fcher gewarnt werden:<br \/>Wenn es nur noch sehr wenig Wasser gibt.<\/p>\n<p>Hier k\u00f6nnen Sie diese Nachricht auch in schwerer Sprache lesen:<\/p>\n<p>        <img decoding=\"async\" src=\"https:\/\/www.europesays.com\/de\/wp-content\/uploads\/2026\/06\/niedrigwasser-elbe-154.webp\" alt=\"Die Elbe bei Dresden f\u00fchrt Niedrigwasser, eine Person sitzt auf einer Kiesbank. Im Hintergrund ist ein Dampfer zu sehen. \" title=\"Die Elbe bei Dresden f\u00fchrt Niedrigwasser, eine Person sitzt auf einer Kiesbank. Im Hintergrund ist ein Dampfer zu sehen.  |  IMAGO \/ Bernd M\u00e4rz\" class=\"responsive\" loading=\"lazy\"\/><\/p>\n<p>Trockenheit<\/p>\n<p>Die anhaltende Hitze ohne Niederschl\u00e4ge sorgt f\u00fcr Niedrigwasser in vielen Fl\u00fcssen. Bei der S\u00e4chischen Dampfschifffahrt fallen erste Fahrten aus. <\/p>\n<p>Die neuesten Nachrichten von dieser Woche<\/p>\n<p>        <img decoding=\"async\" src=\"https:\/\/www.europesays.com\/de\/wp-content\/uploads\/2026\/06\/leichte-sprache-logo-mit-text-100.webp\" alt=\"Logo Leichte Sprache mit Text: Leichte Sprache\" title=\"Logo Leichte Sprache mit Text: Leichte Sprache | ARD.de\" class=\"responsive\" loading=\"lazy\"\/><\/p>\n<p>                    \u00dcber dieses Thema berichtet der MDR auch in schwerer Sprache: <\/p>\n<p>MDR Aktuell App | 13.07.2026 | 17:11 Uhr<\/p>\n","protected":false},"excerpt":{"rendered":"Sachsen Stand: 14.07.2026 12:20 Uhr Im Bundes-Land Sachsen hat es lange Zeit zu wenig geregnet.Deshalb haben:\u2022 viele Fl\u00fcsse\u2022&hellip;\n","protected":false},"author":2,"featured_media":1165801,"comment_status":"","ping_status":"","sticky":false,"template":"","format":"standard","meta":{"footnotes":"","_share_on_mastodon":"0"},"categories":[1835],"tags":[3364,29,2386,2265,49875,30,11607,11222,6401,859,5226,6404],"class_list":["post-1165800","post","type-post","status-publish","format-standard","has-post-thumbnail","category-dresden","tag-de","tag-deutschland","tag-dresden","tag-elbe","tag-fluesse","tag-germany","tag-hitze","tag-nachrichten-in-leichter-sprache","tag-niedrigwasser","tag-sachsen","tag-schifffahrt","tag-trockenheit"],"share_on_mastodon":{"url":"https:\/\/pubeurope.com\/@de\/116917895270413893","error":""},"_links":{"self":[{"href":"https:\/\/www.europesays.com\/de\/wp-json\/wp\/v2\/posts\/1165800","targetHints":{"allow":["GET"]}}],"collection":[{"href":"https:\/\/www.europesays.com\/de\/wp-json\/wp\/v2\/posts"}],"about":[{"href":"https:\/\/www.europesays.com\/de\/wp-json\/wp\/v2\/types\/post"}],"author":[{"embeddable":true,"href":"https:\/\/www.europesays.com\/de\/wp-json\/wp\/v2\/users\/2"}],"replies":[{"embeddable":true,"href":"https:\/\/www.europesays.com\/de\/wp-json\/wp\/v2\/comments?post=1165800"}],"version-history":[{"count":0,"href":"https:\/\/www.europesays.com\/de\/wp-json\/wp\/v2\/posts\/1165800\/revisions"}],"wp:featuredmedia":[{"embeddable":true,"href":"https:\/\/www.europesays.com\/de\/wp-json\/wp\/v2\/media\/1165801"}],"wp:attachment":[{"href":"https:\/\/www.europesays.com\/de\/wp-json\/wp\/v2\/media?parent=1165800"}],"wp:term":[{"taxonomy":"category","embeddable":true,"href":"https:\/\/www.europesays.com\/de\/wp-json\/wp\/v2\/categories?post=1165800"},{"taxonomy":"post_tag","embeddable":true,"href":"https:\/\/www.europesays.com\/de\/wp-json\/wp\/v2\/tags?post=1165800"}],"curies":[{"name":"wp","href":"https:\/\/api.w.org\/{rel}","templated":true}]}}