{"id":1165817,"date":"2026-07-14T10:47:18","date_gmt":"2026-07-14T10:47:18","guid":{"rendered":"https:\/\/www.europesays.com\/de\/1165817\/"},"modified":"2026-07-14T10:47:18","modified_gmt":"2026-07-14T10:47:18","slug":"duesseldorf-das-blaue-zimmer-im-nrw-forum","status":"publish","type":"post","link":"https:\/\/www.europesays.com\/de\/1165817\/","title":{"rendered":"D\u00fcsseldorf: Das blaue Zimmer im NRW-Forum\u00a0"},"content":{"rendered":"<p class=\"text_ohne_einzug richtext text-em-55 !leading-serif mx-6 desktop:mx-0\">Ein Raum komplett in Blau, dazu Vogelstimmen aus einem Naturschutzgebiet: Wer bei \u201eDie Grosse\u201c das NRW-Forum betritt, landet akustisch auf einem H\u00fcgel oberhalb von Bonn. Dort liegt die Alanus-Hochschule f\u00fcr Kunst und Gesellschaft, die in diesem Jahr erstmals mit einem eigenen Raum bei der traditionsreichen D\u00fcsseldorfer Kunstausstellung vertreten ist.<\/p>\n<p class=\"richtext text-em-55 !leading-serif mx-6 desktop:mx-0\">Bis zum 9. August zeigen elf Studierende rund 20 Arbeiten aus Malerei, Zeichnung, Collage und textiler Kunst. Betreut wird das Projekt von Professorin Frauke Dannert, die an der Alanus-Hochschule \u201eErweiterte Malerei\u201c lehrt. F\u00fcr \u201eDie Grosse\u201c ist die Zusammenarbeit ein Novum. \u201eEs ist unsere erste Kooperation mit einer privaten, staatlich anerkannten Kunsthochschule, und wir verlassen damit die klassische Rheinschiene\u201c, sagt Ausstellungsleiter Emmanuel Mir.<\/p>\n<p class=\"richtext text-em-55 !leading-serif mx-6 desktop:mx-0\">Dannert w\u00e4hlte die K\u00fcnstler beim Rundgang durch die Ateliers der Hochschule aus. Entscheidend war die Frage, welche k\u00fcnstlerischen Positionen miteinander f\u00fcr das Projekt funktionieren. Die Gruppe entwickelte anschlie\u00dfend eine gemeinsame Raumkonzeption, baute ein Modell im Ma\u00dfstab 1:20 und k\u00fcmmerte sich auch um Transport, Verpackung und die Abstimmung mit dem Ausstellungshaus.<\/p>\n<p class=\"richtext text-em-55 !leading-serif mx-6 desktop:mx-0\">Die Idee f\u00fcr den blauen Raum entstand aus der besonderen Lage der Alanus-Hochschule. Sie befindet sich unmittelbar neben einem Naturschutzgebiet mit Pferdekoppeln. Dieses Umfeld wollte die Gruppe nach D\u00fcsseldorf holen, allerdings nicht als gemaltes Landschaftspa\u00adnorama. Stattdessen greift die Gestaltung das Prinzip des \u201eChroma-Key-Verfahrens\u201c auf. In der Foto- und Filmproduktion werden blaue oder gr\u00fcne Hintergr\u00fcnde f\u00fcr Aufnahmen verwendet, weil diese sich am besten freistellen lassen und ideal f\u00fcr verschiedene Hintergr\u00fcnde sind. Im NRW-Forum wird das Blau zur Projektionsfl\u00e4che f\u00fcr die Vorstellungskraft der Besucher. \u201eGedanklich kann jeder einen anderen Hintergrund hinter die Arbeiten legen, zum Beispiel eine Wiese\u201c, erkl\u00e4rt Dannert.<\/p>\n<p class=\"richtext text-em-55 !leading-serif mx-6 desktop:mx-0\">So verschieden wie die Studienrichtungen sind auch die Arbeiten. Barlas Neumann (23) ist formal in der Bildhauerklasse eingeschrieben, versteht sich jedoch als Maler. F\u00fcr seine gro\u00dfformatigen Arbeiten verwendet er Fundst\u00fccke von der Stra\u00dfe, darunter MDF-Platten, die er auf gro\u00dfe Leinw\u00e4nde aufbringt, bemalt und mit reduzierten schwarzen Linien bearbeitet. \u201eMeine Bilder sprechen sehr tief aus mir heraus\u201c, erkl\u00e4rt Neumann, der halb T\u00fcrke und halb Deutscher ist und sich mit Identit\u00e4t, Verg\u00e4nglichkeit und der Banalit\u00e4t des Allt\u00e4glichen besch\u00e4ftigt.<\/p>\n<p class=\"richtext text-em-55 !leading-serif mx-6 desktop:mx-0\">Val\u00e9rie Linkweiler (25) studiert bei Professorin Dannert \u201eErweiterte Malerei\u201c. Sie zeigt Zeichnungen von Naturstrukturen, die sie durch extreme Nahsicht abstrahiert. Ihr Blick richtet sich auf Details der unmittelbaren Umgebung, die im Alltag leicht untergehen. Die Lage der Hochschule am Naturschutzgebiet wird so auch in ihren Arbeiten sichtbar.<\/p>\n<p class=\"richtext text-em-55 !leading-serif mx-6 desktop:mx-0\">Marwa Ben Aharon (28) kam von einem Kibbutz bei Haifa vor drei Jahren nach Deutschland. Nach einem Malereistudium an einer privaten Schule in <a href=\"https:\/\/rp-online.de\/thema\/basel\/\" rel=\"nofollow noopener\" target=\"_blank\">Basel<\/a> wechselte sie an die Alanus-Hochschule. Seit einem Semester untersucht sie eine einzelne Pflanze aus immer neuen Perspektiven. Ihre Arbeiten bewegen sich zwischen naturalistischer \u00d6lmalerei, Zeichnung, Muster und Abstraktion.<\/p>\n<p class=\"richtext text-em-55 !leading-serif mx-6 desktop:mx-0\">Elisa Gabelli (30) arbeitet mit filigranen Papierschnitten. Ihre transparent wirkenden Collagen verbinden menschliche Formen mit Strukturen aus der Natur.<\/p>\n<p class=\"richtext text-em-55 !leading-serif mx-6 desktop:mx-0\">Manuel Schlembach (29) n\u00e4ht gerne gro\u00dfformatige textile Bildobjekte. Im NRW-Forum ist unter anderem ein \u00fcberdimensioniertes B\u00fcgeleisen zu sehen. In seinen Arbeiten treffen Handwerk und h\u00e4uslicher Alltag auf Fragen nach sozialer Herkunft. Schlembach kam selbst \u00fcber Umwege zur Kunst. Er absolvierte zun\u00e4chst eine Ausbildung zum Elektroniker und arbeitete im Handwerk, bevor eine Verletzung seine langj\u00e4hrige Leidenschaft f\u00fcr das Skateboardfahren beendete und ihn zur Kunst brachte.<\/p>\n","protected":false},"excerpt":{"rendered":"Ein Raum komplett in Blau, dazu Vogelstimmen aus einem Naturschutzgebiet: Wer bei \u201eDie Grosse\u201c das NRW-Forum betritt, landet&hellip;\n","protected":false},"author":2,"featured_media":1165818,"comment_status":"","ping_status":"","sticky":false,"template":"","format":"standard","meta":{"footnotes":"","_share_on_mastodon":"0"},"categories":[1831],"tags":[24250,2076,244361,3364,29,3405,29360,258,30,29268,2766,2075,28974,11893,48536,7805,2705,244362,6237,7295,1209,244364,1678,244363,966],"class_list":["post-1165817","post","type-post","status-publish","format-standard","has-post-thumbnail","category-duesseldorf","tag-alanus","tag-ausstellung","tag-dannert","tag-de","tag-deutschland","tag-duesseldorf","tag-erstmals","tag-forum","tag-germany","tag-grosse","tag-hochschule","tag-kunst","tag-kunstakademie","tag-kunstausstellung","tag-kunsthochschule","tag-maler","tag-malerei","tag-malereistudium","tag-natur","tag-naturschutzgebiet","tag-nordrhein-westfalen","tag-oelmalerei","tag-raum","tag-raumkonzeption","tag-schule"],"share_on_mastodon":{"url":"https:\/\/pubeurope.com\/@de\/116917937528323133","error":""},"_links":{"self":[{"href":"https:\/\/www.europesays.com\/de\/wp-json\/wp\/v2\/posts\/1165817","targetHints":{"allow":["GET"]}}],"collection":[{"href":"https:\/\/www.europesays.com\/de\/wp-json\/wp\/v2\/posts"}],"about":[{"href":"https:\/\/www.europesays.com\/de\/wp-json\/wp\/v2\/types\/post"}],"author":[{"embeddable":true,"href":"https:\/\/www.europesays.com\/de\/wp-json\/wp\/v2\/users\/2"}],"replies":[{"embeddable":true,"href":"https:\/\/www.europesays.com\/de\/wp-json\/wp\/v2\/comments?post=1165817"}],"version-history":[{"count":0,"href":"https:\/\/www.europesays.com\/de\/wp-json\/wp\/v2\/posts\/1165817\/revisions"}],"wp:featuredmedia":[{"embeddable":true,"href":"https:\/\/www.europesays.com\/de\/wp-json\/wp\/v2\/media\/1165818"}],"wp:attachment":[{"href":"https:\/\/www.europesays.com\/de\/wp-json\/wp\/v2\/media?parent=1165817"}],"wp:term":[{"taxonomy":"category","embeddable":true,"href":"https:\/\/www.europesays.com\/de\/wp-json\/wp\/v2\/categories?post=1165817"},{"taxonomy":"post_tag","embeddable":true,"href":"https:\/\/www.europesays.com\/de\/wp-json\/wp\/v2\/tags?post=1165817"}],"curies":[{"name":"wp","href":"https:\/\/api.w.org\/{rel}","templated":true}]}}