{"id":1165861,"date":"2026-07-14T11:14:20","date_gmt":"2026-07-14T11:14:20","guid":{"rendered":"https:\/\/www.europesays.com\/de\/1165861\/"},"modified":"2026-07-14T11:14:20","modified_gmt":"2026-07-14T11:14:20","slug":"mette-marit-hach-lungentransplantation-aus-krankenhaus-entlassen-unterhaltung","status":"publish","type":"post","link":"https:\/\/www.europesays.com\/de\/1165861\/","title":{"rendered":"Mette-Marit hach Lungentransplantation aus Krankenhaus entlassen | Unterhaltung"},"content":{"rendered":"<p><a class=\"skip-content skip-content--link\" href=\"#in-content-skip-link-target-v-0-0\">TTS-Player \u00fcberspringen\u21b5<\/a><a id=\"in-content-skip-link-target-v-0-0\" class=\"skip-content--target-link-hidden skip-content skip-content--target-link\" href=\"#in-content-skip-link-target-v-0-0\">Artikel weiterlesen<\/a><\/p>\n<p data-32581ace=\"0-3662\">Oslo (Norwegen)\u00a0\u2013 <b>Erleichterung im norwegischen K\u00f6nigshaus und bei den Royal-Fans: Kronprinzessin Mette-Marit (52) ist nach ihrer erfolgreichen Lungentransplantation aus dem Rikshospitalet in Oslo entlassen worden. Das teilte das K\u00f6nigshaus am Dienstag mit.<\/b><\/p>\n<p data-32581ace=\"0-3662\">Die Entlassung erfolgte nach der Lungentransplantation der Kronprinzessin Mitte Juni. <a href=\"https:\/\/www.kongehuset.no\/presse\/pressemeldinger\/kronprinsessen-er-skrevet-ut-fra-rikshospitalet\" target=\"_blank\" rel=\"nofollow noopener\" class=\"text-link\">In einer pers\u00f6nlichen Erkl\u00e4rung <\/a>bedankt sich die Ehefrau von Kronprinz Haakon (52) bei ihrer Familie sowie dem medizinischen Personal f\u00fcr die Unterst\u00fctzung w\u00e4hrend des Klinikaufenthalts.<\/p>\n<p>Mehr zum ThemaMette-Marit zeigt sich dankbar<\/p>\n<p data-32581ace=\"0-3662\">\u201eIch bin zutiefst dankbar\u201c, so Mette-Marit in der offiziellen Mitteilung. \u201eZun\u00e4chst m\u00f6chte ich allen danken, die sich f\u00fcr eine Organspende entscheiden. Sie hat mir das Leben geschenkt. Worte reichen nicht aus, um zu beschreiben, wie dankbar und dem\u00fctig ich daf\u00fcr bin.\u201c Sie wolle au\u00dferdem die Gelegenheit nutzen, \u201eallen zu danken, die mich auf diesem langen Weg begleitet haben \u2013 meiner Familie, den \u00c4rzten, Chirurgen, Pflegekr\u00e4ften, Physiotherapeuten und dem gesamten medizinischen Personal sowie all jenen, die sich jeden Tag mit unersetzlichem Einsatz f\u00fcr das norwegische Gesundheitswesen engagieren\u201c. <\/p>\n<p><img decoding=\"async\" width=\"992\" height=\"558\" alt=\"Mette-Marit und ihr Mann, Kronprinz Haakon (52), haben schwere Zeiten hinter sich. Weil sich ihre Lungenfibrose dramatisch verschlechtert hatte, bekam die Kronprinzessin eine Lungentransplantation. Diese fand Mitte Juni statt\" loading=\"lazy\" src=\"https:\/\/www.europesays.com\/de\/wp-content\/uploads\/2026\/07\/595aca19144cb4376897e883ede76e52,e2af28fe.jpeg\"   class=\"landscape\"\/><\/p>\n<p class=\"fig__caption__text\">Mette-Marit und ihr Mann, Kronprinz Haakon (52), haben schwere Zeiten hinter sich. Weil sich ihre Lungenfibrose dramatisch verschlechtert hatte, bekam die Kronprinzessin eine Lungentransplantation. Diese fand Mitte Juni statt<\/p>\n<p>Foto: Ole Berg-Rusten\/NTB\/dpa<\/p>\n<p data-32581ace=\"0-3662\">Mette-Marit wisse die Anteilnahme, die sie w\u00e4hrend ihrer Krankheit von so vielen Menschen aus ganz <a href=\"https:\/\/www.bild.de\/themen\/personen\/mette-marit-kronprinzessin-von-norwegen-alle-news-und-infos-y0mzAMf6vmd4RfhDFGSe\" class=\"text-link\" rel=\"nofollow noopener\" target=\"_blank\">Norwegen<\/a> erfahren habe, \u201esehr zu sch\u00e4tzen\u201c, hei\u00dft es. \u201eSie hat mir Kraft gegeben, als ich sie am dringendsten gebraucht habe.\u201c<\/p>\n<p>Mehr zum ThemaHaakon: \u201eEs ist eine gro\u00dfe Erleichterung\u201c<\/p>\n<p data-32581ace=\"0-3662\">Auch ihr Mann, <a href=\"https:\/\/www.bild.de\/themen\/personen\/haakon-von-norwegen\/royals-nachrichten-news-fotos-videos-19128532.bild.html\" class=\"text-link\" rel=\"nofollow noopener\" target=\"_blank\">Kronprinz Haakon<\/a>, gab eine Erkl\u00e4rung ab. Er teilte mit: \u201eEs ist eine gro\u00dfe Erleichterung, die Kronprinzessin wieder nach Hause holen zu k\u00f6nnen. Wir alle sind sehr gl\u00fccklich dar\u00fcber, dass die erste Phase so gut verlaufen ist. Au\u00dferdem sind wir zutiefst beeindruckt vom Osloer Universit\u00e4tsklinikum. Auch wenn wir wissen, dass noch ein langer Weg der Genesung vor uns liegt und Komplikationen auftreten k\u00f6nnen, f\u00fchlt es sich sehr gut an, bereits so weit gekommen zu sein.\u201c<\/p>\n<p><img decoding=\"async\" width=\"992\" height=\"558\" alt=\"Das Rikshospitalet in Oslo, in dem Mette-Marit operiert wurde\" loading=\"lazy\" src=\"https:\/\/www.europesays.com\/de\/wp-content\/uploads\/2026\/07\/bf4acdd6885f44514fa09e37ef0ddef5,56ac249c.jpeg\"   class=\"landscape\"\/><\/p>\n<p class=\"fig__caption__text\">Das Rikshospitalet in Oslo, in dem Mette-Marit operiert wurde<\/p>\n<p>Foto: Stian Lysberg Solum\/NTB Scanpix via AP<\/p>\n<p>Mette-Marit: Erst einmal keine offiziellen Termine<\/p>\n<p data-32581ace=\"0-3662\">Der Gesundheitszustand der Kronprinzessin sei den Umst\u00e4nden entsprechend gut, erkl\u00e4rt Are Holm, Abteilungsleiter der Lungenabteilung des Rikshospitalet. In den kommenden sechs Monaten werde die Kronprinzessin intensiv rehabilitiert und engmaschig medizinisch \u00fcberwacht, um m\u00f6gliche Komplikationen wie Absto\u00dfungsreaktionen und Infektionen fr\u00fchzeitig zu erkennen. \u201eIm Normalfall dauert es oft etwa ein Jahr, bis sich der Zustand stabilisiert\u201c, hei\u00dft es weiter. <\/p>\n<p data-32581ace=\"0-3662\">W\u00e4hrend der Reha wird Mette-Marit keine offiziellen Termine wahrnehmen. Kronprinz Haakon wird seine royalen Verpflichtungen zwar fortsetzen, sich aber Zeit nehmen, \u201eum bei der Kronprinzessin sein zu k\u00f6nnen\u201c.<\/p>\n<p>Marius darf mit Fu\u00dffessel in den Hausarrest<\/p>\n<p data-32581ace=\"0-3662\">Wer jetzt auch bei seiner Mutter sein will, ist ihr Skandal-Sohn Marius (29). Er ist aktuell in Untersuchungshaft, wurde Mitte Juni in einem aufsehenerregenden Prozess zu vier Jahren Haft verurteilt (u.\u00a0a. wegen zweier Vergewaltigungen nach norwegischem Recht und Gewalt und Misshandlung gegen\u00fcber einer Ex-Freundin). Das Urteil ist noch nicht rechtskr\u00e4ftig, da Marius Borg H\u00f8iby Berufung eingelegt hat. <\/p>\n<p><img decoding=\"async\" width=\"992\" height=\"739\" alt=\"Kronprinzessin Mette-Marit (l., heute 52, damals 48) und ihr Sohn Marius Borg H\u00f8iby (r., heute 29, damals 25) beim gemeinsamen Besuch einer Gala in Oslo 2022\" loading=\"lazy\" src=\"https:\/\/www.europesays.com\/de\/wp-content\/uploads\/2026\/07\/5f286b531e907e8b6eecce3228acee81,661e7909.jpeg\"   class=\"dynamic\"\/><\/p>\n<p class=\"fig__caption__text\">Kronprinzessin Mette-Marit (l., heute 52, damals 48) und ihr Sohn Marius Borg H\u00f8iby (r., heute 29, damals 25) beim gemeinsamen Besuch einer Gala in Oslo 2022<\/p>\n<p>Foto: danapress<\/p>\n<p>Mehr zum Thema<\/p>\n<p data-32581ace=\"0-3662\">Das Gericht in Oslo entschied am Montag (13. Juli), dass er die Untersuchungshaft zwar weitere vier Wochen fortsetzen muss, allerdings muss er daf\u00fcr nicht mehr im Gef\u00e4ngnis bleiben. Er darf mit einer Fu\u00dffessel in den Hausarrest. Dagegen legte die Staatsanwaltschaft formell Berufung ein. Doch am Dienstagmorgen wurde klar: Die Staatsanwaltschaft verzichtet nun doch auf eine Berufung gegen das Urteil des Landgerichts. Damit wird Mette-Marits Sohn gestattet, seine Haftstrafe mit elektronischer \u00dcberwachung in seinem Haus in Skaugum zu verb\u00fc\u00dfen.<\/p>\n","protected":false},"excerpt":{"rendered":"TTS-Player \u00fcberspringen\u21b5Artikel weiterlesen Oslo (Norwegen)\u00a0\u2013 Erleichterung im norwegischen K\u00f6nigshaus und bei den Royal-Fans: Kronprinzessin Mette-Marit (52) ist nach&hellip;\n","protected":false},"author":2,"featured_media":1165862,"comment_status":"","ping_status":"","sticky":false,"template":"","format":"standard","meta":{"footnotes":"","_share_on_mastodon":"0"},"categories":[155],"tags":[29,214,30,1916,1915,913,1917,138370,215],"class_list":["post-1165861","post","type-post","status-publish","format-standard","has-post-thumbnail","category-unterhaltung","tag-deutschland","tag-entertainment","tag-germany","tag-haakon-von-norwegen","tag-mette-marit","tag-norwegen","tag-norwegische-royals","tag-team-first","tag-unterhaltung"],"share_on_mastodon":{"url":"","error":""},"_links":{"self":[{"href":"https:\/\/www.europesays.com\/de\/wp-json\/wp\/v2\/posts\/1165861","targetHints":{"allow":["GET"]}}],"collection":[{"href":"https:\/\/www.europesays.com\/de\/wp-json\/wp\/v2\/posts"}],"about":[{"href":"https:\/\/www.europesays.com\/de\/wp-json\/wp\/v2\/types\/post"}],"author":[{"embeddable":true,"href":"https:\/\/www.europesays.com\/de\/wp-json\/wp\/v2\/users\/2"}],"replies":[{"embeddable":true,"href":"https:\/\/www.europesays.com\/de\/wp-json\/wp\/v2\/comments?post=1165861"}],"version-history":[{"count":0,"href":"https:\/\/www.europesays.com\/de\/wp-json\/wp\/v2\/posts\/1165861\/revisions"}],"wp:featuredmedia":[{"embeddable":true,"href":"https:\/\/www.europesays.com\/de\/wp-json\/wp\/v2\/media\/1165862"}],"wp:attachment":[{"href":"https:\/\/www.europesays.com\/de\/wp-json\/wp\/v2\/media?parent=1165861"}],"wp:term":[{"taxonomy":"category","embeddable":true,"href":"https:\/\/www.europesays.com\/de\/wp-json\/wp\/v2\/categories?post=1165861"},{"taxonomy":"post_tag","embeddable":true,"href":"https:\/\/www.europesays.com\/de\/wp-json\/wp\/v2\/tags?post=1165861"}],"curies":[{"name":"wp","href":"https:\/\/api.w.org\/{rel}","templated":true}]}}