{"id":1165887,"date":"2026-07-14T11:30:12","date_gmt":"2026-07-14T11:30:12","guid":{"rendered":"https:\/\/www.europesays.com\/de\/1165887\/"},"modified":"2026-07-14T11:30:12","modified_gmt":"2026-07-14T11:30:12","slug":"spar-plan-der-bundesregierung-warum-mannheimer-vereine-alarm-schlagen-mannheim","status":"publish","type":"post","link":"https:\/\/www.europesays.com\/de\/1165887\/","title":{"rendered":"Spar-Plan der Bundesregierung: Warum Mannheimer Vereine Alarm schlagen &#8211; Mannheim"},"content":{"rendered":"<p class=\"rhp-dpa-teaser\"><b>Die Bundesregierung will Geld sparen, indem sie bei sozialen Hilfsangeboten  k\u00fcrzt. Das k\u00f6nnte am Ende sogar mehr  kosten, sagt der Parit\u00e4tische Wohlfahrtsverband Mannheim.<\/b><\/p>\n<p>Sparvorschl\u00e4ge im Sozialbereich bringen aktuell den Parit\u00e4tischen Wohlfahrtsverband Mannheim auf die Palme. \u201eUnsere Mitgliedsorganisationen w\u00e4ren alle betroffen. Entweder unmittelbar oder dann indirekt in der Nachsorge\u201c, sagt Philip Gerber, Vorstand des Kreisverbands Mannheim der Dachorganisation.   Bereits im April kam eine Streichliste mit mehr als 70 K\u00fcrzungsvorschl\u00e4gen aus dem Bundeskanzleramt ans Licht. Individuelle Rechtsanspr\u00fcche auf Schulbegleitung sollen gestrichen, das Wunsch- und Wahlrecht von Menschen mit Behinderungen<\/p>\n<p class=\"rhp-teaser\"><b>Die Bundesregierung will Geld sparen, indem sie bei sozialen Hilfsangeboten  k\u00fcrzt. Das k\u00f6nnte am Ende sogar mehr  kosten, sagt der Parit\u00e4tische Wohlfahrtsverband Mannheim.<\/b><\/p>\n","protected":false},"excerpt":{"rendered":"Die Bundesregierung will Geld sparen, indem sie bei sozialen Hilfsangeboten k\u00fcrzt. Das k\u00f6nnte am Ende sogar mehr kosten,&hellip;\n","protected":false},"author":2,"featured_media":1165888,"comment_status":"","ping_status":"","sticky":false,"template":"","format":"standard","meta":{"footnotes":"","_share_on_mastodon":"0"},"categories":[1845],"tags":[186738,1634,12845,1173,244373,3364,29,548,663,3934,30,13,4060,2096,14,15,244372,12],"class_list":["post-1165887","post","type-post","status-publish","format-standard","has-post-thumbnail","category-mannheim","tag-anja-koch","tag-baden-wuerttemberg","tag-bundeskanzleramt","tag-bundesregierung","tag-daniela-baum","tag-de","tag-deutschland","tag-eu","tag-europa","tag-europe","tag-germany","tag-headlines","tag-lokal","tag-mannheim","tag-nachrichten","tag-news","tag-philip-gerber","tag-schlagzeilen"],"share_on_mastodon":{"url":"https:\/\/pubeurope.com\/@de\/116918106673124892","error":""},"_links":{"self":[{"href":"https:\/\/www.europesays.com\/de\/wp-json\/wp\/v2\/posts\/1165887","targetHints":{"allow":["GET"]}}],"collection":[{"href":"https:\/\/www.europesays.com\/de\/wp-json\/wp\/v2\/posts"}],"about":[{"href":"https:\/\/www.europesays.com\/de\/wp-json\/wp\/v2\/types\/post"}],"author":[{"embeddable":true,"href":"https:\/\/www.europesays.com\/de\/wp-json\/wp\/v2\/users\/2"}],"replies":[{"embeddable":true,"href":"https:\/\/www.europesays.com\/de\/wp-json\/wp\/v2\/comments?post=1165887"}],"version-history":[{"count":0,"href":"https:\/\/www.europesays.com\/de\/wp-json\/wp\/v2\/posts\/1165887\/revisions"}],"wp:featuredmedia":[{"embeddable":true,"href":"https:\/\/www.europesays.com\/de\/wp-json\/wp\/v2\/media\/1165888"}],"wp:attachment":[{"href":"https:\/\/www.europesays.com\/de\/wp-json\/wp\/v2\/media?parent=1165887"}],"wp:term":[{"taxonomy":"category","embeddable":true,"href":"https:\/\/www.europesays.com\/de\/wp-json\/wp\/v2\/categories?post=1165887"},{"taxonomy":"post_tag","embeddable":true,"href":"https:\/\/www.europesays.com\/de\/wp-json\/wp\/v2\/tags?post=1165887"}],"curies":[{"name":"wp","href":"https:\/\/api.w.org\/{rel}","templated":true}]}}