{"id":1165963,"date":"2026-07-14T12:11:17","date_gmt":"2026-07-14T12:11:17","guid":{"rendered":"https:\/\/www.europesays.com\/de\/1165963\/"},"modified":"2026-07-14T12:11:17","modified_gmt":"2026-07-14T12:11:17","slug":"landeshauptstadt-stuttgart-fuehrt-schulstrassen-an-zwei-grundschulen-ein","status":"publish","type":"post","link":"https:\/\/www.europesays.com\/de\/1165963\/","title":{"rendered":"Landeshauptstadt Stuttgart f\u00fchrt Schulstra\u00dfen an zwei Grundschulen ein"},"content":{"rendered":"<p>Neben den zeitweisen Verkehrsbeschr\u00e4nkungen umfasst das Konzept auch eine kinderfreundliche Gestaltung des Stra\u00dfenraums. Farblich gestaltete Eingangsbereiche und Elemente auf der Fahrbahn sollen den Schulweg besser erkennbar machen und die Aufenthaltsqualit\u00e4t f\u00fcr Kinder verbessern.<\/p>\n<p>Mit den Schulstra\u00dfen verfolgt die Stadt mehrere Ziele: Sie sollen den Schulweg sicherer machen sowie die Selbstst\u00e4ndigkeit und Eigenverantwortung von Sch\u00fclerinnen und Sch\u00fclern f\u00f6rdern.<\/p>\n<p>Parallel zu den Pilotprojekten entwickelt die Stadt ein Konzept f\u00fcr die schrittweise Einf\u00fchrung weiterer Schulstra\u00dfen. Dieses soll die Erfahrungen aus den beiden Pilotstandorten auswerten und in einem Stuttgarter Leitfaden f\u00fcr Schulstra\u00dfen zusammenf\u00fchren. Der Leitfaden soll als strategischer Rahmen f\u00fcr k\u00fcnftige Schulstra\u00dfen dienen und unter anderem Hinweise zur Planung, Kommunikation sowie zur Einbindung von Schulen, Eltern und Anwohnenden enthalten.<\/p>\n","protected":false},"excerpt":{"rendered":"Neben den zeitweisen Verkehrsbeschr\u00e4nkungen umfasst das Konzept auch eine kinderfreundliche Gestaltung des Stra\u00dfenraums. Farblich gestaltete Eingangsbereiche und Elemente&hellip;\n","protected":false},"author":2,"featured_media":4018,"comment_status":"","ping_status":"","sticky":false,"template":"","format":"standard","meta":{"footnotes":"","_share_on_mastodon":"0"},"categories":[1830],"tags":[4568,9147,1634,3364,29,30,244383,244384,966,1978,55462,57569,71063,10855,21686,106484,244387,244388,30457,634,244385,1441,601,244386],"class_list":["post-1165963","post","type-post","status-publish","format-standard","has-post-thumbnail","category-stuttgart","tag-schulen","tag-blitzer","tag-baden-wuerttemberg","tag-de","tag-deutschland","tag-germany","tag-lkw-verkehr","tag-pkw-verkehr","tag-schule","tag-schueler","tag-schulkinder","tag-schulklasse","tag-schulklassen","tag-schulstrasse","tag-schulweg","tag-schulwege","tag-schulwegeplan","tag-schulwegeplaene","tag-strassennetz","tag-strassenverkehr","tag-strassenverkehrsangelegenheiten","tag-stuttgart","tag-verkehr","tag-verkehrsflaechen"],"share_on_mastodon":{"url":"https:\/\/pubeurope.com\/@de\/116918267851041854","error":""},"_links":{"self":[{"href":"https:\/\/www.europesays.com\/de\/wp-json\/wp\/v2\/posts\/1165963","targetHints":{"allow":["GET"]}}],"collection":[{"href":"https:\/\/www.europesays.com\/de\/wp-json\/wp\/v2\/posts"}],"about":[{"href":"https:\/\/www.europesays.com\/de\/wp-json\/wp\/v2\/types\/post"}],"author":[{"embeddable":true,"href":"https:\/\/www.europesays.com\/de\/wp-json\/wp\/v2\/users\/2"}],"replies":[{"embeddable":true,"href":"https:\/\/www.europesays.com\/de\/wp-json\/wp\/v2\/comments?post=1165963"}],"version-history":[{"count":0,"href":"https:\/\/www.europesays.com\/de\/wp-json\/wp\/v2\/posts\/1165963\/revisions"}],"wp:featuredmedia":[{"embeddable":true,"href":"https:\/\/www.europesays.com\/de\/wp-json\/wp\/v2\/media\/4018"}],"wp:attachment":[{"href":"https:\/\/www.europesays.com\/de\/wp-json\/wp\/v2\/media?parent=1165963"}],"wp:term":[{"taxonomy":"category","embeddable":true,"href":"https:\/\/www.europesays.com\/de\/wp-json\/wp\/v2\/categories?post=1165963"},{"taxonomy":"post_tag","embeddable":true,"href":"https:\/\/www.europesays.com\/de\/wp-json\/wp\/v2\/tags?post=1165963"}],"curies":[{"name":"wp","href":"https:\/\/api.w.org\/{rel}","templated":true}]}}