{"id":1165996,"date":"2026-07-14T12:31:19","date_gmt":"2026-07-14T12:31:19","guid":{"rendered":"https:\/\/www.europesays.com\/de\/1165996\/"},"modified":"2026-07-14T12:31:19","modified_gmt":"2026-07-14T12:31:19","slug":"ikkimel-im-zdf-kuriose-performance-der-rapperin-kommt-in-den-usa-gut-an","status":"publish","type":"post","link":"https:\/\/www.europesays.com\/de\/1165996\/","title":{"rendered":"Ikkimel im ZDF: Kuriose Performance der Rapperin kommt in den USA gut an"},"content":{"rendered":"<p>Video geht viral <\/p>\n<p>Kurioser Auftritt im ZDF: Rapperin Ikkimel wird in den USA gefeiert<\/p>\n<p>14.07.2026 &#8211; 13:39 UhrLesedauer: 2 Min.<\/p>\n<p><a href=\"#focus-0\" class=\"transition-colors block text-current relative\" data-sctrack=\"FocusGalleryImage.Reference\"><img fetchpriority=\"high\" data-testid=\"Opener.Image\"   loading=\"eager\" src=\"https:\/\/www.europesays.com\/de\/wp-content\/uploads\/2026\/07\/ikkimel-archivbild-sie-erlangte-in-den-vergangenen-tagen-in-den-usa-eine-groessere-bekanntheit.jpg\" alt=\"Ikkimel (Archivbild): Sie erlangte in den vergangenen Tagen in den USA eine gr\u00f6\u00dfere Bekanntheit.\" title=\"Ikkimel (Archivbild): Sie erlangte in den vergangenen Tagen in den USA eine gr\u00f6\u00dfere Bekanntheit.\" width=\"4307\" height=\"2423\" class=\"bg-[url:var(--lqipURL)] bg-cover bg-center flex h-full w-full max-w-full\" style=\"--lqipURL:url('https:\/\/images.t-online.de\/2026\/07\/J7KJwistCQyb\/679x330:4307x2423\/fit-in\/150x0\/filters:blur(25)\/ikkimel-archivbild-sie-erlangte-in-den-vergangenen-tagen-in-den-usa-eine-groessere-bekanntheit.jpg')\" decoding=\"async\"\/><img loading=\"lazy\" src=\"https:\/\/berlin.t-online.de\/s\/paper\/_next\/static\/media\/zoom-in.f7dae02f.svg\" alt=\"Vergr\u00f6\u00dfern des Bildes\" title=\"Vergr\u00f6\u00dfern des Bildes\" class=\"block h-[calc(var(--height)_\/_16_*_1rem)] w-[calc(var(--width)_\/_16_*_1rem)] max-w-none absolute right-8 bottom-8 rounded-4 bg-snow p-8\" style=\"--width:32;--height:32\" decoding=\"async\"\/><\/a><\/p>\n<p>Ikkimel (Archivbild): Sie erlangte in den vergangenen Tagen in den USA eine gr\u00f6\u00dfere Bekanntheit. (Quelle: IMAGO\/Gartner)<\/p>\n<p><img loading=\"lazy\" src=\"https:\/\/berlin.t-online.de\/s\/paper\/_next\/static\/media\/audio-volume.6689034c.svg\" alt=\"\" title=\"\" class=\"block h-[calc(var(--height)_\/_16_*_1rem)] w-[calc(var(--width)_\/_16_*_1rem)] max-w-none group-hover:brightness-0 group-hover:invert\" style=\"--width:16;--height:16\" decoding=\"async\"\/>Vorlesen<\/p>\n<p>Aktuelle Zeit:0:00Gesamtdauer:0:00<\/p>\n<p>1x<\/p>\n<p class=\"text-center\">Jetzt neu bei t-online:<\/p>\n<p class=\"text-center\">Schriftgr\u00f6\u00dfe anpassen!<\/p>\n<p><img loading=\"lazy\" src=\"https:\/\/berlin.t-online.de\/s\/paper\/_next\/static\/media\/font-sizes.32942e33.svg\" alt=\"\" title=\"\" class=\"block h-[calc(var(--height)_\/_16_*_1rem)] w-[calc(var(--width)_\/_16_*_1rem)] max-w-none group-hover:hidden group-aria-expanded:hidden\" style=\"--width:16;--height:16\" decoding=\"async\"\/><img loading=\"lazy\" src=\"https:\/\/berlin.t-online.de\/s\/paper\/_next\/static\/media\/font-sizes-dark-mode.e382645c.svg\" alt=\"\" title=\"\" class=\"block h-[calc(var(--height)_\/_16_*_1rem)] w-[calc(var(--width)_\/_16_*_1rem)] max-w-none hidden group-hover:block group-aria-expanded:block\" style=\"--width:16;--height:16\" decoding=\"async\"\/><img loading=\"lazy\" src=\"https:\/\/berlin.t-online.de\/s\/paper\/_next\/static\/media\/sharing-menu-icon.1eb71368.svg\" alt=\"\" title=\"\" class=\"block h-[calc(var(--height)_\/_16_*_1rem)] w-[calc(var(--width)_\/_16_*_1rem)] max-w-none group-hover:brightness-0 group-hover:invert\" style=\"--width:16;--height:16\" decoding=\"async\"\/>Artikel teilen<\/p>\n<p class=\"font-bold text-18 leading-17 user-text-lg:text-22 user-text-xl:text-24\">In Deutschland ist f\u00fcr ihre provokanten und tabubrechenden Texte bekannt. Nun werden auch einige Menschen in den USA auf Ikkimel aufmerksam.<\/p>\n<p class=\"text-18 leading-17 user-text-lg:text-22 user-text-xl:text-24\">Die Berliner Rapperin Ikkimel wird aktuell in den USA gefeiert. Grund daf\u00fcr ist der provokante Auftritt der Musikerin im ZDF-&#8222;Morgenmagazin&#8220; vor ein paar Tagen. Ein Video davon wurde von &#8222;ZDFheute&#8220; auf der Plattform TikTok gepostet. Dieses wurde nun von der US-Rapperin Doecii geteilt. Ihr folgen rund sechs Millionen Menschen. Mittlerweile haben das Video dort 4,4 Millionen Menschen gesehen.<\/p>\n<p class=\"text-18 leading-17 user-text-lg:text-22 user-text-xl:text-24\">Ikkimel, b\u00fcrgerlich Melina Gaby Strau\u00df, stammt aus Tempelhof. In der sogenannten WM-Arena des &#8222;Morgenmagazins&#8220; hatte sie fr\u00fchmorgens ihr Lied &#8222;Fu\u00dfballm\u00e4nner&#8220; pr\u00e4sentiert. Darin rappt die Berlinerin Zeilen wie &#8222;Fu\u00dfballm\u00e4nner, alles Penner. Bierbauch, Bratwurst, leckerschmecker&#8220; und &#8222;Lattenkracher, Mertesacker, Tiki-Taka in &#8217;nem Tanga&#8220;. In dem geposteten Video ist zu sehen, wie einige Zuschauer im TV-Studio wegen des Auftritts auff\u00e4llig regungslos oder verwundert sind.<\/p>\n<p>Empfohlener externer InhaltTikTok<\/p>\n<p class=\"text-14 leading-15\">Wir ben\u00f6tigen Ihre Einwilligung, um den von unserer Redaktion eingebundenen TikTok-Inhalt anzuzeigen. Sie k\u00f6nnen diesen (und damit auch alle weiteren TikTok-Inhalte auf t-online.de) mit einem Klick anzeigen lassen und auch wieder deaktivieren.<\/p>\n<p>TikTok-Inhalte immer anzeigen<\/p>\n<p>Ich bin damit einverstanden, dass mir externe Inhalte angezeigt werden. Damit k\u00f6nnen personenbezogene Daten an Drittplattformen \u00fcbermittelt werden. <a href=\"https:\/\/www.t-online.de\/datenschutz\/id_88397036\/index#17-externe-inhalte\" target=\"_blank\" class=\"transition-colors text-magenta\" rel=\"nofollow noopener\">Mehr dazu in unseren Datenschutzhinweisen<\/a>.<\/p>\n<p class=\"text-18 leading-17 user-text-lg:text-22 user-text-xl:text-24\">Anders die Nutzer der Plattform TikTok in den USA. Eine Userin schreibt etwa auf Englisch: &#8222;Ich bin verwirrt \u2013 wieso ist das peinlich? Sie hat abgeliefert&#8220;. Eine andere kommentiert: &#8222;Bringt diese Queen SOFORT nach Amerika \u2013 hier w\u00fcrden wir sie mehr zu sch\u00e4tzen wissen.&#8220; Andere fragen sich, warum die Zuschauer im Publikum so irritiert sind: &#8222;Die Zuschauer verstehen sie nicht, aber ich schon&#8220; oder &#8222;Warum tanzt niemand&#8220;?<\/p>\n<p>Ikkimel: Provokante und sexualisierte Texte<\/p>\n<p class=\"text-18 leading-17 user-text-lg:text-22 user-text-xl:text-24\">Ikkimel ist bekannt f\u00fcr ihre provokanten und sexualisierten Deutschrap-Texte. Der Durchbruch gelang ihr 2023, nach der Ver\u00f6ffentlichung ihrer ersten EP &#8222;Aszendent Bitch&#8220;. Ihre Single &#8222;Keta und Krawall&#8220; stieg in die deutschen Charts ein und brachte sie schlagartig in die \u00f6ffentliche Diskussion. Ihre Songs werden auf den Streamingplattformen millionenfach geklickt.<\/p>\n<p class=\"text-18 leading-17 user-text-lg:text-22 user-text-xl:text-24\">Doechii, die das Video geteilt hat, ist unter anderem bekannt durch den viralen Ohrwurm &#8222;Anxiety&#8220; und wurde 2025 bei den Black Entertainment Television (BET) als beste Hip-Hop-K\u00fcnstlerin ausgezeichnet. Im selben Jahr erhielt sie einen Grammy f\u00fcr das beste Rap-Album und das beste Musikvideo.<\/p>\n","protected":false},"excerpt":{"rendered":"Video geht viral Kurioser Auftritt im ZDF: Rapperin Ikkimel wird in den USA gefeiert 14.07.2026 &#8211; 13:39 UhrLesedauer:&hellip;\n","protected":false},"author":2,"featured_media":1165997,"comment_status":"","ping_status":"","sticky":false,"template":"","format":"standard","meta":{"footnotes":"","_share_on_mastodon":"0"},"categories":[1772],"tags":[29,214,30,142631,1779,810,4846,151,215,64,1448],"class_list":["post-1165996","post","type-post","status-publish","format-standard","has-post-thumbnail","category-musik","tag-deutschland","tag-entertainment","tag-germany","tag-melina-gaby-strauss","tag-music","tag-musik","tag-tempelhof","tag-tiktok","tag-unterhaltung","tag-usa","tag-zdf"],"share_on_mastodon":{"url":"https:\/\/pubeurope.com\/@de\/116918348795436465","error":""},"_links":{"self":[{"href":"https:\/\/www.europesays.com\/de\/wp-json\/wp\/v2\/posts\/1165996","targetHints":{"allow":["GET"]}}],"collection":[{"href":"https:\/\/www.europesays.com\/de\/wp-json\/wp\/v2\/posts"}],"about":[{"href":"https:\/\/www.europesays.com\/de\/wp-json\/wp\/v2\/types\/post"}],"author":[{"embeddable":true,"href":"https:\/\/www.europesays.com\/de\/wp-json\/wp\/v2\/users\/2"}],"replies":[{"embeddable":true,"href":"https:\/\/www.europesays.com\/de\/wp-json\/wp\/v2\/comments?post=1165996"}],"version-history":[{"count":0,"href":"https:\/\/www.europesays.com\/de\/wp-json\/wp\/v2\/posts\/1165996\/revisions"}],"wp:featuredmedia":[{"embeddable":true,"href":"https:\/\/www.europesays.com\/de\/wp-json\/wp\/v2\/media\/1165997"}],"wp:attachment":[{"href":"https:\/\/www.europesays.com\/de\/wp-json\/wp\/v2\/media?parent=1165996"}],"wp:term":[{"taxonomy":"category","embeddable":true,"href":"https:\/\/www.europesays.com\/de\/wp-json\/wp\/v2\/categories?post=1165996"},{"taxonomy":"post_tag","embeddable":true,"href":"https:\/\/www.europesays.com\/de\/wp-json\/wp\/v2\/tags?post=1165996"}],"curies":[{"name":"wp","href":"https:\/\/api.w.org\/{rel}","templated":true}]}}