{"id":1166078,"date":"2026-07-14T13:21:24","date_gmt":"2026-07-14T13:21:24","guid":{"rendered":"https:\/\/www.europesays.com\/de\/1166078\/"},"modified":"2026-07-14T13:21:24","modified_gmt":"2026-07-14T13:21:24","slug":"adac-test-rastplaetze-bei-nuernberg-fallen-im-bayern-vergleich-durch","status":"publish","type":"post","link":"https:\/\/www.europesays.com\/de\/1166078\/","title":{"rendered":"ADAC-Test: Rastpl\u00e4tze bei N\u00fcrnberg fallen im Bayern-Vergleich durch"},"content":{"rendered":"<p>ADAC-Test <\/p>\n<p>So schlecht schneiden Rastpl\u00e4tze bei N\u00fcrnberg ab<\/p>\n<p>14.07.2026 &#8211; 14:44 UhrLesedauer: 2 Min.<\/p>\n<p><a href=\"#focus-0\" class=\"transition-colors block text-current relative\" data-sctrack=\"FocusGalleryImage.Reference\"><img fetchpriority=\"high\" data-testid=\"Opener.Image\"   loading=\"eager\" src=\"https:\/\/www.europesays.com\/de\/wp-content\/uploads\/2026\/07\/lkws-auf-einer-raststaette-symbolbild-jedes-jahr-gehen-mehr-lkw-fahrer-in-den-ruhestand-als-neue-nac.jpeg\" alt=\"Lkws auf einer Rastst\u00e4tte (Symbolbild): Jedes Jahr gehen mehr Lkw-Fahrer in den Ruhestand als neue nachkommen.\" title=\"Lkws auf einer Rastst\u00e4tte (Symbolbild): Jedes Jahr gehen mehr Lkw-Fahrer in den Ruhestand als neue nachkommen.\" width=\"4000\" height=\"2250\" class=\"bg-[url:var(--lqipURL)] bg-cover bg-center flex h-full w-full max-w-full\" style=\"--lqipURL:url('https:\/\/images.t-online.de\/2025\/12\/NiT0y1OUbdSI\/0x417:4000x2250\/fit-in\/150x0\/filters:blur(25)\/lkws-auf-einer-raststaette-symbolbild-jedes-jahr-gehen-mehr-lkw-fahrer-in-den-ruhestand-als-neue-nachkommen.jpg')\" decoding=\"async\"\/><img loading=\"lazy\" src=\"https:\/\/nuernberg.t-online.de\/s\/paper\/_next\/static\/media\/zoom-in.f7dae02f.svg\" alt=\"Vergr\u00f6\u00dfern des Bildes\" title=\"Vergr\u00f6\u00dfern des Bildes\" class=\"block h-[calc(var(--height)_\/_16_*_1rem)] w-[calc(var(--width)_\/_16_*_1rem)] max-w-none absolute right-8 bottom-8 rounded-4 bg-snow p-8\" style=\"--width:32;--height:32\" decoding=\"async\"\/><\/a><\/p>\n<p>Lkws auf einer Rastst\u00e4tte (Symbolbild): Wie schneiden Frankens Anlagen ab? (Quelle: IMAGO\/Frank Hoermann \/ SVEN SIMON\/imago-images-bilder)<\/p>\n<p><img loading=\"lazy\" src=\"https:\/\/nuernberg.t-online.de\/s\/paper\/_next\/static\/media\/audio-volume.6689034c.svg\" alt=\"\" title=\"\" class=\"block h-[calc(var(--height)_\/_16_*_1rem)] w-[calc(var(--width)_\/_16_*_1rem)] max-w-none group-hover:brightness-0 group-hover:invert\" style=\"--width:16;--height:16\" decoding=\"async\"\/>Vorlesen<\/p>\n<p>Aktuelle Zeit:0:00Gesamtdauer:0:00<\/p>\n<p>1x<\/p>\n<p class=\"text-center\">Jetzt neu bei t-online:<\/p>\n<p class=\"text-center\">Schriftgr\u00f6\u00dfe anpassen!<\/p>\n<p><img loading=\"lazy\" src=\"https:\/\/nuernberg.t-online.de\/s\/paper\/_next\/static\/media\/font-sizes.32942e33.svg\" alt=\"\" title=\"\" class=\"block h-[calc(var(--height)_\/_16_*_1rem)] w-[calc(var(--width)_\/_16_*_1rem)] max-w-none group-hover:hidden group-aria-expanded:hidden\" style=\"--width:16;--height:16\" decoding=\"async\"\/><img loading=\"lazy\" src=\"https:\/\/nuernberg.t-online.de\/s\/paper\/_next\/static\/media\/font-sizes-dark-mode.e382645c.svg\" alt=\"\" title=\"\" class=\"block h-[calc(var(--height)_\/_16_*_1rem)] w-[calc(var(--width)_\/_16_*_1rem)] max-w-none hidden group-hover:block group-aria-expanded:block\" style=\"--width:16;--height:16\" decoding=\"async\"\/><img loading=\"lazy\" src=\"https:\/\/nuernberg.t-online.de\/s\/paper\/_next\/static\/media\/sharing-menu-icon.1eb71368.svg\" alt=\"\" title=\"\" class=\"block h-[calc(var(--height)_\/_16_*_1rem)] w-[calc(var(--width)_\/_16_*_1rem)] max-w-none group-hover:brightness-0 group-hover:invert\" style=\"--width:16;--height:16\" decoding=\"async\"\/>Artikel teilen<\/p>\n<p class=\"font-bold text-18 leading-17 user-text-lg:text-22 user-text-xl:text-24\">Der ADAC hat 50 Rastpl\u00e4tze an deutschen Autobahnen getestet. Kein einziger bayerischer Platz schneidet gut ab. Betroffen sind auch wichtige Routen bei N\u00fcrnberg.<\/p>\n<p class=\"text-18 leading-17 user-text-lg:text-22 user-text-xl:text-24\">Der ADAC hat 50 unbewirtschaftete Rastpl\u00e4tze an deutschen Autobahnen erneut getestet, also Anlagen ohne Tankstelle und Restaurant, daf\u00fcr mit kostenlosen Toiletten. Das Ergebnis f\u00e4llt deutlich schlechter aus als beim letzten Test 2022: Fast die H\u00e4lfte der Pl\u00e4tze (46 Prozent) erh\u00e4lt die Note &#8222;mangelhaft&#8220; oder &#8222;sehr mangelhaft&#8220;. Die Bestnote &#8222;sehr gut&#8220; erreichte in der Gesamtwertung kein einziger Platz.<\/p>\n<p class=\"text-18 leading-17 user-text-lg:text-22 user-text-xl:text-24\">F\u00fcr Bayern ist die Bilanz besonders ern\u00fcchternd. Elf der 50 getesteten Rastpl\u00e4tze liegen im Freistaat, mehr als in jedem anderen Bundesland. Kein einziger davon kommt \u00fcber ein &#8222;ausreichend&#8220; hinaus, vier bewertet der ADAC als &#8222;mangelhaft&#8220; oder &#8222;sehr mangelhaft&#8220;.<\/p>\n<p>Diese Rastpl\u00e4tze liegen auf Frankens Urlaubsrouten<\/p>\n<p class=\"text-18 leading-17 user-text-lg:text-22 user-text-xl:text-24\">Vier getestete Anlagen liegen an Strecken, \u00fcber auch die Reisende aus der Region N\u00fcrnberg in den Urlaub fahren. Alle erhielten die Gesamtnote &#8222;ausreichend&#8220;:<\/p>\n<ul class=\"text-18 leading-17 block pl-24 *:pb-16 *:before:inline-block *:before:size-8 *:before:bg-magenta *:before:mt-0 *:before:mr-12 *:before:mb-2 *:before:-ml-[20px]\">\n<li><strong class=\"font-bold\">Offenbau West (A9 Richtung M\u00fcnchen)<\/strong>: bei Thalm\u00e4ssing im Landkreis Roth. F\u00fcr die Sanit\u00e4ranlagen gab es nur ein &#8222;mangelhaft&#8220;.<\/li>\n<li><strong class=\"font-bold\">Lipperts West (A9 Richtung Berlin)<\/strong>: bei Leupoldsgr\u00fcn im Landkreis Hof. Die Sanit\u00e4ranlagen bewerteten die Tester mit &#8222;sehr mangelhaft&#8220;.<\/li>\n<li><strong class=\"font-bold\">Auergr\u00fcndel S\u00fcd (A6 Richtung N\u00fcrnberg)<\/strong>: bei Heilsbronn im Landkreis Ansbach. Bis auf die pers\u00f6nliche Sicherheit war den Testern hier keine Kategorie mehr als ein &#8222;ausreichend&#8220; wert.<\/li>\n<li><strong class=\"font-bold\">Wiesenttal (A3 Richtung Passau)<\/strong>: bei W\u00f6rth an der Donau in der Oberpfalz, auf dem Weg in den Bayerischen Wald und nach \u00d6sterreich. 2022 z\u00e4hlte die Anlage laut ADAC noch zu den zehn besten im Test. Dass es nun trotzdem nur f\u00fcr &#8222;ausreichend&#8220; reicht, liegt an der Gewichtung: Die Sanit\u00e4ranlagen machen die H\u00e4lfte der Gesamtnote aus. Und da liegt laut ADAC das gr\u00f6\u00dfte Problem.<\/li>\n<\/ul>\n<p>Toiletten sind die zentrale Schwachstelle<\/p>\n<p class=\"text-18 leading-17 user-text-lg:text-22 user-text-xl:text-24\">62 Prozent der getesteten Rastpl\u00e4tze erhalten bei den Sanit\u00e4ranlagen die Note &#8222;mangelhaft&#8220; oder &#8222;sehr mangelhaft&#8220;. Die Tester fanden fehlende oder defekte Seifenspender, kaputte Handtrockner und fehlendes Toilettenpapier. Auf sechs Anlagen waren Toiletten ohne Ank\u00fcndigung geschlossen, eine Alternative gab es nicht. Auf jedem f\u00fcnften Platz fehlt zudem eine Notrufeinrichtung, und auf 96 Prozent der Anlagen dokumentierte der ADAC Vandalismus.<\/p>\n<p>Wo die Pause in Franken funktioniert<\/p>\n<p class=\"text-18 leading-17 user-text-lg:text-22 user-text-xl:text-24\">Wer lieber eine bewirtschaftete Anlage ansteuert, findet in Franken beide Extreme. Das Reisegutscheinportal &#8222;tripz.de&#8220; hat im Fr\u00fchjahr die Google-Bewertungen von 633 Rastst\u00e4tten und Autoh\u00f6fen ausgewertet, also keine Untersuchung vor Ort, sondern eine Auswertung von Nutzermeinungen.<\/p>\n<p class=\"text-18 leading-17 user-text-lg:text-22 user-text-xl:text-24\">Am besten schnitt in Bayern demnach der Autohof Berg an der A9 im Landkreis Hof ab: Platz 4 bundesweit mit 4,7 Sternen. Der Betrieb an der Abfahrt 31 ist seit den 1960er-Jahren in Familienhand und gilt unter Fernfahrern als Institution.<\/p>\n<p class=\"text-18 leading-17 user-text-lg:text-22 user-text-xl:text-24\">Das bundesweite Schlusslicht liegt dagegen im N\u00fcrnberger Land: Der Aral Autohof Schnaittach an der A9 kam in der Auswertung auf 1,6 Sterne. Nutzer kritisieren in den Rezensionen vor allem Sauberkeit, Service und Preise.<\/p>\n","protected":false},"excerpt":{"rendered":"ADAC-Test So schlecht schneiden Rastpl\u00e4tze bei N\u00fcrnberg ab 14.07.2026 &#8211; 14:44 UhrLesedauer: 2 Min. Lkws auf einer Rastst\u00e4tte&hellip;\n","protected":false},"author":2,"featured_media":1166079,"comment_status":"","ping_status":"","sticky":false,"template":"","format":"standard","meta":{"footnotes":"","_share_on_mastodon":"0"},"categories":[1837],"tags":[522,4074,772,296,3364,29,4348,30,90551,69570,244408,1268,3783,42048,1598,244407],"class_list":["post-1166078","post","type-post","status-publish","format-standard","has-post-thumbnail","category-nuernberg","tag-522","tag-adac","tag-bayern","tag-berlin","tag-de","tag-deutschland","tag-franken","tag-germany","tag-landkreis-hof","tag-landkreis-roth","tag-leupoldsgruen","tag-muenchen","tag-nuernberg","tag-rastplatz","tag-restaurant","tag-thalmaessing"],"share_on_mastodon":{"url":"https:\/\/pubeurope.com\/@de\/116918544825349210","error":""},"_links":{"self":[{"href":"https:\/\/www.europesays.com\/de\/wp-json\/wp\/v2\/posts\/1166078","targetHints":{"allow":["GET"]}}],"collection":[{"href":"https:\/\/www.europesays.com\/de\/wp-json\/wp\/v2\/posts"}],"about":[{"href":"https:\/\/www.europesays.com\/de\/wp-json\/wp\/v2\/types\/post"}],"author":[{"embeddable":true,"href":"https:\/\/www.europesays.com\/de\/wp-json\/wp\/v2\/users\/2"}],"replies":[{"embeddable":true,"href":"https:\/\/www.europesays.com\/de\/wp-json\/wp\/v2\/comments?post=1166078"}],"version-history":[{"count":0,"href":"https:\/\/www.europesays.com\/de\/wp-json\/wp\/v2\/posts\/1166078\/revisions"}],"wp:featuredmedia":[{"embeddable":true,"href":"https:\/\/www.europesays.com\/de\/wp-json\/wp\/v2\/media\/1166079"}],"wp:attachment":[{"href":"https:\/\/www.europesays.com\/de\/wp-json\/wp\/v2\/media?parent=1166078"}],"wp:term":[{"taxonomy":"category","embeddable":true,"href":"https:\/\/www.europesays.com\/de\/wp-json\/wp\/v2\/categories?post=1166078"},{"taxonomy":"post_tag","embeddable":true,"href":"https:\/\/www.europesays.com\/de\/wp-json\/wp\/v2\/tags?post=1166078"}],"curies":[{"name":"wp","href":"https:\/\/api.w.org\/{rel}","templated":true}]}}