{"id":1166152,"date":"2026-07-14T14:02:16","date_gmt":"2026-07-14T14:02:16","guid":{"rendered":"https:\/\/www.europesays.com\/de\/1166152\/"},"modified":"2026-07-14T14:02:16","modified_gmt":"2026-07-14T14:02:16","slug":"eu-batterieverordnung-ausnahmen-fuer-smartwatches-spielzeug-und-spezialgeraete","status":"publish","type":"post","link":"https:\/\/www.europesays.com\/de\/1166152\/","title":{"rendered":"EU-Batterieverordnung: Ausnahmen f\u00fcr Smartwatches, Spielzeug und Spezialger\u00e4te"},"content":{"rendered":"<p>Die EU-Batterieverordnung <a href=\"https:\/\/environment.ec.europa.eu\/news\/commission-adds-exemptions-portable-battery-removal-rules-2026-07-14_en\" rel=\"external noopener nofollow\" target=\"_blank\">schreibt k\u00fcnftig vor<\/a>, dass Batterien in Produkten, die in der EU verkauft werden, grunds\u00e4tzlich vom Verbraucher entnehmbar und austauschbar sein m\u00fcssen. Dadurch soll sich die Lebensdauer von Produkten verl\u00e4ngern, zudem f\u00f6rdere es das Recycling, da die Sammlung gebrauchter Batterien erleichtert werde, hei\u00dft es.<\/p>\n<p>        Weiterlesen nach der Anzeige<\/p>\n<p>Schon jetzt sind einige Produkte, wie Medizinprodukte und sogenannte \u201eNassger\u00e4te\u201c \u2013 etwa elektrische Zahnb\u00fcrsten oder Mundduschen \u2013, von der EU-Anforderung aus Sicherheitsgr\u00fcnden ausgenommen. Bei diesen Produkten m\u00fcssen Batterien nur von Fachkr\u00e4ften entnommen und ausgetauscht werden k\u00f6nnen. Die Liste der Ausnahmen hat die EU-Kommission jetzt erweitert.<\/p>\n<p>Smartwatches sind raus<\/p>\n<p>Zu den Ausnahmeprodukten geh\u00f6ren nun auch <a href=\"https:\/\/www.heise.de\/thema\/Smartwatch\" rel=\"nofollow noopener\" target=\"_blank\">Smartwatches<\/a> und Fitness-Tracker, elektrisches Spielzeug sowie Produkte, die in den Anwendungsbereich der ATEX-Richtlinie fallen. Bei diesen handele es sich um Ger\u00e4te, die in explosionsgef\u00e4hrdeten Bereichen eingesetzt werden, wie beispielsweise explosionsgesch\u00fctzten Motoren, Sensoren, Pumpen oder Gabelstaplern, <a href=\"https:\/\/single-market-economy.ec.europa.eu\/sectors\/mechanical-engineering\/equipment-potentially-explosive-atmospheres-atex_en\" rel=\"external noopener nofollow\" target=\"_blank\">hei\u00dft es in der EU-Richtlinie<\/a>.<\/p>\n<p>Die Kommission hat im gleichen Zuge <a href=\"https:\/\/environment.ec.europa.eu\/publications\/guidelines-facilitate-harmonised-application-provisions-removability-and-replaceability-portable-and_en\" rel=\"external noopener nofollow\" target=\"_blank\">eine Aktualisierung<\/a> der bestehenden Leitlinien zur Entfernbarkeit und Austauschbarkeit von tragbaren Batterien verabschiedet. Diese sollen Produktherstellern Anleitungen zur Anwendung der neuen Ausnahmeregelungen geben, so die Kommission. F\u00fcr die Auswahl der Ausnahmen hatte die Kommission 2025 zur Einreichung von Antr\u00e4gen aufgerufen und dazu Verbraucherverb\u00e4nde, Industrie sowie Mitgliedstaaten konsultiert.<\/p>\n<p>Der neue delegierte Rechtsakt wird nach Verabschiedung durch die Kommission anschlie\u00dfend dem Europ\u00e4ischen Parlament und dem Rat der EU zur Pr\u00fcfung \u00fcbermittelt. Er tritt anschlie\u00dfend 20 Tage nach seiner Ver\u00f6ffentlichung im Amtsblatt der EU in Kraft, sofern weder das Europ\u00e4ische Parlament noch der Rat Einspruch erheben. Die EU-Batterieverordnung tritt offiziell am 18. Februar 2027 in Kraft.<\/p>\n<p>\u00d6kodesign- schl\u00e4gt Batterieverordnung<\/p>\n<p>        Weiterlesen nach der Anzeige<\/p>\n<p>Die <a href=\"https:\/\/www.heise.de\/news\/Akkus-von-Smartphones-und-Tablets-duerfen-weiterhin-fest-eingebaut-werden-7486224.html\" rel=\"nofollow noopener\" target=\"_blank\">Batterieverordnung gilt indes nicht f\u00fcr Smartphones und Tablets<\/a>. Die f\u00fcr sie festgelegten Bestimmungen sind in der \u00d6kodesign-Verordnung verortet. Diese ist der Batterieverordnung \u00fcbergeordnet. Das teilte die EU-Kommission auf eine Anfrage von c&#8217;t schon im Jahr 2023 mit.<\/p>\n<p>Damals teilte die Kommission mit, dass die speziellen <a href=\"https:\/\/www.heise.de\/news\/Smartphones-sieben-Jahre-Ersatzteile-fuenf-Jahre-Updates-wegen-Druck-aus-Berlin-7351793.html\" rel=\"nofollow noopener\" target=\"_blank\">\u00d6kodesign-Regeln<\/a> f\u00fcr Smartphones und Tablets ein h\u00f6heres Umweltschutz- und Gesundheitsschutz-Niveau als die Batterieverordnung darstellten. Dies gelte \u201einsbesondere aufgrund der Langlebigkeitsanforderungen\u201c.<\/p>\n<p>(<a class=\"redakteurskuerzel__link\" href=\"https:\/\/www.heise.de\/news\/mailto:afl@heise.de\" title=\"Andreas Floemer\" rel=\"nofollow noopener\" target=\"_blank\">afl<\/a>)<\/p>\n<p>\n      Dieser Link ist leider nicht mehr g\u00fcltig.\n    <\/p>\n<p>Links zu verschenkten Artikeln werden ung\u00fcltig,<br \/>\n      wenn diese \u00e4lter als 7\u00a0Tage sind oder zu oft aufgerufen wurden.\n    <\/p>\n<p><strong>Sie ben\u00f6tigen ein heise+ Paket, um diesen Artikel zu lesen. Jetzt eine Woche unverbindlich testen \u2013 ohne Verpflichtung!<\/strong><\/p>\n","protected":false},"excerpt":{"rendered":"Die EU-Batterieverordnung schreibt k\u00fcnftig vor, dass Batterien in Produkten, die in der EU verkauft werden, grunds\u00e4tzlich vom Verbraucher&hellip;\n","protected":false},"author":2,"featured_media":1166153,"comment_status":"","ping_status":"","sticky":false,"template":"","format":"standard","meta":{"footnotes":"","_share_on_mastodon":"0"},"categories":[135],"tags":[29,548,118335,30,196,1273,4507,1279,190,189,194,191,12031,1085,193,192],"class_list":["post-1166152","post","type-post","status-publish","format-standard","has-post-thumbnail","category-wissenschaft-technik","tag-deutschland","tag-eu","tag-fitness-tracker","tag-germany","tag-it","tag-mobiles","tag-nachhaltigkeit","tag-recycling","tag-science","tag-science-technology","tag-technik","tag-technology","tag-umweltschutz","tag-verbraucherschutz","tag-wissenschaft","tag-wissenschaft-technik"],"share_on_mastodon":{"url":"https:\/\/pubeurope.com\/@de\/116918704605961175","error":""},"_links":{"self":[{"href":"https:\/\/www.europesays.com\/de\/wp-json\/wp\/v2\/posts\/1166152","targetHints":{"allow":["GET"]}}],"collection":[{"href":"https:\/\/www.europesays.com\/de\/wp-json\/wp\/v2\/posts"}],"about":[{"href":"https:\/\/www.europesays.com\/de\/wp-json\/wp\/v2\/types\/post"}],"author":[{"embeddable":true,"href":"https:\/\/www.europesays.com\/de\/wp-json\/wp\/v2\/users\/2"}],"replies":[{"embeddable":true,"href":"https:\/\/www.europesays.com\/de\/wp-json\/wp\/v2\/comments?post=1166152"}],"version-history":[{"count":0,"href":"https:\/\/www.europesays.com\/de\/wp-json\/wp\/v2\/posts\/1166152\/revisions"}],"wp:featuredmedia":[{"embeddable":true,"href":"https:\/\/www.europesays.com\/de\/wp-json\/wp\/v2\/media\/1166153"}],"wp:attachment":[{"href":"https:\/\/www.europesays.com\/de\/wp-json\/wp\/v2\/media?parent=1166152"}],"wp:term":[{"taxonomy":"category","embeddable":true,"href":"https:\/\/www.europesays.com\/de\/wp-json\/wp\/v2\/categories?post=1166152"},{"taxonomy":"post_tag","embeddable":true,"href":"https:\/\/www.europesays.com\/de\/wp-json\/wp\/v2\/tags?post=1166152"}],"curies":[{"name":"wp","href":"https:\/\/api.w.org\/{rel}","templated":true}]}}