{"id":116619,"date":"2025-05-17T02:05:19","date_gmt":"2025-05-17T02:05:19","guid":{"rendered":"https:\/\/www.europesays.com\/de\/116619\/"},"modified":"2025-05-17T02:05:19","modified_gmt":"2025-05-17T02:05:19","slug":"hamburg-bei-st-petri-erholungsort-in-der-hamburger-innenstadt-eroeffnet","status":"publish","type":"post","link":"https:\/\/www.europesays.com\/de\/116619\/","title":{"rendered":"Hamburg: Bei St. Petri: Erholungsort in der Hamburger Innenstadt er\u00f6ffnet"},"content":{"rendered":"<p class=\"metatextline\">Stand: 16.05.2025 19:54 Uhr<\/p>\n<p class=\"textabsatz columns twelve  m-ten  m-offset-one l-eight l-offset-two\">\n        <strong><strong>Eine gr\u00fcne Oase mitten in der Hamburger Innenstadt &#8211; die gibt es jetzt bei der Hauptkirche St. Petri an der M\u00f6nckebergstra\u00dfe. Dort wurde am Freitag das Projekt &#8222;spielGarten&#8220; er\u00f6ffnet.<\/strong><\/strong>\n    <\/p>\n<p class=\"textabsatz m-ten m-offset-one l-eight l-offset-two columns twelve\">\nEr soll ein Ort sein, an dem gespielt, geplaudert und die Natur genossen werden kann. Zwischen bunten Beeten, essbaren Pflanzen und Liegest\u00fchlen l\u00e4sst sich dort die sonst oft hektische Innenstadt mal anders erleben. Auch Mitmach-Stationen f\u00fcr Kinder gibt es und regelm\u00e4\u00dfig werden sich auch Kita-Gruppen von drei benachbarten Kitas um die Pflanzen k\u00fcmmern, sagt Gunter Muncke von der B\u00fcrgerstiftung Hamburg.<\/p>\n<p>    Beh\u00f6rde will Hamburgs Innenstadt beleben<\/p>\n<p class=\"textabsatz m-ten m-offset-one l-eight l-offset-two columns twelve\">\nBis Ende September bleibt der Erholungs-Fleck in der City &#8211; er ist Teil des Programms &#8222;Verborgene Potenziale Innenstadt&#8220;. Mit insgesamt 43 Projekten will die Stadtentwicklungsbeh\u00f6rde wieder mehr Leben ins Zentrum bringen und Angebote schaffen, bei denen es nicht nur um Konsum geht.<\/p>\n<p>    Weitere Aktionen geplant<\/p>\n<p class=\"textabsatz m-ten m-offset-one l-eight l-offset-two columns twelve\">\nNoch bis Ende August steht etwa ein Spielplatz-Container am M\u00f6nckebergbrunnen. Im Juni ist eine Kunstmeile geplant und im August und September soll eine Kino-Arkade aufgebaut werden. Da kann man dann nach dem Shoppen entspannt in H\u00e4ngematten liegen und Filme gucken.<\/p>\n<p class=\"textabsatz m-ten m-offset-one l-eight l-offset-two columns twelve\"><strong>Dieses Thema im Programm:<\/strong><br \/>NDR 90,3 | NDR 90,3 Aktuell | 16.05.2025 | 13:00 Uhr<\/p>\n<p>                                        <a class=\"backlink__link\" href=\"https:\/\/www.ndr.de\/nachrichten\/hamburg\/Bei-St-Petri-Erholungsort-in-der-Hamburger-Innenstadt-eroeffnet,petrikirche128.html\" target=\"_blank\" rel=\"noopener\"><\/p>\n<p>                                                <img loading=\"lazy\" decoding=\"async\" alt=\"Norddeutscher Rundfunk\" src=\"https:\/\/www.europesays.com\/de\/wp-content\/uploads\/2025\/04\/lra-ndr-logo-100.svg.svg+xml\" height=\"40\" width=\"40\"\/><\/p>\n<p>                                        <\/a><\/p>\n","protected":false},"excerpt":{"rendered":"Stand: 16.05.2025 19:54 Uhr Eine gr\u00fcne Oase mitten in der Hamburger Innenstadt &#8211; die gibt es jetzt bei&hellip;\n","protected":false},"author":2,"featured_media":116620,"comment_status":"","ping_status":"","sticky":false,"template":"","format":"standard","meta":{"footnotes":""},"categories":[1826],"tags":[29,30,692,438],"class_list":{"0":"post-116619","1":"post","2":"type-post","3":"status-publish","4":"format-standard","5":"has-post-thumbnail","7":"category-hamburg","8":"tag-deutschland","9":"tag-germany","10":"tag-hamburg","11":"tag-ndr"},"share_on_mastodon":{"url":"https:\/\/pubeurope.com\/@de\/114520727598943563","error":""},"_links":{"self":[{"href":"https:\/\/www.europesays.com\/de\/wp-json\/wp\/v2\/posts\/116619","targetHints":{"allow":["GET"]}}],"collection":[{"href":"https:\/\/www.europesays.com\/de\/wp-json\/wp\/v2\/posts"}],"about":[{"href":"https:\/\/www.europesays.com\/de\/wp-json\/wp\/v2\/types\/post"}],"author":[{"embeddable":true,"href":"https:\/\/www.europesays.com\/de\/wp-json\/wp\/v2\/users\/2"}],"replies":[{"embeddable":true,"href":"https:\/\/www.europesays.com\/de\/wp-json\/wp\/v2\/comments?post=116619"}],"version-history":[{"count":0,"href":"https:\/\/www.europesays.com\/de\/wp-json\/wp\/v2\/posts\/116619\/revisions"}],"wp:featuredmedia":[{"embeddable":true,"href":"https:\/\/www.europesays.com\/de\/wp-json\/wp\/v2\/media\/116620"}],"wp:attachment":[{"href":"https:\/\/www.europesays.com\/de\/wp-json\/wp\/v2\/media?parent=116619"}],"wp:term":[{"taxonomy":"category","embeddable":true,"href":"https:\/\/www.europesays.com\/de\/wp-json\/wp\/v2\/categories?post=116619"},{"taxonomy":"post_tag","embeddable":true,"href":"https:\/\/www.europesays.com\/de\/wp-json\/wp\/v2\/tags?post=116619"}],"curies":[{"name":"wp","href":"https:\/\/api.w.org\/{rel}","templated":true}]}}