{"id":116621,"date":"2025-05-17T02:06:10","date_gmt":"2025-05-17T02:06:10","guid":{"rendered":"https:\/\/www.europesays.com\/de\/116621\/"},"modified":"2025-05-17T02:06:10","modified_gmt":"2025-05-17T02:06:10","slug":"berlin-brandenburg-kostenloser-eintritt-und-extrafuehrungen-zum-museumstag","status":"publish","type":"post","link":"https:\/\/www.europesays.com\/de\/116621\/","title":{"rendered":"Berlin &#038; Brandenburg: Kostenloser Eintritt und Extraf\u00fchrungen zum Museumstag"},"content":{"rendered":"<p>                    Berlin &amp; Brandenburg<br \/>\n                Kostenloser Eintritt und Extraf\u00fchrungen zum Museumstag<\/p>\n<p>\t\t\t\t              17.05.2025, 04:03 Uhr<\/p>\n<p><strong>Zum internationalen Museumstag bieten auch in Brandenburg viele Museen ihren G\u00e4sten ein aufwendigeres Programm. Einige H\u00e4user locken sogar mit freiem Eintritt.<\/strong><\/p>\n<p>Potsdam (dpa\/bb) &#8211; Am Sonntag wollen viele Brandenburger Museen im Rahmen des internationalen Museumstags kostenlos \u00f6ffnen und Extraf\u00fchrungen und -ausstellungen anbieten. Die zentrale Veranstaltung solle auf der Burg in Ziesar (Landkreis Potsdam-Mittelmark) stattfinden, hie\u00df es von den Organisatoren. Dort wird an diesem Tag etwa eine Ausstellung mit Werken des Malers Otto Altenkirch er\u00f6ffnet.<\/p>\n<p>Neben der Veranstaltung in Ziesar haben viele andere Museen ihre Teilnahme an dem Tag angek\u00fcndigt. Das Ofen- und Keramikmuseum Velten bietet zu diesem Anlass den Besuchern an, kleinere Gef\u00e4\u00dfe aus Ton zu formen. In Brandenburg an der Havel ist eine Ausstellung im Stadtgebiet geplant, die die historische Entwicklung der Verkehrswege in und um die Stadt in den Blick nimmt. Entsprechend der Jahreszeit kann man im Beelitzer Spargelmuseum F\u00fchrungen besuchen.<\/p>\n<p>Insgesamt beteiligen sich in Brandenburg fast 90 Museen an 60 Orten mit mehr als 170 registrierten Veranstaltungen, F\u00fchrungen, Vortr\u00e4gen, Konzerten, Lesungen und Kinderangeboten am diesj\u00e4hrigen Museumstag, wie die Veranstalter mitteilten. Im Filmmuseum in der Landeshauptstadt Potsdam k\u00f6nnen Besucher kostenlos eintreten. Im Naturkundemuseum in Potsdam soll es verschiedene F\u00fchrungen zu der Welt der V\u00f6gel und der gr\u00f6\u00dften Sammlung des Hauses &#8211; der Insektensammlung &#8211; geben.<\/p>\n","protected":false},"excerpt":{"rendered":"Berlin &amp; Brandenburg Kostenloser Eintritt und Extraf\u00fchrungen zum Museumstag 17.05.2025, 04:03 Uhr Zum internationalen Museumstag bieten auch in&hellip;\n","protected":false},"author":2,"featured_media":116622,"comment_status":"","ping_status":"","sticky":false,"template":"","format":"standard","meta":{"footnotes":""},"categories":[1816],"tags":[1960,1958,1959,1957,296,1956,1890,29,20767,45000,30,44999,40651],"class_list":{"0":"post-116621","1":"post","2":"type-post","3":"status-publish","4":"format-standard","5":"has-post-thumbnail","7":"category-brandenburg","8":"tag-aktuelle-nachrichten-aus-berlin-und-brandenburg","9":"tag-aktuelle-nachrichten-aus-brandenburg","10":"tag-aktuelle-news-aus-berlin-und-brandenburg","11":"tag-aktuelle-news-aus-brandenburg","12":"tag-berlin","13":"tag-berlin-und-brandenburg","14":"tag-brandenburg","15":"tag-deutschland","16":"tag-eintritt","17":"tag-extrafuehrungen","18":"tag-germany","19":"tag-kostenloser","20":"tag-museumstag"},"share_on_mastodon":{"url":"https:\/\/pubeurope.com\/@de\/114520731822045773","error":""},"_links":{"self":[{"href":"https:\/\/www.europesays.com\/de\/wp-json\/wp\/v2\/posts\/116621","targetHints":{"allow":["GET"]}}],"collection":[{"href":"https:\/\/www.europesays.com\/de\/wp-json\/wp\/v2\/posts"}],"about":[{"href":"https:\/\/www.europesays.com\/de\/wp-json\/wp\/v2\/types\/post"}],"author":[{"embeddable":true,"href":"https:\/\/www.europesays.com\/de\/wp-json\/wp\/v2\/users\/2"}],"replies":[{"embeddable":true,"href":"https:\/\/www.europesays.com\/de\/wp-json\/wp\/v2\/comments?post=116621"}],"version-history":[{"count":0,"href":"https:\/\/www.europesays.com\/de\/wp-json\/wp\/v2\/posts\/116621\/revisions"}],"wp:featuredmedia":[{"embeddable":true,"href":"https:\/\/www.europesays.com\/de\/wp-json\/wp\/v2\/media\/116622"}],"wp:attachment":[{"href":"https:\/\/www.europesays.com\/de\/wp-json\/wp\/v2\/media?parent=116621"}],"wp:term":[{"taxonomy":"category","embeddable":true,"href":"https:\/\/www.europesays.com\/de\/wp-json\/wp\/v2\/categories?post=116621"},{"taxonomy":"post_tag","embeddable":true,"href":"https:\/\/www.europesays.com\/de\/wp-json\/wp\/v2\/tags?post=116621"}],"curies":[{"name":"wp","href":"https:\/\/api.w.org\/{rel}","templated":true}]}}