{"id":116623,"date":"2025-05-17T02:07:09","date_gmt":"2025-05-17T02:07:09","guid":{"rendered":"https:\/\/www.europesays.com\/de\/116623\/"},"modified":"2025-05-17T02:07:09","modified_gmt":"2025-05-17T02:07:09","slug":"parteien-berliner-linke-waehlt-neue-doppelspitze","status":"publish","type":"post","link":"https:\/\/www.europesays.com\/de\/116623\/","title":{"rendered":"Parteien: Berliner Linke w\u00e4hlt neue Doppelspitze"},"content":{"rendered":"<p class=\"paragraph article__item\">Die Berliner Linke w\u00e4hlt heute (10.00 Uhr) auf einem <a class=\"rtr-entity\" href=\"https:\/\/www.zeit.de\/thema\/parteitag\" target=\"_blank\" rel=\"noopener\">Parteitag<\/a> in Lichtenberg eine neue Doppelspitze. Der bisherige Vorsitzende Maximilian Schirmer aus Pankow tritt gemeinsam mit Kerstin Wolter an, der Linke-Bezirksvorsitzenden in Friedrichshain-Kreuzberg. Gegenkandidaturen liegen bislang nicht vor.\u00a0\n<\/p>\n<p>Aktuelles<\/p>\n<p>                <a href=\"https:\/\/www.zeit.de\/politik\/deutschland\/2025-04\/spd-und-gruene-in-hamburg-einigen-sich-auf-koalitionsvertrag\" data-ct-label=\"Hamburger Senat: SPD und Gr\u00fcne in Hamburg einigen sich auf Koalitionsvertrag\" target=\"_blank\" rel=\"noopener\"><\/p>\n<p>                        Hamburger Senat:<br \/>\n                        SPD und Gr\u00fcne in Hamburg einigen sich auf Koalitionsvertrag<\/p>\n<p>                <\/a><\/p>\n<p>                <a href=\"https:\/\/www.zeit.de\/politik\/deutschland\/2025-05\/cdu-linke-unvereinbarkeitsbeschluss-zusammenarbeit-kanzler-wahl-friedrich-merz\" data-ct-label=\"Kanzlerwahl: CDU will Verh\u00e4ltnis zur Linken \u00fcberdenken \" target=\"_blank\" rel=\"noopener\"><\/p>\n<p>                        Kanzlerwahl:<br \/>\n                        CDU will Verh\u00e4ltnis zur Linken \u00fcberdenken <\/p>\n<p>                <\/a><\/p>\n<p>                <a href=\"https:\/\/www.zeit.de\/politik\/deutschland\/2025-05\/baerbel-bas-spd-vorsitzende-parteichefin\" data-ct-label=\"Nachfolge von Saskia Esken: B\u00e4rbel Bas soll neue SPD-Vorsitzende werden\" target=\"_blank\" rel=\"noopener\"><\/p>\n<p>                        Nachfolge von Saskia Esken:<br \/>\n                        B\u00e4rbel Bas soll neue SPD-Vorsitzende werden<\/p>\n<p>                <\/a><\/p>\n<p class=\"paragraph article__item\">Seit Mai 2023 f\u00fchrt der Bezirkspolitiker Schirmer, der auch Bundesvize der Linken ist, die Partei gemeinsam mit Franziska Brychcy. Diese kandidiert nicht wieder f\u00fcr den Landesvorsitz und will sich auf ihre Rolle als bildungspolitische Sprecherin der Linke-Fraktion im Abgeordnetenhaus konzentrieren.\u00a0\n<\/p>\n<p class=\"paragraph article__item\">Die Linke war bei der Bundestagswahl im Februar in <a class=\"rtr-entity\" href=\"https:\/\/www.zeit.de\/thema\/berlin\" target=\"_blank\" rel=\"noopener\">Berlin<\/a> st\u00e4rkste Kraft geworden und sieht sich dadurch mit Blick auf die n\u00e4chste Wahl zum Berliner Abgeordnetenhaus im September 2026 im Aufwind. Sie erlebte zuletzt einen regelrechten Ansturm neuer Mitglieder. Ihre Mitgliederzahl verdoppelte sich seit Oktober 2024 auf derzeit gut 15.400.\n<\/p>\n<p class=\"paragraph article__item\">Die Berliner Gr\u00fcnen kommen ebenfalls zu einem Parteitag zusammen (10.00 Uhr). Bei dem eher kurzen Treffen in Friedrichshain h\u00e4lt der Landesvorsitzende Philmon Ghirmai eine Rede. Anschlie\u00dfend (12.30 Uhr) veranstaltet die Partei einen \u00abStadtkongress\u00bb, auf dem es um gr\u00fcne Ideen und Konzepte f\u00fcr die Zukunft gehen soll.\n<\/p>\n<p class=\"paragraph article__item\">\u00a9 dpa-infocom, dpa:250517-930-554732\/1<\/p>\n","protected":false},"excerpt":{"rendered":"Die Berliner Linke w\u00e4hlt heute (10.00 Uhr) auf einem Parteitag in Lichtenberg eine neue Doppelspitze. Der bisherige Vorsitzende&hellip;\n","protected":false},"author":2,"featured_media":116624,"comment_status":"","ping_status":"","sticky":false,"template":"","format":"standard","meta":{"footnotes":""},"categories":[1825],"tags":[1941,1939,296,1937,29,45003,7569,527,30,45002,1952,45001,1940,15,1938,530,5566,7784],"class_list":{"0":"post-116623","1":"post","2":"type-post","3":"status-publish","4":"format-standard","5":"has-post-thumbnail","7":"category-berlin","8":"tag-aktuelle-nachrichten-aus-berlin","9":"tag-aktuelle-news-aus-berlin","10":"tag-berlin","11":"tag-berlin-news","12":"tag-deutschland","13":"tag-doppelspitze","14":"tag-friedrichshain","15":"tag-friedrichshain-kreuzberg","16":"tag-germany","17":"tag-kerstin-wolter","18":"tag-lichtenberg","19":"tag-maximilian-schirmer","20":"tag-nachrichten-aus-berlin","21":"tag-news","22":"tag-news-aus-berlin","23":"tag-pankow","24":"tag-parteien","25":"tag-parteitag"},"share_on_mastodon":{"url":"https:\/\/pubeurope.com\/@de\/114520735424996268","error":""},"_links":{"self":[{"href":"https:\/\/www.europesays.com\/de\/wp-json\/wp\/v2\/posts\/116623","targetHints":{"allow":["GET"]}}],"collection":[{"href":"https:\/\/www.europesays.com\/de\/wp-json\/wp\/v2\/posts"}],"about":[{"href":"https:\/\/www.europesays.com\/de\/wp-json\/wp\/v2\/types\/post"}],"author":[{"embeddable":true,"href":"https:\/\/www.europesays.com\/de\/wp-json\/wp\/v2\/users\/2"}],"replies":[{"embeddable":true,"href":"https:\/\/www.europesays.com\/de\/wp-json\/wp\/v2\/comments?post=116623"}],"version-history":[{"count":0,"href":"https:\/\/www.europesays.com\/de\/wp-json\/wp\/v2\/posts\/116623\/revisions"}],"wp:featuredmedia":[{"embeddable":true,"href":"https:\/\/www.europesays.com\/de\/wp-json\/wp\/v2\/media\/116624"}],"wp:attachment":[{"href":"https:\/\/www.europesays.com\/de\/wp-json\/wp\/v2\/media?parent=116623"}],"wp:term":[{"taxonomy":"category","embeddable":true,"href":"https:\/\/www.europesays.com\/de\/wp-json\/wp\/v2\/categories?post=116623"},{"taxonomy":"post_tag","embeddable":true,"href":"https:\/\/www.europesays.com\/de\/wp-json\/wp\/v2\/tags?post=116623"}],"curies":[{"name":"wp","href":"https:\/\/api.w.org\/{rel}","templated":true}]}}