{"id":1166238,"date":"2026-07-14T14:57:21","date_gmt":"2026-07-14T14:57:21","guid":{"rendered":"https:\/\/www.europesays.com\/de\/1166238\/"},"modified":"2026-07-14T14:57:21","modified_gmt":"2026-07-14T14:57:21","slug":"suche-in-bremen-leiche-in-weser-entdeckt","status":"publish","type":"post","link":"https:\/\/www.europesays.com\/de\/1166238\/","title":{"rendered":"Suche in Bremen: Leiche in Weser entdeckt"},"content":{"rendered":"<p class=\"paragraph article__item\">Passanten haben eine Leiche in der Weser entdeckt. Die Ermittler gehen davon aus, dass es sich um einen seit dem Wochenende vermissten 18 Jahre alten Schwimmer handelt. Noch sei die Leiche allerdings nicht abschlie\u00dfend identifiziert, wie die <a class=\"rtr-entity\" href=\"https:\/\/www.zeit.de\/thema\/polizei\" rel=\"nofollow noopener\" target=\"_blank\">Polizei<\/a> mitteilte.\n<\/p>\n<p>Aktuelles<\/p>\n<p>                <a href=\"https:\/\/www.zeit.de\/politik\/ausland\/2026-07\/ann-widdecombe-mord-england-brexit-gxe\" data-ct-label=\"Gro\u00dfbritannien Mord: Polizei nimmt erneut Verd\u00e4chtigen im Fall Ann Widdecombe fest\" data-uuid=\"b5aaa908-3713-4579-86e7-a9eb27c5236c\" rel=\"nofollow noopener\" target=\"_blank\"><\/p>\n<p>                        Gro\u00dfbritannien Mord:<br \/>\n                        Polizei nimmt erneut Verd\u00e4chtigen im Fall Ann Widdecombe fest<\/p>\n<p>                <\/a><\/p>\n<p>                <a href=\"https:\/\/www.zeit.de\/wissenschaft\/2026-07\/grab-paser-luxor-scheich-abd-el-kurna-ramessidenzeit\" data-ct-label=\"\u00c4gypten: Arch\u00e4ologen entdecken 3.000 Jahre alte Grabst\u00e4tte in \u00c4gypten\" data-uuid=\"47cd9b99-30d9-40cc-8582-9a37708977b6\" rel=\"nofollow noopener\" target=\"_blank\"><\/p>\n<p>                        \u00c4gypten:<br \/>\n                        Arch\u00e4ologen entdecken 3.000 Jahre alte Grabst\u00e4tte in \u00c4gypten<\/p>\n<p>                <\/a><\/p>\n<p>                <a href=\"https:\/\/www.zeit.de\/mobilitaet\/2026-07\/bahnstrecke-duesseldorf-koeln-brandanschlag-gesperrt\" data-ct-label=\"Bahnstrecke D\u00fcsseldorf\u2013K\u00f6ln: Bahnstrecke zwischen D\u00fcsseldorf und K\u00f6ln wieder freigegeben\" data-uuid=\"7544e5b2-67a7-4d9e-a867-c16763f45ceb\" rel=\"nofollow noopener\" target=\"_blank\"><\/p>\n<p>                        Bahnstrecke D\u00fcsseldorf\u2013K\u00f6ln:<br \/>\n                        Bahnstrecke zwischen D\u00fcsseldorf und K\u00f6ln wieder freigegeben<\/p>\n<p>                <\/a><\/p>\n<p class=\"paragraph article__item\">Der Mann war in der Nacht zum Samstag mit einem Bekannten in H\u00f6he des Anlegers der Sielwallf\u00e4hre in die Weser gestiegen. Der Bekannte verlie\u00df das Wasser und lief weg, von dem 18-J\u00e4hrigen fehlte jede Spur. Warum er nicht nach seinem Begleiter suchte und Hilfe holte, ist unklar.\u00a0\n<\/p>\n<p class=\"paragraph article__item\">Ein 20 Jahre alter Freund machte sich Sorgen und alarmierte die Rettungskr\u00e4fte. Polizei und Feuerwehr suchten daraufhin stundenlang erfolglos nach dem 18-J\u00e4hrigen.\u00a0\n<\/p>\n<p class=\"paragraph article__item\">Die Leiche wurde in der N\u00e4he entdeckt, wie ein Polizeisprecher mitteilte. Die Ermittler gehen nach R\u00fccksprache mit den Angeh\u00f6rigen davon aus, dass es sich um den 18-J\u00e4hrigen handelt. Es gebe keine Hinweise f\u00fcr ein Verbrechen.\n<\/p>\n<p class=\"paragraph article__item\">\u00a9 dpa-infocom, dpa:260714-930-384279\/1<\/p>\n","protected":false},"excerpt":{"rendered":"Passanten haben eine Leiche in der Weser entdeckt. Die Ermittler gehen davon aus, dass es sich um einen&hellip;\n","protected":false},"author":2,"featured_media":1166239,"comment_status":"","ping_status":"","sticky":false,"template":"","format":"standard","meta":{"footnotes":"","_share_on_mastodon":"0"},"categories":[1824],"tags":[2420,3364,29,30,15,121,244439,4978],"class_list":["post-1166238","post","type-post","status-publish","format-standard","has-post-thumbnail","category-bremen","tag-bremen","tag-de","tag-deutschland","tag-germany","tag-news","tag-polizei","tag-suche-in-bremen","tag-weser"],"share_on_mastodon":{"url":"https:\/\/pubeurope.com\/@de\/116918920647536197","error":""},"_links":{"self":[{"href":"https:\/\/www.europesays.com\/de\/wp-json\/wp\/v2\/posts\/1166238","targetHints":{"allow":["GET"]}}],"collection":[{"href":"https:\/\/www.europesays.com\/de\/wp-json\/wp\/v2\/posts"}],"about":[{"href":"https:\/\/www.europesays.com\/de\/wp-json\/wp\/v2\/types\/post"}],"author":[{"embeddable":true,"href":"https:\/\/www.europesays.com\/de\/wp-json\/wp\/v2\/users\/2"}],"replies":[{"embeddable":true,"href":"https:\/\/www.europesays.com\/de\/wp-json\/wp\/v2\/comments?post=1166238"}],"version-history":[{"count":0,"href":"https:\/\/www.europesays.com\/de\/wp-json\/wp\/v2\/posts\/1166238\/revisions"}],"wp:featuredmedia":[{"embeddable":true,"href":"https:\/\/www.europesays.com\/de\/wp-json\/wp\/v2\/media\/1166239"}],"wp:attachment":[{"href":"https:\/\/www.europesays.com\/de\/wp-json\/wp\/v2\/media?parent=1166238"}],"wp:term":[{"taxonomy":"category","embeddable":true,"href":"https:\/\/www.europesays.com\/de\/wp-json\/wp\/v2\/categories?post=1166238"},{"taxonomy":"post_tag","embeddable":true,"href":"https:\/\/www.europesays.com\/de\/wp-json\/wp\/v2\/tags?post=1166238"}],"curies":[{"name":"wp","href":"https:\/\/api.w.org\/{rel}","templated":true}]}}