{"id":1166246,"date":"2026-07-14T15:01:17","date_gmt":"2026-07-14T15:01:17","guid":{"rendered":"https:\/\/www.europesays.com\/de\/1166246\/"},"modified":"2026-07-14T15:01:17","modified_gmt":"2026-07-14T15:01:17","slug":"bvb-ricken-kuendigt-weitere-dortmund-transfers-an-sport","status":"publish","type":"post","link":"https:\/\/www.europesays.com\/de\/1166246\/","title":{"rendered":"BVB: Ricken k\u00fcndigt weitere Dortmund-Transfers an! | Sport"},"content":{"rendered":"<p><a class=\"skip-content skip-content--link\" href=\"#in-content-skip-link-target-v-0-0\">TTS-Player \u00fcberspringen\u21b5<\/a><a id=\"in-content-skip-link-target-v-0-0\" class=\"skip-content--target-link-hidden skip-content skip-content--target-link\" href=\"#in-content-skip-link-target-v-0-0\">Artikel weiterlesen<\/a><\/p>\n<p data-21134c99=\"0-3678\"><b>Dortmund \u2013 Trainingsauftakt beim <\/b><a href=\"https:\/\/www.bild.de\/sport\/fussball\/borussia-dortmund\/startseite-bvb-31074434.bild.html\" class=\"text-link\" rel=\"nofollow noopener\" target=\"_blank\"><b>BVB<\/b><\/a><b>! Am Dienstagvormittag standen die Profis von Trainer Niko Kovac (54) erstmals nach der Sommerpause wieder auf dem Platz. Rund um den Start bewegen die Borussia zahlreiche Themen: Transfers, Personalien, Ziele und sogar der Bundestrainer-Job. Zu allem nahm Boss Lars Ricken (50) Stellung!<\/b><\/p>\n<p>Ricken k\u00fcndigt weitere BVB-Transfers an!<\/p>\n<p data-21134c99=\"0-3678\">Dortmunds Sport-Gesch\u00e4ftsf\u00fchrer \u00fcber &#8230;<\/p>\n<p data-21134c99=\"0-3678\">\u2026 den Trainingsauftakt: \u201eWir sind ja heute zum ersten Mal auf dem Platz. Ich sp\u00fcre bei Spielern und Mitarbeitern eine gro\u00dfe Freude. Sieben, acht Wochen Pause \u2013 das werden wir so oft nicht mehr haben. Endlich geht es los, ich freue mich auf die Vorbereitung. Wir haben mit Arsenal, AS Rom und Bayern M\u00fcnchen drei Champions-League-Mannschaften als Gegner in der Vorbereitung \u2013 da werden uns in Summe mehr als 300.000 Zuschauer sehen. Wir wollen jetzt die Voraussetzungen schaffen, damit wir auch m\u00f6glichst erfolgreich sind.\u201c<\/p>\n<p><img decoding=\"async\" width=\"992\" height=\"558\" alt=\"Ricken (l.) beim Training mit Klub-Boss Cramer, Sportdirektor Book und Trainer Kovac (r.)\" loading=\"lazy\" src=\"https:\/\/www.europesays.com\/de\/wp-content\/uploads\/2026\/07\/9594a1af726055ca197d5afff0acbec3,247070f9.jpeg\"   class=\"landscape\"\/><\/p>\n<p class=\"fig__caption__text\">Ricken (l.) beim Training mit Klub-Boss Cramer, Sportdirektor Book und Trainer Kovac (r.)<\/p>\n<p>Foto: Bernd Thissen\/dpa<\/p>\n<p data-21134c99=\"0-3678\">\u2026 BVB-Transfer: \u201eIch kann eine gewisse Ungeduld verstehen. Wir als Verantwortliche m\u00fcssen manchmal aber die Geduld haben. Wir haben inklusive Karim Adeyemi auch vier Spieler (S\u00fcle, \u00d6zcan, Brandt, d. Red.) abgegeben \u2013 leider waren das alles nicht mehr die Unterschiedsspieler in der vergangenen Saison. Daf\u00fcr haben wir drei Spieler hinzubekommen. Mit Joane Gadou haben wir uns in der Innenverteidigung wirklich verst\u00e4rkt, mit Justin Lerma und Kaua Prates haben wir zwei junge Leute dazugewonnen. Auch Spieler wie Luca Reggiani und Samuele Inacio sind wie Neuzug\u00e4nge, weil sie schon so weit sind und sportlichen Input haben. Dazu werden die Spieler, die wir schon vergangenen Sommer verpflichtet haben, wie F\u00e1bio Silva, Carney Chukwuemeka und Jobe Bellingham immer besser \u2013 das ist auch die Erwartung. Den Kern der Mannschaft haben wir zusammengehalten, das ist extrem wichtig. Wir geben uns damit nicht zufrieden, wollen noch ein, zwei, drei richtig gute Transfers machen. Wir wollen aber die richtigen Transfers machen, nicht die, f\u00fcr die man nur mal kurz Applaus bekommt. Ich bin \u00fcberzeugt davon, dass uns das bis zum Ende der Transferperiode gelingen wird, einen Kader zu haben, der besser und st\u00e4rker ist als letzte Saison.\u201c<\/p>\n<p data-21134c99=\"0-3678\">\u2026 das kolportierte BVB-Interesse an Genk-Star <a href=\"https:\/\/www.bild.de\/sport\/fussball\/borussia-dortmund-genk-lehnt-erstes-bvb-angebot-fuer-konstantinos-karetsas-ab-6a554cd696f14360a4ddafb6\" class=\"text-link\" rel=\"nofollow noopener\" target=\"_blank\">Konstantinos Karetsas<\/a> (18): \u201eEin junger Spieler, der bei einem anderen Verein ist und auch einen langfristigen Vertrag hat. Es geh\u00f6rt sich so, dass wir uns nicht zu Spielern anderer Vereine \u00e4u\u00dfern.\u201c<\/p>\n<p>Mehr zum Thema<\/p>\n<p data-21134c99=\"0-3678\">\u2026 die R\u00fcckkehr von Abwehr-Star Nico Schlotterbeck (26\/B\u00e4nderriss): \u201eDas wird schon noch ein paar Wochen dauern, das muss man ehrlicherweise sagen. Er war einer der Ersten, der hier war, das zeigt schon seine Motivation, stark zur\u00fcckzukommen. Ob es vor oder nach der ersten L\u00e4nderspielpause ist, da werden wir schauen, wie der Heilungsverlauf ist.\u201c<\/p>\n<p data-21134c99=\"0-3678\">\u2026 die Saison-Ziele mit dem <a href=\"https:\/\/www.bild.de\/sport\/fussball\/borussia-dortmund\/startseite-bvb-31074434.bild.html\" class=\"text-link\" rel=\"nofollow noopener\" target=\"_blank\">BVB<\/a>: \u201eNat\u00fcrlich wollen wir jetzt auch den n\u00e4chsten Schritt machen (\u2026) ohne direkt die Meisterschaft auszurufen. Ich bin ein Freund von beweglichen Zielen. Wir haben heute das erste Training und es sind auch beileibe noch nicht alle da. Die Ziele werden wir mit der Mannschaft zusammen besprechen.\u201c<\/p>\n<p data-21134c99=\"0-3678\">\u2026 die DFB-Bem\u00fchungen um J\u00fcrgen Klopp (59) als Bundestrainer: \u201eDas w\u00e4re nat\u00fcrlich das Rundum-Probleml\u00f6ser-Qualit\u00e4ts-Paket! Er bringt Erfahrung, Autorit\u00e4t und Aufbruchsstimmung. Das w\u00fcrde uns nat\u00fcrlich enorm guttun. Das bekommen wir alles, aber was wir damit nicht bekommen, ist ein Sieg. Daf\u00fcr ist J\u00fcrgen Klopp im Zweifel f\u00fcr verantwortlich, aber auch wir als Verein, dass wir die Spieler bestm\u00f6glich zum Nationalteam schicken. Wir haben bald eine Europameisterschaft, wir sehen die europ\u00e4ischen Mannschaften jetzt auch bei der Weltmeisterschaft. Es wird nicht einfacher werden.\u201c<\/p>\n","protected":false},"excerpt":{"rendered":"TTS-Player \u00fcberspringen\u21b5Artikel weiterlesen Dortmund \u2013 Trainingsauftakt beim BVB! Am Dienstagvormittag standen die Profis von Trainer Niko Kovac (54)&hellip;\n","protected":false},"author":2,"featured_media":1166247,"comment_status":"","ping_status":"","sticky":false,"template":"","format":"standard","meta":{"footnotes":"","_share_on_mastodon":"0"},"categories":[1833],"tags":[888,3364,29,217,538,30,5133,7645,1209,12984,73392,819,9204,5132],"class_list":["post-1166246","post","type-post","status-publish","format-standard","has-post-thumbnail","category-dortmund","tag-borussia-dortmund","tag-de","tag-deutschland","tag-dortmund","tag-erste-bundesliga","tag-germany","tag-hueber-yannick","tag-klopp-juergen","tag-nordrhein-westfalen","tag-ricken-lars","tag-schroeer-michel","tag-sport-leuchtturm-essen","tag-watzke-hans-joachim","tag-weiler-joerg"],"share_on_mastodon":{"url":"","error":""},"_links":{"self":[{"href":"https:\/\/www.europesays.com\/de\/wp-json\/wp\/v2\/posts\/1166246","targetHints":{"allow":["GET"]}}],"collection":[{"href":"https:\/\/www.europesays.com\/de\/wp-json\/wp\/v2\/posts"}],"about":[{"href":"https:\/\/www.europesays.com\/de\/wp-json\/wp\/v2\/types\/post"}],"author":[{"embeddable":true,"href":"https:\/\/www.europesays.com\/de\/wp-json\/wp\/v2\/users\/2"}],"replies":[{"embeddable":true,"href":"https:\/\/www.europesays.com\/de\/wp-json\/wp\/v2\/comments?post=1166246"}],"version-history":[{"count":0,"href":"https:\/\/www.europesays.com\/de\/wp-json\/wp\/v2\/posts\/1166246\/revisions"}],"wp:featuredmedia":[{"embeddable":true,"href":"https:\/\/www.europesays.com\/de\/wp-json\/wp\/v2\/media\/1166247"}],"wp:attachment":[{"href":"https:\/\/www.europesays.com\/de\/wp-json\/wp\/v2\/media?parent=1166246"}],"wp:term":[{"taxonomy":"category","embeddable":true,"href":"https:\/\/www.europesays.com\/de\/wp-json\/wp\/v2\/categories?post=1166246"},{"taxonomy":"post_tag","embeddable":true,"href":"https:\/\/www.europesays.com\/de\/wp-json\/wp\/v2\/tags?post=1166246"}],"curies":[{"name":"wp","href":"https:\/\/api.w.org\/{rel}","templated":true}]}}